{"id":9993,"date":"2018-08-28T00:52:06","date_gmt":"2018-08-28T03:52:06","guid":{"rendered":"http:\/\/jornalismo.ufsj.edu.br\/van\/?p=9993"},"modified":"2018-08-28T00:52:06","modified_gmt":"2018-08-28T03:52:06","slug":"projeto-gestao-pos-morar-realiza-1o-encontro-de-folclore-e-cidadania-de-sjdr","status":"publish","type":"post","link":"http:\/\/jornalismo.ufsj.edu.br\/van\/projeto-gestao-pos-morar-realiza-1o-encontro-de-folclore-e-cidadania-de-sjdr\/","title":{"rendered":"Projeto Gest\u00e3o P\u00f3s Morar realiza 1\u00ba Encontro de Folclore e Cidadania de SJDR"},"content":{"rendered":"<h4 style=\"text-align: center;\"><i><span style=\"font-weight: 400;\">O primeiro evento p\u00fablico da Gest\u00e3o P\u00f3s Morar buscou exaltar a cultura nacional atrav\u00e9s do folclore.<\/span><\/i><\/h4>\n<p><span style=\"font-weight: 400;\">O Residencial Risoleta Neves II recebeu no \u00faltimo s\u00e1bado, 25, o 1\u00ba Encontro de Folclore e Cidadania, organizado pelo projeto Gest\u00e3o P\u00f3s Morar. O objetivo do evento foi aproximar a comunidade do folclore brasileiro como uma das principais formas de express\u00e3o cultural e art\u00edstica do pa\u00eds.<\/span><\/p>\n<p><span style=\"font-weight: 400;\">O Encontro aconteceu na \u00e1rea de conviv\u00eancia do condom\u00ednio e teve entrada gratuita. Para a divers\u00e3o dos moradores, contou com m\u00fasica ao vivo, barracas de comida t\u00edpica e apresenta\u00e7\u00f5es de dan\u00e7a. A festa tamb\u00e9m teve prop\u00f3sito de comemorar o Dia do Folclore, celebrado em 22 de Agosto.<\/span><\/p>\n<figure id=\"attachment_9994\" aria-describedby=\"caption-attachment-9994\" style=\"width: 1024px\" class=\"wp-caption aligncenter\"><a href=\"http:\/\/jornalismo.ufsj.edu.br\/van\/wp-content\/uploads\/2018\/08\/Atividades-recreativas-foram-oferecidas-para-crian\u00e7as-no-evento.jpg\"><img loading=\"lazy\" decoding=\"async\" class=\"size-large wp-image-9994\" src=\"http:\/\/jornalismo.ufsj.edu.br\/van\/wp-content\/uploads\/2018\/08\/Atividades-recreativas-foram-oferecidas-para-crian\u00e7as-no-evento-1024x794.jpg\" alt=\"\" width=\"1024\" height=\"794\" srcset=\"http:\/\/jornalismo.ufsj.edu.br\/van\/wp-content\/uploads\/2018\/08\/Atividades-recreativas-foram-oferecidas-para-crian\u00e7as-no-evento-1024x794.jpg 1024w, http:\/\/jornalismo.ufsj.edu.br\/van\/wp-content\/uploads\/2018\/08\/Atividades-recreativas-foram-oferecidas-para-crian\u00e7as-no-evento-300x233.jpg 300w, http:\/\/jornalismo.ufsj.edu.br\/van\/wp-content\/uploads\/2018\/08\/Atividades-recreativas-foram-oferecidas-para-crian\u00e7as-no-evento-768x595.jpg 768w\" sizes=\"auto, (max-width: 1024px) 100vw, 1024px\" \/><\/a><figcaption id=\"caption-attachment-9994\" class=\"wp-caption-text\">Atividades recreativas foram oferecidas para crian\u00e7as no evento<\/figcaption><\/figure>\n<p><span style=\"font-weight: 400;\">O gestor de comunica\u00e7\u00e3o social do projeto, Franklin F\u00e9lix afirma que o Encontro foi uma forma de inaugurar o P\u00f3s Morar, pois foi seu primeiro evento p\u00fablico. \u201c<\/span><span style=\"font-weight: 400;\">O evento conseguiu atingir o seu objetivo principal de quebrar o preconceito e o estigma social de inferioridade dos residentes do Residencial Risoleta Neves II\u201d, declara. <\/span><\/p>\n<p><span style=\"font-weight: 400;\">A ONG Nova Gera\u00e7\u00e3o Brasil, entidade importante na regi\u00e3o, tamb\u00e9m participou da celebra\u00e7\u00e3o, atrav\u00e9s da doa\u00e7\u00e3o de alimentos. \u201cFomos convidados pelo P\u00f3s Morar e colaboramos com comida feita pelas crian\u00e7as na aula de culin\u00e1ria e alimentos que tentamos vender no evento\u201d, conta Samuel Van de Raa, fundador da associa\u00e7\u00e3o.<\/span><\/p>\n<p><span style=\"font-weight: 400;\">Aline Gon\u00e7alves, secret\u00e1ria da Assist\u00eancia Social, diz que a participa\u00e7\u00e3o efetiva das fam\u00edlias da comunidade foi um retorno satisfat\u00f3rio para o projeto, cuja tem\u00e1tica de socializa\u00e7\u00e3o trar\u00e1 mais eventos do tipo para a regi\u00e3o. \u201cTodos da comunidade local receberam de bra\u00e7os abertos os visitantes em um momento de troca, alegria e entretenimento\u201d, complementa F\u00e9lix.<\/span><\/p>\n<figure id=\"attachment_9995\" aria-describedby=\"caption-attachment-9995\" style=\"width: 1024px\" class=\"wp-caption aligncenter\"><a href=\"http:\/\/jornalismo.ufsj.edu.br\/van\/wp-content\/uploads\/2018\/08\/Encontro-contou-com-m\u00fasica-ao-vivo-do-cantor-Sidney-.jpg\"><img loading=\"lazy\" decoding=\"async\" class=\"size-large wp-image-9995\" src=\"http:\/\/jornalismo.ufsj.edu.br\/van\/wp-content\/uploads\/2018\/08\/Encontro-contou-com-m\u00fasica-ao-vivo-do-cantor-Sidney--1024x768.jpg\" alt=\"\" width=\"1024\" height=\"768\" srcset=\"http:\/\/jornalismo.ufsj.edu.br\/van\/wp-content\/uploads\/2018\/08\/Encontro-contou-com-m\u00fasica-ao-vivo-do-cantor-Sidney--1024x768.jpg 1024w, http:\/\/jornalismo.ufsj.edu.br\/van\/wp-content\/uploads\/2018\/08\/Encontro-contou-com-m\u00fasica-ao-vivo-do-cantor-Sidney--300x225.jpg 300w, http:\/\/jornalismo.ufsj.edu.br\/van\/wp-content\/uploads\/2018\/08\/Encontro-contou-com-m\u00fasica-ao-vivo-do-cantor-Sidney--768x576.jpg 768w\" sizes=\"auto, (max-width: 1024px) 100vw, 1024px\" \/><\/a><figcaption id=\"caption-attachment-9995\" class=\"wp-caption-text\">Encontro contou com m\u00fasica ao vivo do cantor Sidney<\/figcaption><\/figure>\n<h3><b>O Projeto<\/b><\/h3>\n<p><span style=\"font-weight: 400;\">O projeto Gest\u00e3o P\u00f3s Morar consiste numa parceria entre a Prefeitura Municipal e a Caixa Econ\u00f4mica Federal, e busca trazer aux\u00edlio habitacional \u00e0 moradores dos Residenciais Risoleta Neves II e Parque da Cachoeira. \u00c9 complementar ao Programa Minha Casa, Minha Vida. De acordo com \u00a0Franklin, o objetivo do projeto \u00e9 <\/span><span style=\"font-weight: 400;\">\u201c<\/span><span style=\"font-weight: 400;\">promover a\u00e7\u00f5es de car\u00e1ter informativo e educativo, visando o exerc\u00edcio da participa\u00e7\u00e3o cidad\u00e3 e a melhoria da qualidade de vida das fam\u00edlias beneficiadas<\/span><span style=\"font-weight: 400;\">\u201d<\/span><span style=\"font-weight: 400;\">. <\/span><span style=\"font-weight: 400;\">Dessa forma, a popula\u00e7\u00e3o tem ressaltado o sentimento de pertencimento do lugar onde vivem. <\/span><\/p>\n<p><span style=\"font-weight: 400;\">A sede do projeto est\u00e1 localizada na Rua Joaquim Rocha, n\u00ba 31, no Residencial Dom Lucas Moreira . A Sede P\u00f3s Morar oferece atendimento externo das 7h \u00e0s 17h. O telefone para contato \u00e9 (32) 3373-3541.<\/span><\/p>\n<p><span style=\"font-weight: 400;\">Texto\/VAN: Isabela Souza Rold\u00e3o<br \/>\n<\/span><span style=\"font-weight: 400;\">Foto: Franklin F\u00e9lix e P\u00f3s Morar <\/span><\/p>\n<p>&nbsp;<\/p>\n","protected":false},"excerpt":{"rendered":"<p>O primeiro evento p\u00fablico da Gest\u00e3o P\u00f3s Morar buscou exaltar a cultura nacional atrav\u00e9s do folclore. O Residencial Risoleta Neves II recebeu no \u00faltimo s\u00e1bado, 25, o 1\u00ba Encontro de<\/p>\n","protected":false},"author":2,"featured_media":9995,"comment_status":"open","ping_status":"open","sticky":false,"template":"","format":"standard","meta":{"_monsterinsights_skip_tracking":false,"_monsterinsights_sitenote_active":false,"_monsterinsights_sitenote_note":"","_monsterinsights_sitenote_category":0,"_themeisle_gutenberg_block_has_review":false,"cybocfi_hide_featured_image":"","footnotes":""},"categories":[13,109],"tags":[],"class_list":["post-9993","post","type-post","status-publish","format-standard","has-post-thumbnail","hentry","category-cultura","category-sao-joao-del-rei-microrregiao-de-sao-joao-del-rei"],"_links":{"self":[{"href":"http:\/\/jornalismo.ufsj.edu.br\/van\/wp-json\/wp\/v2\/posts\/9993","targetHints":{"allow":["GET"]}}],"collection":[{"href":"http:\/\/jornalismo.ufsj.edu.br\/van\/wp-json\/wp\/v2\/posts"}],"about":[{"href":"http:\/\/jornalismo.ufsj.edu.br\/van\/wp-json\/wp\/v2\/types\/post"}],"author":[{"embeddable":true,"href":"http:\/\/jornalismo.ufsj.edu.br\/van\/wp-json\/wp\/v2\/users\/2"}],"replies":[{"embeddable":true,"href":"http:\/\/jornalismo.ufsj.edu.br\/van\/wp-json\/wp\/v2\/comments?post=9993"}],"version-history":[{"count":1,"href":"http:\/\/jornalismo.ufsj.edu.br\/van\/wp-json\/wp\/v2\/posts\/9993\/revisions"}],"predecessor-version":[{"id":9996,"href":"http:\/\/jornalismo.ufsj.edu.br\/van\/wp-json\/wp\/v2\/posts\/9993\/revisions\/9996"}],"wp:featuredmedia":[{"embeddable":true,"href":"http:\/\/jornalismo.ufsj.edu.br\/van\/wp-json\/wp\/v2\/media\/9995"}],"wp:attachment":[{"href":"http:\/\/jornalismo.ufsj.edu.br\/van\/wp-json\/wp\/v2\/media?parent=9993"}],"wp:term":[{"taxonomy":"category","embeddable":true,"href":"http:\/\/jornalismo.ufsj.edu.br\/van\/wp-json\/wp\/v2\/categories?post=9993"},{"taxonomy":"post_tag","embeddable":true,"href":"http:\/\/jornalismo.ufsj.edu.br\/van\/wp-json\/wp\/v2\/tags?post=9993"}],"curies":[{"name":"wp","href":"https:\/\/api.w.org\/{rel}","templated":true}]}}