{"id":9978,"date":"2018-08-25T08:57:08","date_gmt":"2018-08-25T11:57:08","guid":{"rendered":"http:\/\/jornalismo.ufsj.edu.br\/van\/?p=9978"},"modified":"2018-08-28T19:38:32","modified_gmt":"2018-08-28T22:38:32","slug":"sao-joao-del-rei-enfrenta-baixos-niveis-no-banco-de-leite","status":"publish","type":"post","link":"http:\/\/jornalismo.ufsj.edu.br\/van\/sao-joao-del-rei-enfrenta-baixos-niveis-no-banco-de-leite\/","title":{"rendered":"S\u00e3o Jo\u00e3o del-Rei enfrenta baixos n\u00edveis no Banco de Leite"},"content":{"rendered":"<h4 style=\"text-align: center;\"><i><span style=\"font-weight: 400;\">A Santa Casa da Miseric\u00f3rdia busca doadoras de leite materno<\/span><\/i><\/h4>\n<p><span style=\"font-weight: 400;\">Agosto Dourado \u00e9 o nome dado ao m\u00eas em que as campanhas de incentivo ao aleitamento materno e seus benef\u00edcios recebem destaque nacional. No entanto, a Santa Casa da Miseric\u00f3rdia de S\u00e3o Jo\u00e3o del-Rei <\/span><span style=\"font-weight: 400;\">apresenta <\/span><span style=\"font-weight: 400;\">um d\u00e9ficit no n\u00famero de m\u00e3es doadoras. Desse modo, o centro de coleta n\u00e3o consegue atender a todos os rec\u00e9m-nascidos da UTI neonatal pela falta de leite.<\/span><span style=\"font-weight: 400;\"><br \/>\n<\/span><\/p>\n<p><span style=\"font-weight: 400;\">De acordo com a enfermeira da \u00e1rea neonatal da Santa Casa, Maria Jacinta Pereira, o n\u00famero de doadoras \u00e9 cada vez menor devido \u00e0 falta de informa\u00e7\u00e3o. \u201cA m\u00e3e tem medo de faltar leite para o seu beb\u00ea. No entanto, quanto mais se \u00a0tira, mais se tem leite. A ordenha estimula a produ\u00e7\u00e3o\u201d, explica. <\/span><\/p>\n<p><span style=\"font-weight: 400;\">Ainda sobre o n\u00famero de m\u00e3es doadoras, a enfermeira afirma que isso varia de acordo com a divulga\u00e7\u00e3o. \u201cO nosso trabalho com a divulga\u00e7\u00e3o \u00e9 constante. Tem m\u00eas que temos duas m\u00e3es, oito, dez\u2026 depende da propaga\u00e7\u00e3o\u201d. Jacinta Pereira relata ainda que, em especial neste m\u00eas do agosto dourado, a Santa Casa realiza simp\u00f3sios, fornece panfletos e cartazes para promover a conscientiza\u00e7\u00e3o.\u201cTivemos o primeiro simp\u00f3sio nesta sexta-feira (24) com os alunos de medicina da UFSJ. Foi \u00f3timo saber que eles podem nos ajudar a conscientizar a popula\u00e7\u00e3o de que o leite materno \u00e9 importante e que n\u00e3o \u00e9 necess\u00e1rio ter muito leite para doar\u201d, enfatiza.<\/span><span style=\"font-weight: 400;\"><br \/>\n<\/span><\/p>\n<p><span style=\"font-weight: 400;\">Em Barbacena, h\u00e1 uma ag\u00eancia de leite materno dentro da Santa Casa de Miseric\u00f3rdia. Segundo a institui\u00e7\u00e3o, as doa\u00e7\u00f5es s\u00e3o feitas ap\u00f3s orienta\u00e7\u00f5es pr\u00e9vias \u00e0s doadoras pelos profissionais, para que possam fazer a ordenha do leite e congel\u00e1 lo em sua pr\u00f3pria casa. S\u00e3o oferecidos tamb\u00e9m os frascos para armazenamento do leite, luvas, toucas e o servi\u00e7o de recolhimento dos frascos de leite. \u201cTodo o leite arrecadado \u00e9 encaminhado para o Banco de Leite em Juiz de Fora, onde acontece a pasteuriza\u00e7\u00e3o\u201d, afirma a Santa Casa.<\/span><span style=\"font-weight: 400;\"><br \/>\n<\/span><\/p>\n<p><span style=\"font-weight: 400;\">Cerca de quarenta beb\u00eas nascem antes do tempo, colocando o Brasil entre os dez pa\u00edses com maior \u00edndice de partos prematuros no mundo. A prematuridade \u00e9 a principal causa de mortalidade de beb\u00eas com at\u00e9 sete dias de vida, mas beb\u00eas prematuros alimentados desde o seu nascimento com leite materno t\u00eam maiores chances de recupera\u00e7\u00e3o mais r\u00e1pida. <\/span><span style=\"font-weight: 400;\">A Organiza\u00e7\u00e3o Mundial da Sa\u00fade (OMS) refor\u00e7a a import\u00e2ncia do aleitamento exclusivo at\u00e9 os seis meses de idade, atitude que traz diversos benef\u00edcios para a m\u00e3e e para o beb\u00ea. \u201cAl\u00e9m do v\u00ednculo m\u00e3e e filho que a amamenta\u00e7\u00e3o proporciona, o leite materno tem tudo o que o beb\u00ea precisa em nutrientes, al\u00e9m dos anticorpos passados pelo leite que s\u00e3o super importantes nessa fase inicial e fr\u00e1gil da vida\u201d, afirma a m\u00e3e Mariana El-Corab, farmac\u00eautica. <\/span><\/p>\n<p>&nbsp;<\/p>\n<p><span style=\"font-weight: 400;\">O leite materno \u00e9 um alimento completo que protege os beb\u00eas de diversas doen\u00e7as como diarreias, infec\u00e7\u00f5es respirat\u00f3rias e alergias, al\u00e9m de diminuir o risco de hipertens\u00e3o, colesterol alto, diabetes e obesidade. Sendo assim, a doa\u00e7\u00e3o \u00e9 fundamental para aqueles casos em que as m\u00e3es s\u00e3o impossibilitadas de amamentar.<\/span> <span style=\"font-weight: 400;\">Para doar, a mam\u00e3e deve comparecer \u00e0 Santa Casa de Miseric\u00f3rdia e mostrar o cart\u00e3o pr\u00e9-natal, os \u00faltimos exames de sangue, documento com foto e comprovante de resid\u00eancia.<\/span> <span style=\"font-weight: 400;\">A coleta do leite pode ser feita dois dias ap\u00f3s o parto. Com a orienta\u00e7\u00e3o adequada as m\u00e3es podem retirar o leite at\u00e9 mesmo em casa, com um kit disponibilizado pela Santa Casa, que tamb\u00e9m tem quem busque o leite nas resid\u00eancias de uma forma mais adequada. O cadastro \u00e9 feito na Santa Casa da Miseric\u00f3rdia, Avenida Tiradentes, 289 \u2013 Centro. Para mais informa\u00e7\u00f5es, o contato \u00e9 (32) 3379-2000.<\/span><\/p>\n<p><a href=\"http:\/\/jornalismo.ufsj.edu.br\/van\/wp-content\/uploads\/2018\/08\/Foto_-divulga\u00e7\u00e3o-santa-casa.jpg\"><img loading=\"lazy\" decoding=\"async\" class=\"aligncenter size-full wp-image-9980\" src=\"http:\/\/jornalismo.ufsj.edu.br\/van\/wp-content\/uploads\/2018\/08\/Foto_-divulga\u00e7\u00e3o-santa-casa.jpg\" alt=\"\" width=\"678\" height=\"960\" srcset=\"http:\/\/jornalismo.ufsj.edu.br\/van\/wp-content\/uploads\/2018\/08\/Foto_-divulga\u00e7\u00e3o-santa-casa.jpg 678w, http:\/\/jornalismo.ufsj.edu.br\/van\/wp-content\/uploads\/2018\/08\/Foto_-divulga\u00e7\u00e3o-santa-casa-212x300.jpg 212w\" sizes=\"auto, (max-width: 678px) 100vw, 678px\" \/><\/a><\/p>\n<p><span style=\"font-weight: 400;\">Texto\/VAN: Isadora Jales e Lara Aquino<br \/>\nFoto\/VAN: Divulga\u00e7\u00e3o<\/span><\/p>\n","protected":false},"excerpt":{"rendered":"<p>A Santa Casa da Miseric\u00f3rdia busca doadoras de leite materno Agosto Dourado \u00e9 o nome dado ao m\u00eas em que as campanhas de incentivo ao aleitamento materno e seus benef\u00edcios<\/p>\n","protected":false},"author":2,"featured_media":9979,"comment_status":"open","ping_status":"open","sticky":false,"template":"","format":"standard","meta":{"_monsterinsights_skip_tracking":false,"_monsterinsights_sitenote_active":false,"_monsterinsights_sitenote_note":"","_monsterinsights_sitenote_category":0,"_themeisle_gutenberg_block_has_review":false,"cybocfi_hide_featured_image":"","footnotes":""},"categories":[109,21],"tags":[],"class_list":["post-9978","post","type-post","status-publish","format-standard","has-post-thumbnail","hentry","category-sao-joao-del-rei-microrregiao-de-sao-joao-del-rei","category-saude"],"_links":{"self":[{"href":"http:\/\/jornalismo.ufsj.edu.br\/van\/wp-json\/wp\/v2\/posts\/9978","targetHints":{"allow":["GET"]}}],"collection":[{"href":"http:\/\/jornalismo.ufsj.edu.br\/van\/wp-json\/wp\/v2\/posts"}],"about":[{"href":"http:\/\/jornalismo.ufsj.edu.br\/van\/wp-json\/wp\/v2\/types\/post"}],"author":[{"embeddable":true,"href":"http:\/\/jornalismo.ufsj.edu.br\/van\/wp-json\/wp\/v2\/users\/2"}],"replies":[{"embeddable":true,"href":"http:\/\/jornalismo.ufsj.edu.br\/van\/wp-json\/wp\/v2\/comments?post=9978"}],"version-history":[{"count":2,"href":"http:\/\/jornalismo.ufsj.edu.br\/van\/wp-json\/wp\/v2\/posts\/9978\/revisions"}],"predecessor-version":[{"id":9997,"href":"http:\/\/jornalismo.ufsj.edu.br\/van\/wp-json\/wp\/v2\/posts\/9978\/revisions\/9997"}],"wp:featuredmedia":[{"embeddable":true,"href":"http:\/\/jornalismo.ufsj.edu.br\/van\/wp-json\/wp\/v2\/media\/9979"}],"wp:attachment":[{"href":"http:\/\/jornalismo.ufsj.edu.br\/van\/wp-json\/wp\/v2\/media?parent=9978"}],"wp:term":[{"taxonomy":"category","embeddable":true,"href":"http:\/\/jornalismo.ufsj.edu.br\/van\/wp-json\/wp\/v2\/categories?post=9978"},{"taxonomy":"post_tag","embeddable":true,"href":"http:\/\/jornalismo.ufsj.edu.br\/van\/wp-json\/wp\/v2\/tags?post=9978"}],"curies":[{"name":"wp","href":"https:\/\/api.w.org\/{rel}","templated":true}]}}