{"id":9968,"date":"2018-08-21T23:43:00","date_gmt":"2018-08-22T02:43:00","guid":{"rendered":"http:\/\/jornalismo.ufsj.edu.br\/van\/?p=9968"},"modified":"2018-08-21T23:43:00","modified_gmt":"2018-08-22T02:43:00","slug":"festival-cultura-e-gastronomia-tiradentes-tem-inicio-na-proxima-sexta-feira-24","status":"publish","type":"post","link":"http:\/\/jornalismo.ufsj.edu.br\/van\/festival-cultura-e-gastronomia-tiradentes-tem-inicio-na-proxima-sexta-feira-24\/","title":{"rendered":"Festival Cultura e Gastronomia Tiradentes tem in\u00edcio na pr\u00f3xima sexta-feira (24)"},"content":{"rendered":"<h4 style=\"text-align: center;\"><i><span style=\"font-weight: 400;\">Cerca de 90 mil pessoas devem passar por Tiradentes durante o festival<\/span><\/i><\/h4>\n<p><span style=\"font-weight: 400;\">A 21\u00b0 edi\u00e7\u00e3o do Festival Cultura e Gastronomia Tiradentes, acontecer\u00e1 no per\u00edodo de 24 de agosto \u00e0 02 de setembro. O evento conta com uma diversidade de atra\u00e7\u00f5es gastron\u00f4micas, pratos principais, espa\u00e7o para degusta\u00e7\u00e3o, petiscos, sobremesas, atividades culturais e aulas te\u00f3ricas e interativas com chefes renomados. A grande novidade deste ano \u00e9 a Cozinha Ao Vivo, uma a\u00e7\u00e3o espont\u00e2nea, onde o chefe assume o microfone e come\u00e7a a ensinam o modo de preparo de alguns pratos.<\/span><\/p>\n<p><span style=\"font-weight: 400;\">O Festival acontece em tr\u00eas pra\u00e7as da cidade. A pra\u00e7a da rodovi\u00e1ria receber\u00e1 as atra\u00e7\u00f5es culturais, seis restaurantes convidados de Belo Horizonte e a Cozinha Ao Vivo. O Largo das Forras durante o festival \u00e9 chamado de Pra\u00e7a Senac de Conhecimento. O lugar ser\u00e1 espa\u00e7o de cursos direcionados por chefes de cozinha. A terceira, \u00e9 a Pra\u00e7a das Vertentes &#8211; um estacionamento na rua Luiz Gabriel que se transforma em pra\u00e7a &#8211; onde funcionar\u00e3o seis restaurantes de Tiradentes. O Centro Hist\u00f3rico ir\u00e1 receber cursos, degusta\u00e7\u00e3o de vinhos, a\u00e7\u00f5es culturais, fazendo com que o festival se espalhe por toda a cidade.<\/span><\/p>\n<p><span style=\"font-weight: 400;\">De acordo com o organizador do evento, Guilherme S\u00e2nzio, em rela\u00e7\u00e3o \u00e0s atra\u00e7\u00f5es culturais, \u00e9 prefer\u00edvel optar por atra\u00e7\u00f5es de m\u00e9dio porte, com foco no instrumental de muita qualidade. \u201cA gente n\u00e3o chama grandes atra\u00e7\u00f5es porque gera um tumulto muito grande na cidade\u201d, comentou S\u00e2nzio. O p\u00fablico esperado durante os dez dias do festival, gira em torno de 90 mil pessoas. Ainda segundo o organizador, espera-se um aumento de 10% do p\u00fablico da edi\u00e7\u00e3o anterior. \u201cPraticamente todas as pousadas est\u00e3o com as vagas esgotadas para o primeiro fim de semana. Acho que a expectativa vai se concretizar\u201d, destacou.<\/span><\/p>\n<p><span style=\"font-weight: 400;\">O evento gera um impacto bastante positivo para os estabelecimentos locais, como o de Juliana de Moraes Ferreira, dona do restaurante Gourmeco. \u201cO Festival Gastron\u00f4mico \u00e9 o evento mais importante da cidade para quem trabalha com gastronomia. \u00c9 uma chance de dar visibilidade para aquilo que \u00e9 feito aqui\u201d, enfatizou. Para Juliana, as pessoas que frequentam o restaurante durante o festival, est\u00e3o focadas na gastronomia, \u201cs\u00e3o mais interessados pela comida realmente, por suas hist\u00f3rias, pelos roteiros gastron\u00f4micos, pelas novidades na \u00e1rea, fazem reserva com bastante anteced\u00eancia\u201d, afirmou.<\/span><\/p>\n<p><span style=\"font-weight: 400;\">Texto\/VAN: Carla Marques e Samara Santos<br \/>\n<\/span><span style=\"font-weight: 400;\">Foto: Divulga\u00e7\u00e3o<\/span><\/p>\n","protected":false},"excerpt":{"rendered":"<p>Cerca de 90 mil pessoas devem passar por Tiradentes durante o festival A 21\u00b0 edi\u00e7\u00e3o do Festival Cultura e Gastronomia Tiradentes, acontecer\u00e1 no per\u00edodo de 24 de agosto \u00e0 02<\/p>\n","protected":false},"author":2,"featured_media":9969,"comment_status":"open","ping_status":"open","sticky":false,"template":"","format":"standard","meta":{"_monsterinsights_skip_tracking":false,"_monsterinsights_sitenote_active":false,"_monsterinsights_sitenote_note":"","_monsterinsights_sitenote_category":0,"_themeisle_gutenberg_block_has_review":false,"cybocfi_hide_featured_image":"","footnotes":""},"categories":[13,19],"tags":[],"class_list":["post-9968","post","type-post","status-publish","format-standard","has-post-thumbnail","hentry","category-cultura","category-tiradentes"],"_links":{"self":[{"href":"http:\/\/jornalismo.ufsj.edu.br\/van\/wp-json\/wp\/v2\/posts\/9968","targetHints":{"allow":["GET"]}}],"collection":[{"href":"http:\/\/jornalismo.ufsj.edu.br\/van\/wp-json\/wp\/v2\/posts"}],"about":[{"href":"http:\/\/jornalismo.ufsj.edu.br\/van\/wp-json\/wp\/v2\/types\/post"}],"author":[{"embeddable":true,"href":"http:\/\/jornalismo.ufsj.edu.br\/van\/wp-json\/wp\/v2\/users\/2"}],"replies":[{"embeddable":true,"href":"http:\/\/jornalismo.ufsj.edu.br\/van\/wp-json\/wp\/v2\/comments?post=9968"}],"version-history":[{"count":1,"href":"http:\/\/jornalismo.ufsj.edu.br\/van\/wp-json\/wp\/v2\/posts\/9968\/revisions"}],"predecessor-version":[{"id":9970,"href":"http:\/\/jornalismo.ufsj.edu.br\/van\/wp-json\/wp\/v2\/posts\/9968\/revisions\/9970"}],"wp:featuredmedia":[{"embeddable":true,"href":"http:\/\/jornalismo.ufsj.edu.br\/van\/wp-json\/wp\/v2\/media\/9969"}],"wp:attachment":[{"href":"http:\/\/jornalismo.ufsj.edu.br\/van\/wp-json\/wp\/v2\/media?parent=9968"}],"wp:term":[{"taxonomy":"category","embeddable":true,"href":"http:\/\/jornalismo.ufsj.edu.br\/van\/wp-json\/wp\/v2\/categories?post=9968"},{"taxonomy":"post_tag","embeddable":true,"href":"http:\/\/jornalismo.ufsj.edu.br\/van\/wp-json\/wp\/v2\/tags?post=9968"}],"curies":[{"name":"wp","href":"https:\/\/api.w.org\/{rel}","templated":true}]}}