{"id":9965,"date":"2018-08-19T14:04:18","date_gmt":"2018-08-19T17:04:18","guid":{"rendered":"http:\/\/jornalismo.ufsj.edu.br\/van\/?p=9965"},"modified":"2018-08-19T14:04:18","modified_gmt":"2018-08-19T17:04:18","slug":"santa-cruz-de-minas-cancela-o-festvita","status":"publish","type":"post","link":"http:\/\/jornalismo.ufsj.edu.br\/van\/santa-cruz-de-minas-cancela-o-festvita\/","title":{"rendered":"Santa Cruz de Minas cancela o \u201cFestVita\u201d"},"content":{"rendered":"<h4 style=\"text-align: center;\"><i><span style=\"font-weight: 400;\">Cancelamento se deve \u00e0 falta de repasses do governo do Estado ao munic\u00edpio<\/span><\/i><\/h4>\n<p><span style=\"font-weight: 400;\">A segunda edi\u00e7\u00e3o do Festival da Viola, Torresmo e Angu (FestVita) foi cancelada pela prefeitura de Santa Cruz de Minas devido \u00e0 falta de repasses de verbas do Governo do Estado ao munic\u00edpio. A prefeita, Sinara Campos, publicou na p\u00e1gina oficial do Facebook da administra\u00e7\u00e3o da cidade, um v\u00eddeo explicando sobre o cancelamento no \u00faltimo dia 06.<\/span><\/p>\n<p><span style=\"font-weight: 400;\">No v\u00eddeo, Campos alega que o festival precisaria de setenta mil reais para ser implementado. Entretanto, no momento, a prefeitura n\u00e3o \u00a0disp\u00f5e desse recurso: \u201cN\u00f3s chegamos ao montante de 1 milh\u00e3o de reais em recursos que n\u00e3o est\u00e3o vindo para n\u00f3s, cidad\u00e3os de Santa Cruz de Minas\u201d, disse a prefeita. Sinara Campos tamb\u00e9m informa em \u00a0v\u00eddeo que ir\u00e1 utilizar o dinheiro que seria investido no festival em projetos nas \u00e1reas da Sa\u00fade (com exames e cirurgias que o munic\u00edpio custeia) e da Educa\u00e7\u00e3o, que est\u00e1 em situa\u00e7\u00e3o alarmante, segundo ela. A prefeita espera que os recursos voltem a ser repassados normalmente e disse que, caso isso aconte\u00e7a, ainda h\u00e1 uma esperan\u00e7a de que o festival seja celebrado at\u00e9 o fim deste ano.<\/span><\/p>\n<p><span style=\"font-weight: 400;\">Para o violeiro Francisco Ant\u00f4nio Lobo Leite, conhecido como Chico Lobo, 55, que contribuiu para organiza\u00e7\u00e3o do festival e tamb\u00e9m se apresentou na primeira edi\u00e7\u00e3o, a import\u00e2ncia do evento \u00e9 imensa e n\u00e3o se restringe apenas ao entretenimento, mas tamb\u00e9m a identidade cultural da cidade, ao sentimento de identifica\u00e7\u00e3o dos moradores. \u201cIsso gera nas crian\u00e7as, jovens e adultos uma sensa\u00e7\u00e3o de pertencimento; gera tamb\u00e9m empregos e enriquece a cultura da cidade\u201d, diz Lobo. <\/span><\/p>\n<p><span style=\"font-weight: 400;\">Ele ressalta tamb\u00e9m que estaria levando \u00e0 cidade, durante o FestVita, o encontro de tr\u00eas dos mais atuantes e reconhecidos violeiros de Minas Gerais. \u201cSeria o Violas de Minas reunindo Chico Lobo, Pereira da Viola e Wilson Dias. Esse encontro aconteceu em Belo Horizonte, no dia 14 de junho na pra\u00e7a da Liberdade, em comemora\u00e7\u00e3o ao Registro da Viola como Patrim\u00f4nio Imaterial de Minas Gerais\u201d, explica. Apesar dos contratempos, Lobo declara apoiar a decis\u00e3o de cancelamento do festival. \u201cFoi uma decis\u00e3o clara, consciente e objetiva, apesar da perda para o cultura do munic\u00edpio, devido \u00e0 situa\u00e7\u00e3o financeira da cidade, pelo n\u00e3o repasse das verbas do estado; \u00e9 preciso elencar prioridades\u201d, concluiu.<\/span><\/p>\n<p><span style=\"font-weight: 400;\">Segundo Chico Lobo, a equipe de Belo Horizonte que estaria participando do evento compreendeu a situa\u00e7\u00e3o do munic\u00edpio e abriu m\u00e3o da poss\u00edvel multa pelo compromisso desfeito. Os artistas esperam que o FestVita possa ocorrer normalmente em breve.<\/span><\/p>\n<p><span style=\"font-weight: 400;\">A segunda edi\u00e7\u00e3o do evento que celebra a cultura e a tradi\u00e7\u00e3o da localidade, ocorreria entre os dias 24 e 25 de agosto.<\/span><\/p>\n<p><span style=\"font-weight: 400;\">Texto\/VAN: Emerson William e Kamila Amaral<br \/>\n<\/span><span style=\"font-weight: 400;\">Imagem\/VAN: Divulga\u00e7\u00e3o<\/span><\/p>\n","protected":false},"excerpt":{"rendered":"<p>Cancelamento se deve \u00e0 falta de repasses do governo do Estado ao munic\u00edpio A segunda edi\u00e7\u00e3o do Festival da Viola, Torresmo e Angu (FestVita) foi cancelada pela prefeitura de Santa<\/p>\n","protected":false},"author":2,"featured_media":9966,"comment_status":"open","ping_status":"open","sticky":false,"template":"","format":"standard","meta":{"_monsterinsights_skip_tracking":false,"_monsterinsights_sitenote_active":false,"_monsterinsights_sitenote_note":"","_monsterinsights_sitenote_category":0,"_themeisle_gutenberg_block_has_review":false,"cybocfi_hide_featured_image":"","footnotes":""},"categories":[13,12],"tags":[],"class_list":["post-9965","post","type-post","status-publish","format-standard","has-post-thumbnail","hentry","category-cultura","category-santa-cruz-de-minas"],"_links":{"self":[{"href":"http:\/\/jornalismo.ufsj.edu.br\/van\/wp-json\/wp\/v2\/posts\/9965","targetHints":{"allow":["GET"]}}],"collection":[{"href":"http:\/\/jornalismo.ufsj.edu.br\/van\/wp-json\/wp\/v2\/posts"}],"about":[{"href":"http:\/\/jornalismo.ufsj.edu.br\/van\/wp-json\/wp\/v2\/types\/post"}],"author":[{"embeddable":true,"href":"http:\/\/jornalismo.ufsj.edu.br\/van\/wp-json\/wp\/v2\/users\/2"}],"replies":[{"embeddable":true,"href":"http:\/\/jornalismo.ufsj.edu.br\/van\/wp-json\/wp\/v2\/comments?post=9965"}],"version-history":[{"count":1,"href":"http:\/\/jornalismo.ufsj.edu.br\/van\/wp-json\/wp\/v2\/posts\/9965\/revisions"}],"predecessor-version":[{"id":9967,"href":"http:\/\/jornalismo.ufsj.edu.br\/van\/wp-json\/wp\/v2\/posts\/9965\/revisions\/9967"}],"wp:featuredmedia":[{"embeddable":true,"href":"http:\/\/jornalismo.ufsj.edu.br\/van\/wp-json\/wp\/v2\/media\/9966"}],"wp:attachment":[{"href":"http:\/\/jornalismo.ufsj.edu.br\/van\/wp-json\/wp\/v2\/media?parent=9965"}],"wp:term":[{"taxonomy":"category","embeddable":true,"href":"http:\/\/jornalismo.ufsj.edu.br\/van\/wp-json\/wp\/v2\/categories?post=9965"},{"taxonomy":"post_tag","embeddable":true,"href":"http:\/\/jornalismo.ufsj.edu.br\/van\/wp-json\/wp\/v2\/tags?post=9965"}],"curies":[{"name":"wp","href":"https:\/\/api.w.org\/{rel}","templated":true}]}}