{"id":993,"date":"2015-05-18T01:03:18","date_gmt":"2015-05-18T01:03:18","guid":{"rendered":"http:\/\/jornalismo.ufsj.edu.br\/van\/?p=993"},"modified":"2015-05-22T14:46:54","modified_gmt":"2015-05-22T14:46:54","slug":"tiradentes-em-cena-emplaca-sua-terceira-edicao","status":"publish","type":"post","link":"http:\/\/jornalismo.ufsj.edu.br\/van\/tiradentes-em-cena-emplaca-sua-terceira-edicao\/","title":{"rendered":"\u201cTiradentes em Cena\u201d emplaca sua terceira edi\u00e7\u00e3o"},"content":{"rendered":"<p class=\"p1\">\u00a0<a href=\"http:\/\/jornalismo.ufsj.edu.br\/van\/wp-content\/uploads\/2015\/05\/DSC_0027.jpg\"><img loading=\"lazy\" decoding=\"async\" class=\"size-medium wp-image-995 aligncenter\" src=\"http:\/\/jornalismo.ufsj.edu.br\/van\/wp-content\/uploads\/2015\/05\/DSC_0027-300x200.jpg\" alt=\"DSC_0027\" width=\"300\" height=\"200\" srcset=\"http:\/\/jornalismo.ufsj.edu.br\/van\/wp-content\/uploads\/2015\/05\/DSC_0027-300x200.jpg 300w, http:\/\/jornalismo.ufsj.edu.br\/van\/wp-content\/uploads\/2015\/05\/DSC_0027-1024x685.jpg 1024w\" sizes=\"auto, (max-width: 300px) 100vw, 300px\" \/><\/a><\/p>\n<p class=\"p2\"><span class=\"s1\">A mostra de teatro \u201cTiradentes em Cena\u201d chega \u00e0 sua terceira edi\u00e7\u00e3o. Com in\u00edcio no dia 15, a mostra tem nove dias de dura\u00e7\u00e3o. Esse ano, a homenagem \u00e9 para os 50 anos de carreira de Pedro Paulo Cava, diretor, ator e produtor de teatro, al\u00e9m de ter a tem\u00e1tica principal voltada para o Teatro de Bonecos. \u201cEste ano n\u00f3s escolhemos o g\u00eanero do Teatro de Bonecos pelo seu formato de ocupa\u00e7\u00e3o. Ele consegue n\u00e3o ser, necessariamente, s\u00f3 dentro da caixa preta do teatro, explica a<span class=\"Apple-converted-space\">\u00a0 <\/span>coordenadora-geral do festival, Aline Garcia, sobre o tema em 2015. Ela ainda acredita que \u00e9 de grande import\u00e2ncia trazer o teatro de bonecos para a popula\u00e7\u00e3o j\u00e1 que o teatro em geral e o de bonecos, em particular, apresentam um trabalho todo artesanal.\u00a0<\/span><br \/>\n<!--more--><\/p>\n<p class=\"p2\"><span class=\"s1\">O festival traz variados tipos de apresenta\u00e7\u00f5es teatrais, palestras e oficinas. As duas principais atra\u00e7\u00f5es da exposi\u00e7\u00e3o de 2015 ficam por conta da Associa\u00e7\u00e3o de Teatro de Bonecos de Minas Gerais, juntamente com a Mostra de Teatro Lambe-Lambe (de Belo Horizonte), uma modalidade de teatro de bonecos apresentado para uma \u00fanica pessoa<span class=\"Apple-converted-space\">\u00a0 <\/span>realizado dentro de uma caixa semelhante \u00e0s antigas c\u00e2meras fotogr\u00e1ficas. <\/span><\/p>\n<p class=\"p2\"><span class=\"s1\">Nos palcos, a Mostra apresenta pe\u00e7as como \u201cO Pa\u00eds do Desejo do Cora\u00e7\u00e3o\u201d, dirigida por Matheus Nachtergaele, com o elenco do grupo de teatro de Tiradentes \u201cEntre&amp;Vista\u201d e tamb\u00e9m o espet\u00e1culo \u201cAt\u00e9 o fim\u201d, com a dire\u00e7\u00e3o de Adilson Siqueira, que promete provocar fortes emo\u00e7\u00f5es nos espectadores a partir<span class=\"Apple-converted-space\">\u00a0 <\/span>da \u00eanfase no tom po\u00e9tico. Vinda de S\u00e3o Paulo, a Cia. C\u00eanica Nau de \u00cdcaros, renova sua performance misturando dan\u00e7a, arte circense e falas de amor. S\u00e1bado, 26, a companhia s\u00e3o-paulina fecha o \u201cTiradentes em Cena\u201d de 2015. <\/span><\/p>\n<p class=\"p2\"><span class=\"s1\">Com trinta anos de carreira, o m\u00fasico Gilberto Mauro apresentou-se na tarde do s\u00e1bado, dia 16, em um Recital \u2013 \u201cO S\u00e1bado da Carne\u201d, com dire\u00e7\u00e3o de cena e pr\u00f3logo de Marcelo Dolabela \u2013 juntamente com a atriz Ana Gusm\u00e3o. Mauro conta que a poesia tem pouco espa\u00e7o em qualquer lugar e para que ela ganhe mais import\u00e2ncia, deve-se buscar, mais a fundo, a resposta na educa\u00e7\u00e3o. \u201c\u00c9 preciso alimentar isso nas escolas, \u00e9 um processo a longo prazo\u201d, comenta.<span class=\"Apple-converted-space\">\u00a0 <\/span>O m\u00fasico ainda revelou que somente Minas e o Rio Grande do Sul t\u00eam mais museus no interior do que as capitais e que \u201cTiradentes \u00e9 um museu a c\u00e9u aberto; \u00e9 um lugar que respira hist\u00f3ria e cultura. Aqui j\u00e1 \u00e9 um p\u00f3lo cultural e agora muito mais; onde tem cultura \u00e9 sempre bom\u201d. <\/span><\/p>\n<p class=\"p2\"><span class=\"s1\"><img loading=\"lazy\" decoding=\"async\" class=\"size-medium wp-image-994 aligncenter\" src=\"http:\/\/jornalismo.ufsj.edu.br\/van\/wp-content\/uploads\/2015\/05\/DSC_0004-300x200.jpg\" alt=\"DSC_0004\" width=\"300\" height=\"200\" srcset=\"http:\/\/jornalismo.ufsj.edu.br\/van\/wp-content\/uploads\/2015\/05\/DSC_0004-300x200.jpg 300w, http:\/\/jornalismo.ufsj.edu.br\/van\/wp-content\/uploads\/2015\/05\/DSC_0004-1024x685.jpg 1024w\" sizes=\"auto, (max-width: 300px) 100vw, 300px\" \/><\/span><\/p>\n<p class=\"p2\"><span class=\"s1\">Com uma proposta diferente da do ano passado, as apresenta\u00e7\u00f5es ser\u00e3o em pontos alternativos da cidade, al\u00e9m dos locais j\u00e1 tradicionais. Tudo isso, tamb\u00e9m, se deve \u00e0 crise econ\u00f4mica vivida pelo Brasil nos dias de hoje. \u201cN\u00f3s perdemos alguns editais, mas temos o apoio da Cemig que est\u00e1 com a gente desde a primeira edi\u00e7\u00e3o;<span class=\"Apple-converted-space\">\u00a0 <\/span>foi isso que fez a Mostra acontecer. O momento, economicamente, para qualquer \u00e1rea cultural, est\u00e1 dif\u00edcil\u201d, frisa Garcia. <\/span><\/p>\n<p class=\"p2\"><span class=\"s1\">Residente em Salvador\/BA, Luzia Pl\u00ednia da Silva visita pela primeira vez a Mostra de Tiradentes. \u201cVou querer aproveitar tudo. Sou f\u00e3 de carteirinha de tudo o que Tiradentes apresenta\u201d, declara.<\/span><\/p>\n<p class=\"p2\"><span class=\"s1\">Aline Garcia acredita que a expectativa de p\u00fablico para o evento deve ultrapassar a dos anos passados, que chegaram a 15 mil visitantes. As apresenta\u00e7\u00f5es seguem durante a semana, com entrada franca.<\/span><\/p>\n<p class=\"p2\"><span class=\"s1\">Texto: Leonardo Duque e Andreza de C\u00e1cia\/ VAN<\/span><\/p>\n<p class=\"p2\">Foto: Andreza de C\u00e1cia<\/p>\n","protected":false},"excerpt":{"rendered":"<p>\u00a0 A mostra de teatro \u201cTiradentes em Cena\u201d chega \u00e0 sua terceira edi\u00e7\u00e3o. Com in\u00edcio no dia 15, a mostra tem nove dias de dura\u00e7\u00e3o. Esse ano, a homenagem \u00e9<\/p>\n","protected":false},"author":2,"featured_media":994,"comment_status":"open","ping_status":"open","sticky":false,"template":"","format":"standard","meta":{"_monsterinsights_skip_tracking":false,"_monsterinsights_sitenote_active":false,"_monsterinsights_sitenote_note":"","_monsterinsights_sitenote_category":0,"_themeisle_gutenberg_block_has_review":false,"cybocfi_hide_featured_image":"","footnotes":""},"categories":[13,19],"tags":[],"class_list":["post-993","post","type-post","status-publish","format-standard","has-post-thumbnail","hentry","category-cultura","category-tiradentes"],"_links":{"self":[{"href":"http:\/\/jornalismo.ufsj.edu.br\/van\/wp-json\/wp\/v2\/posts\/993","targetHints":{"allow":["GET"]}}],"collection":[{"href":"http:\/\/jornalismo.ufsj.edu.br\/van\/wp-json\/wp\/v2\/posts"}],"about":[{"href":"http:\/\/jornalismo.ufsj.edu.br\/van\/wp-json\/wp\/v2\/types\/post"}],"author":[{"embeddable":true,"href":"http:\/\/jornalismo.ufsj.edu.br\/van\/wp-json\/wp\/v2\/users\/2"}],"replies":[{"embeddable":true,"href":"http:\/\/jornalismo.ufsj.edu.br\/van\/wp-json\/wp\/v2\/comments?post=993"}],"version-history":[{"count":5,"href":"http:\/\/jornalismo.ufsj.edu.br\/van\/wp-json\/wp\/v2\/posts\/993\/revisions"}],"predecessor-version":[{"id":1033,"href":"http:\/\/jornalismo.ufsj.edu.br\/van\/wp-json\/wp\/v2\/posts\/993\/revisions\/1033"}],"wp:featuredmedia":[{"embeddable":true,"href":"http:\/\/jornalismo.ufsj.edu.br\/van\/wp-json\/wp\/v2\/media\/994"}],"wp:attachment":[{"href":"http:\/\/jornalismo.ufsj.edu.br\/van\/wp-json\/wp\/v2\/media?parent=993"}],"wp:term":[{"taxonomy":"category","embeddable":true,"href":"http:\/\/jornalismo.ufsj.edu.br\/van\/wp-json\/wp\/v2\/categories?post=993"},{"taxonomy":"post_tag","embeddable":true,"href":"http:\/\/jornalismo.ufsj.edu.br\/van\/wp-json\/wp\/v2\/tags?post=993"}],"curies":[{"name":"wp","href":"https:\/\/api.w.org\/{rel}","templated":true}]}}