{"id":9916,"date":"2018-08-09T20:18:37","date_gmt":"2018-08-09T23:18:37","guid":{"rendered":"http:\/\/jornalismo.ufsj.edu.br\/van\/?p=9916"},"modified":"2018-08-11T08:10:12","modified_gmt":"2018-08-11T11:10:12","slug":"preco-dos-combustiveis-tem-leve-queda-em-sao-joao-del-rei","status":"publish","type":"post","link":"http:\/\/jornalismo.ufsj.edu.br\/van\/preco-dos-combustiveis-tem-leve-queda-em-sao-joao-del-rei\/","title":{"rendered":"Pre\u00e7o dos combust\u00edveis t\u00eam leve queda em S\u00e3o Jo\u00e3o del-Rei"},"content":{"rendered":"<h4 style=\"text-align: center;\"><i><span style=\"font-weight: 400;\">Ap\u00f3s greve dos caminhoneiros, valor excessivo dos combust\u00edveis finalmente cai<\/span><\/i><\/h4>\n<p><span style=\"font-weight: 400;\">O pre\u00e7o dos combust\u00edveis apresentaram uma leve queda no m\u00eas de julho, na cidade de S\u00e3o Jo\u00e3o del-Rei. Segundo a Ag\u00eancia Nacional do Petr\u00f3leo, G\u00e1s Natural e Biocombust\u00edveis (Anp), o pre\u00e7o da gasolina teve uma queda m\u00e9dia de 1,85%. J\u00e1 o pre\u00e7o do \u00e1lcool etanol tamb\u00e9m apresentou uma queda, por\u00e9m menor, de 1,27%.<\/span><\/p>\n<p><span style=\"font-weight: 400;\"> O aumento dos pre\u00e7os nas bombas se deu ap\u00f3s o desabastecimento causado pelo protesto dos caminhoneiros no pa\u00eds, que durou aproximadamente 11 dias, em maio deste ano. Ap\u00f3s dois meses do t\u00e9rmino da mobiliza\u00e7\u00e3o, as conseq\u00fc\u00eancias ainda podem ser sentidas principalmente nos pre\u00e7os repassados ao consumidor final.<\/span><\/p>\n<p><span style=\"font-weight: 400;\">A pesquisa da Anp, realizada em 18 postos da cidade, apontou que no m\u00eas de julho a m\u00e9dia de pre\u00e7o do litro da gasolina ficou em aproximadamente R$4,79, enquanto em junho, ap\u00f3s a paralisa\u00e7\u00e3o estava sendo vendido a R$ 4,88 reais em m\u00e9dia. J\u00e1 o pre\u00e7o do etanol variou de R$ 3,16 em junho para R$3,12 em m\u00e9dia no m\u00eas de julho. A Anp tamb\u00e9m identificou uma grande varia\u00e7\u00e3o de pre\u00e7o nos postos da cidade, indo de R$ 4,67 ao valor m\u00e1ximo de R$4,87 para a gasolina. J\u00e1 o valor do etanol na cidade apresentou varia\u00e7\u00e3o entre o menor valor de R$2,98 e o maior valor R$3,19 o litro.<\/span><span style=\"font-weight: 400;\"><br \/>\n<\/span><\/p>\n<p><span style=\"font-weight: 400;\">Texto\/VAN: Ana Laura Queiroz e Rafael Nascimento<\/span><span style=\"font-weight: 400;\"><br \/>\n<\/span><\/p>\n","protected":false},"excerpt":{"rendered":"<p>Ap\u00f3s greve dos caminhoneiros, valor excessivo dos combust\u00edveis finalmente cai O pre\u00e7o dos combust\u00edveis apresentaram uma leve queda no m\u00eas de julho, na cidade de S\u00e3o Jo\u00e3o del-Rei. Segundo a<\/p>\n","protected":false},"author":2,"featured_media":0,"comment_status":"open","ping_status":"open","sticky":false,"template":"","format":"standard","meta":{"_monsterinsights_skip_tracking":false,"_monsterinsights_sitenote_active":false,"_monsterinsights_sitenote_note":"","_monsterinsights_sitenote_category":0,"_themeisle_gutenberg_block_has_review":false,"cybocfi_hide_featured_image":"","footnotes":""},"categories":[17,692,109],"tags":[],"class_list":["post-9916","post","type-post","status-publish","format-standard","hentry","category-cidade","category-rapidinhas","category-sao-joao-del-rei-microrregiao-de-sao-joao-del-rei"],"_links":{"self":[{"href":"http:\/\/jornalismo.ufsj.edu.br\/van\/wp-json\/wp\/v2\/posts\/9916","targetHints":{"allow":["GET"]}}],"collection":[{"href":"http:\/\/jornalismo.ufsj.edu.br\/van\/wp-json\/wp\/v2\/posts"}],"about":[{"href":"http:\/\/jornalismo.ufsj.edu.br\/van\/wp-json\/wp\/v2\/types\/post"}],"author":[{"embeddable":true,"href":"http:\/\/jornalismo.ufsj.edu.br\/van\/wp-json\/wp\/v2\/users\/2"}],"replies":[{"embeddable":true,"href":"http:\/\/jornalismo.ufsj.edu.br\/van\/wp-json\/wp\/v2\/comments?post=9916"}],"version-history":[{"count":1,"href":"http:\/\/jornalismo.ufsj.edu.br\/van\/wp-json\/wp\/v2\/posts\/9916\/revisions"}],"predecessor-version":[{"id":9917,"href":"http:\/\/jornalismo.ufsj.edu.br\/van\/wp-json\/wp\/v2\/posts\/9916\/revisions\/9917"}],"wp:attachment":[{"href":"http:\/\/jornalismo.ufsj.edu.br\/van\/wp-json\/wp\/v2\/media?parent=9916"}],"wp:term":[{"taxonomy":"category","embeddable":true,"href":"http:\/\/jornalismo.ufsj.edu.br\/van\/wp-json\/wp\/v2\/categories?post=9916"},{"taxonomy":"post_tag","embeddable":true,"href":"http:\/\/jornalismo.ufsj.edu.br\/van\/wp-json\/wp\/v2\/tags?post=9916"}],"curies":[{"name":"wp","href":"https:\/\/api.w.org\/{rel}","templated":true}]}}