{"id":9907,"date":"2018-08-09T13:20:16","date_gmt":"2018-08-09T16:20:16","guid":{"rendered":"http:\/\/jornalismo.ufsj.edu.br\/van\/?p=9907"},"modified":"2018-08-09T20:15:37","modified_gmt":"2018-08-09T23:15:37","slug":"apos-estreia-com-novo-uniforme-athletic-club-empata-em-pouso-alegre","status":"publish","type":"post","link":"http:\/\/jornalismo.ufsj.edu.br\/van\/apos-estreia-com-novo-uniforme-athletic-club-empata-em-pouso-alegre\/","title":{"rendered":"Ap\u00f3s estreia com novo uniforme, Athletic Club empata em Pouso Alegre"},"content":{"rendered":"<h4 style=\"text-align: center;\"><i><span style=\"font-weight: 400;\">O time alvinegro voltou \u00e0s disputas ap\u00f3s 49 anos de pausa<\/span><\/i><i><span style=\"font-weight: 400;\"><br \/>\n<\/span><\/i><\/h4>\n<p><span style=\"font-weight: 400;\">O Athletic Club de S\u00e3o Jo\u00e3o del-Rei apresentou seus novos uniformes em um grandioso evento no Sant\u00edssimo Resort (Tiradentes), no dia 2 de agosto, com a presen\u00e7a da atriz e modelo Viviane Ara\u00fajo. Al\u00e9m do lan\u00e7amento das novas vestimentas, a comemora\u00e7\u00e3o celebrou tamb\u00e9m a volta do time aos gramados, j\u00e1 que ele estava parado desde 1969, devido \u00e0 falta de investimentos. \u00a0<\/span><\/p>\n<figure id=\"attachment_9908\" aria-describedby=\"caption-attachment-9908\" style=\"width: 534px\" class=\"wp-caption aligncenter\"><a href=\"http:\/\/jornalismo.ufsj.edu.br\/van\/wp-content\/uploads\/2018\/08\/Viviane-Ara\u00fajo-desfilando-com-o-novo-uniforme2FFoto2FVAN_-Br\u00e1ulio-Nolasco.jpg\"><img loading=\"lazy\" decoding=\"async\" class=\"size-full wp-image-9908\" src=\"http:\/\/jornalismo.ufsj.edu.br\/van\/wp-content\/uploads\/2018\/08\/Viviane-Ara\u00fajo-desfilando-com-o-novo-uniforme2FFoto2FVAN_-Br\u00e1ulio-Nolasco.jpg\" alt=\"\" width=\"534\" height=\"800\" srcset=\"http:\/\/jornalismo.ufsj.edu.br\/van\/wp-content\/uploads\/2018\/08\/Viviane-Ara\u00fajo-desfilando-com-o-novo-uniforme2FFoto2FVAN_-Br\u00e1ulio-Nolasco.jpg 534w, http:\/\/jornalismo.ufsj.edu.br\/van\/wp-content\/uploads\/2018\/08\/Viviane-Ara\u00fajo-desfilando-com-o-novo-uniforme2FFoto2FVAN_-Br\u00e1ulio-Nolasco-200x300.jpg 200w\" sizes=\"auto, (max-width: 534px) 100vw, 534px\" \/><\/a><figcaption id=\"caption-attachment-9908\" class=\"wp-caption-text\">Viviane Ara\u00fajo desfilando com o novo uniforme (Foto\/VAN: Br\u00e1ulio Nolasco)<\/figcaption><\/figure>\n<p><span style=\"font-weight: 400;\">O time estreou neste s\u00e1bado (04) disputando a segunda divis\u00e3o mineira contra o Pouso Alegre, no Est\u00e1dio Municipal Irm\u00e3o Gino Maria Rossi (Manduz\u00e3o). O jogo, transmitido pela R\u00e1dio S\u00e3o Jo\u00e3o del Rei, terminou em empate de 1&#215;1, com o gol alvinegro do volante Pedro. Cl\u00e1udio Gon\u00e7alves, presidente do clube, comemora a volta do time ap\u00f3s quase meio s\u00e9culo de espera:<\/span><\/p>\n<p><span style=\"font-weight: 400;\">&#8211; \u201cSe voc\u00ea me perguntasse h\u00e1 cinco anos se eu achava que o Athletic voltaria ao profissional, eu provavelmente diria que n\u00e3o. \u00c9 a realiza\u00e7\u00e3o de um sonho para todos n\u00f3s.\u201d<\/span><span style=\"font-weight: 400;\"><br \/>\n<\/span><\/p>\n<p><span style=\"font-weight: 400;\">Agora, o esquadr\u00e3o de a\u00e7o disputar\u00e1 o pr\u00f3ximo jogo com o Patrocinense, \u00e0s 15h, no Est\u00e1dio Joaquim Portugal, em S\u00e3o Jo\u00e3o del-Rei. \u00a0O gerente do Athletic, F\u00e1bio Mineiro, fala sobre a expectativa para o pr\u00f3ximo jogo:<\/span><\/p>\n<p><span style=\"font-weight: 400;\">&#8211; \u201cO time vem trabalhando forte e creio que o C\u00edcero (t\u00e9cnico) est\u00e1 preparando os jogadores muito bem. Estamos com uma grande equipe e com excelentes jogadores; espero que estejamos na final no dia 28 de outubro.\u201d<\/span><span style=\"font-weight: 400;\"><br \/>\n<\/span><\/p>\n<p><span style=\"font-weight: 400;\">Iniciando a nova fase com muitos torcedores e patrocinadores apoiando o clube, o Athletic tem tudo para chegar \u00e0 final e vencer o campeonato. Ant\u00f4nio Taier, diretor superintendente da Unimed (a patrocinadora mais antiga do time), \u00a0celebra a volta do time profissional e deseja que o Athletic alcance v\u00e1rios t\u00edtulos:<\/span><\/p>\n<p><span style=\"font-weight: 400;\">&#8211; \u201cDesde crian\u00e7a eu frequento o clube, j\u00e1 joguei bola e inclusive j\u00e1 fui da diretoria. \u00c9 muito bom ver o nosso alvinegro crescer e a Unimed sempre o apoiou. Acreditamos no trabalho da mesa diretora do clube e esperamos a final do campeonato\u201d.<\/span><\/p>\n<p><span style=\"font-weight: 400;\">As novas camisas do esquadr\u00e3o de a\u00e7o 2018\/2019 j\u00e1 est\u00e3o dispon\u00edveis para venda na secretaria do est\u00e1dio e custam R$ 100,00. <\/span><\/p>\n<figure id=\"attachment_9910\" aria-describedby=\"caption-attachment-9910\" style=\"width: 800px\" class=\"wp-caption aligncenter\"><a href=\"http:\/\/jornalismo.ufsj.edu.br\/van\/wp-content\/uploads\/2018\/08\/Sele\u00e7\u00e3o-Athletic-Club-profissional-sub-17-e-sub-15-com-o-mascote-Esquadr\u00e3o-de-A\u00e7o-e-Viviane-Ara\u00fajo2FFoto2FVAN_-Br\u00e1ulio-Nolasco.jpg\"><img loading=\"lazy\" decoding=\"async\" class=\"size-full wp-image-9910\" src=\"http:\/\/jornalismo.ufsj.edu.br\/van\/wp-content\/uploads\/2018\/08\/Sele\u00e7\u00e3o-Athletic-Club-profissional-sub-17-e-sub-15-com-o-mascote-Esquadr\u00e3o-de-A\u00e7o-e-Viviane-Ara\u00fajo2FFoto2FVAN_-Br\u00e1ulio-Nolasco.jpg\" alt=\"\" width=\"800\" height=\"534\" srcset=\"http:\/\/jornalismo.ufsj.edu.br\/van\/wp-content\/uploads\/2018\/08\/Sele\u00e7\u00e3o-Athletic-Club-profissional-sub-17-e-sub-15-com-o-mascote-Esquadr\u00e3o-de-A\u00e7o-e-Viviane-Ara\u00fajo2FFoto2FVAN_-Br\u00e1ulio-Nolasco.jpg 800w, http:\/\/jornalismo.ufsj.edu.br\/van\/wp-content\/uploads\/2018\/08\/Sele\u00e7\u00e3o-Athletic-Club-profissional-sub-17-e-sub-15-com-o-mascote-Esquadr\u00e3o-de-A\u00e7o-e-Viviane-Ara\u00fajo2FFoto2FVAN_-Br\u00e1ulio-Nolasco-300x200.jpg 300w, http:\/\/jornalismo.ufsj.edu.br\/van\/wp-content\/uploads\/2018\/08\/Sele\u00e7\u00e3o-Athletic-Club-profissional-sub-17-e-sub-15-com-o-mascote-Esquadr\u00e3o-de-A\u00e7o-e-Viviane-Ara\u00fajo2FFoto2FVAN_-Br\u00e1ulio-Nolasco-768x513.jpg 768w\" sizes=\"auto, (max-width: 800px) 100vw, 800px\" \/><\/a><figcaption id=\"caption-attachment-9910\" class=\"wp-caption-text\">Sele\u00e7\u00e3o Athletic Club profissional sub 17 e sub 15 com o mascote Esquadr\u00e3o de A\u00e7o e Viviane Ara\u00fajo (Foto\/VAN: Viviane Ara\u00fajo)<\/figcaption><\/figure>\n<p><span style=\"font-weight: 400;\"><br \/>\n<\/span><span style=\"font-weight: 400;\">Texto\/VAN: Isadora Jales<\/span><span style=\"font-weight: 400;\"><br \/>\n<\/span><span style=\"font-weight: 400;\">Foto\/VAN: Br\u00e1ulio Nolasco<\/span><span style=\"font-weight: 400;\"><br \/>\n<\/span><\/p>\n","protected":false},"excerpt":{"rendered":"<p>O time alvinegro voltou \u00e0s disputas ap\u00f3s 49 anos de pausa O Athletic Club de S\u00e3o Jo\u00e3o del-Rei apresentou seus novos uniformes em um grandioso evento no Sant\u00edssimo Resort (Tiradentes),<\/p>\n","protected":false},"author":2,"featured_media":9910,"comment_status":"open","ping_status":"open","sticky":false,"template":"","format":"standard","meta":{"_monsterinsights_skip_tracking":false,"_monsterinsights_sitenote_active":false,"_monsterinsights_sitenote_note":"","_monsterinsights_sitenote_category":0,"_themeisle_gutenberg_block_has_review":false,"cybocfi_hide_featured_image":"","footnotes":""},"categories":[16,109],"tags":[],"class_list":["post-9907","post","type-post","status-publish","format-standard","has-post-thumbnail","hentry","category-esporte","category-sao-joao-del-rei-microrregiao-de-sao-joao-del-rei"],"_links":{"self":[{"href":"http:\/\/jornalismo.ufsj.edu.br\/van\/wp-json\/wp\/v2\/posts\/9907","targetHints":{"allow":["GET"]}}],"collection":[{"href":"http:\/\/jornalismo.ufsj.edu.br\/van\/wp-json\/wp\/v2\/posts"}],"about":[{"href":"http:\/\/jornalismo.ufsj.edu.br\/van\/wp-json\/wp\/v2\/types\/post"}],"author":[{"embeddable":true,"href":"http:\/\/jornalismo.ufsj.edu.br\/van\/wp-json\/wp\/v2\/users\/2"}],"replies":[{"embeddable":true,"href":"http:\/\/jornalismo.ufsj.edu.br\/van\/wp-json\/wp\/v2\/comments?post=9907"}],"version-history":[{"count":4,"href":"http:\/\/jornalismo.ufsj.edu.br\/van\/wp-json\/wp\/v2\/posts\/9907\/revisions"}],"predecessor-version":[{"id":9915,"href":"http:\/\/jornalismo.ufsj.edu.br\/van\/wp-json\/wp\/v2\/posts\/9907\/revisions\/9915"}],"wp:featuredmedia":[{"embeddable":true,"href":"http:\/\/jornalismo.ufsj.edu.br\/van\/wp-json\/wp\/v2\/media\/9910"}],"wp:attachment":[{"href":"http:\/\/jornalismo.ufsj.edu.br\/van\/wp-json\/wp\/v2\/media?parent=9907"}],"wp:term":[{"taxonomy":"category","embeddable":true,"href":"http:\/\/jornalismo.ufsj.edu.br\/van\/wp-json\/wp\/v2\/categories?post=9907"},{"taxonomy":"post_tag","embeddable":true,"href":"http:\/\/jornalismo.ufsj.edu.br\/van\/wp-json\/wp\/v2\/tags?post=9907"}],"curies":[{"name":"wp","href":"https:\/\/api.w.org\/{rel}","templated":true}]}}