{"id":9904,"date":"2018-08-08T21:03:26","date_gmt":"2018-08-09T00:03:26","guid":{"rendered":"http:\/\/jornalismo.ufsj.edu.br\/van\/?p=9904"},"modified":"2018-08-08T21:03:26","modified_gmt":"2018-08-09T00:03:26","slug":"novos-horizontes","status":"publish","type":"post","link":"http:\/\/jornalismo.ufsj.edu.br\/van\/novos-horizontes\/","title":{"rendered":"Novos horizontes"},"content":{"rendered":"<p><span style=\"font-weight: 400;\">Ela desceu mais uma vez na mesma rodovi\u00e1ria em que desembarcara h\u00e1 um semestre. J\u00e1 n\u00e3o tinha mais a sensa\u00e7\u00e3o da primeira chegada. Se sentia em casa: \u201cQue saudade desse lugar!\u201d. Seus cabelos, agora mais curtos, representam liberdade. Na perna uma tatuagem, ressignificando uma mulher e seus sonhos, como se ressignificasse a si mesma. Em um pulso est\u00e1 escrito a palavra determina\u00e7\u00e3o, e no outro, perseveran\u00e7a. <\/span><\/p>\n<p><span style=\"font-weight: 400;\">Aquele mundo universit\u00e1rio n\u00e3o mais a assusta como no in\u00edcio. Ela se transformou. Vislumbrou novos horizontes, descobriu que o conhecimento liberta. E ficou com sede. Queria mais. Apenas um semestre fora de casa a encheu de for\u00e7a de vontade, de mem\u00f3rias e hist\u00f3rias pra contar. Novas amizades, novos sonhos para perseguir. Percebeu que n\u00e3o h\u00e1 nada de mais em gostar de meninas ou de meninos\u2026 Ali\u00e1s, hoje entende que isso \u00e9 da conta dela. &#8230;E s\u00f3 dela. Pela primeira vez se sentiu respons\u00e1vel por si. Ela agora se sente mais madura: planeja a volta \u00e0s aulas no segundo semestre. Ainda relembra as palavras daquele professor pessimista, que no primeiro dia de aula a assustou: \u201cO mercado de trabalho \u00e9 cruel. \u00a0N\u00e3o sonhe tanto!\u201d . Afasta logo este pensamento recordando da professora sorridente que tanto gosta, que com um grande sorriso e olhos arregalados afirmava: \u201cTransformem seus sonhos em realidade!\u201d<\/span><\/p>\n<p><span style=\"font-weight: 400;\">Assim como sua professora, ela sorri sozinha ao pegar suas coisas no bagageiro do \u00f4nibus. Nas malas, comidinha de m\u00e3e e cachecol de v\u00f3 para suportar o frio. \u201cVai com Deus, minha querida! Boa sorte! Fique firme!\u201d. As palavras da velha e s\u00e1bia senhora ecoam em seus ouvidos. Quase se permite uma l\u00e1grima, logo trocada por um sorriso ainda maior. Hoje, se sente acolhida em seu novo lar. Est\u00e1 com pessoas que desejam o mesmo futuro, sonham o mesmo sonho. Sabe que as diferen\u00e7as existem, mas que devem ser respeitadas. Cada um \u00e9 dono de si .<\/span><\/p>\n<p><span style=\"font-weight: 400;\">Volta \u00e0s aulas! Volta ao mundo competitivo, por\u00e9m acolhedor. Dif\u00edcil, por\u00e9m gratificante. Do professor pessimista ficou o aprendizado: a vida \u00e9 dura mesmo. Mas da professora sorridente e de olhos arregalados, a mensagem de determina\u00e7\u00e3o e perseveran\u00e7a que hoje estampa em seus pulsos. Por mais dif\u00edcil que seja, entende que deve seguir em frente. Ela anota essas palavras, pensando em uma nova tatuagem. Algo lhe chama a aten\u00e7\u00e3o. A rodovi\u00e1ria parecia inundada de uma energia gostosa: nostalgia. Em um canto, um garoto se despedindo de seus pais. Filho \u00fanico. \u201cTem que estudar\u201d, diziam os pais. No outro, um casal jovem com um beb\u00ea. Os dois com mochilas nas costas. Do outro lado da rua, um carreto transportando a mudan\u00e7a de um poss\u00edvel calouro. Resolveu se adiantar e praticar ali mesmo o fotojornalismo. Congelou os momentos mais sinceros assim que apertou o bot\u00e3o \u201ccapturar\u201d. N\u00e3o capturou somente aqueles momentos. Capturou seu cora\u00e7\u00e3o. Percebeu que deveria se adiantar, a fotografia a fez vibrar. \u00a0Com uma mala na m\u00e3o e a mochila no ombro, colocou o p\u00e9 direito na cal\u00e7ada e seguiu para o pr\u00f3ximo aprendizado. <\/span><span style=\"font-weight: 400;\"><br \/>\n<\/span><span style=\"font-weight: 400;\"><br \/>\n<\/span><span style=\"font-weight: 400;\">Texto\/VAN: Rafael Nascimento e Isadora Jales<\/span><span style=\"font-weight: 400;\"><br \/>\n<\/span><\/p>\n","protected":false},"excerpt":{"rendered":"<p>Ela desceu mais uma vez na mesma rodovi\u00e1ria em que desembarcara h\u00e1 um semestre. J\u00e1 n\u00e3o tinha mais a sensa\u00e7\u00e3o da primeira chegada. Se sentia em casa: \u201cQue saudade desse<\/p>\n","protected":false},"author":2,"featured_media":9905,"comment_status":"open","ping_status":"open","sticky":false,"template":"","format":"standard","meta":{"_monsterinsights_skip_tracking":false,"_monsterinsights_sitenote_active":false,"_monsterinsights_sitenote_note":"","_monsterinsights_sitenote_category":0,"_themeisle_gutenberg_block_has_review":false,"cybocfi_hide_featured_image":"","footnotes":""},"categories":[10],"tags":[],"class_list":["post-9904","post","type-post","status-publish","format-standard","has-post-thumbnail","hentry","category-cronica"],"_links":{"self":[{"href":"http:\/\/jornalismo.ufsj.edu.br\/van\/wp-json\/wp\/v2\/posts\/9904","targetHints":{"allow":["GET"]}}],"collection":[{"href":"http:\/\/jornalismo.ufsj.edu.br\/van\/wp-json\/wp\/v2\/posts"}],"about":[{"href":"http:\/\/jornalismo.ufsj.edu.br\/van\/wp-json\/wp\/v2\/types\/post"}],"author":[{"embeddable":true,"href":"http:\/\/jornalismo.ufsj.edu.br\/van\/wp-json\/wp\/v2\/users\/2"}],"replies":[{"embeddable":true,"href":"http:\/\/jornalismo.ufsj.edu.br\/van\/wp-json\/wp\/v2\/comments?post=9904"}],"version-history":[{"count":1,"href":"http:\/\/jornalismo.ufsj.edu.br\/van\/wp-json\/wp\/v2\/posts\/9904\/revisions"}],"predecessor-version":[{"id":9906,"href":"http:\/\/jornalismo.ufsj.edu.br\/van\/wp-json\/wp\/v2\/posts\/9904\/revisions\/9906"}],"wp:featuredmedia":[{"embeddable":true,"href":"http:\/\/jornalismo.ufsj.edu.br\/van\/wp-json\/wp\/v2\/media\/9905"}],"wp:attachment":[{"href":"http:\/\/jornalismo.ufsj.edu.br\/van\/wp-json\/wp\/v2\/media?parent=9904"}],"wp:term":[{"taxonomy":"category","embeddable":true,"href":"http:\/\/jornalismo.ufsj.edu.br\/van\/wp-json\/wp\/v2\/categories?post=9904"},{"taxonomy":"post_tag","embeddable":true,"href":"http:\/\/jornalismo.ufsj.edu.br\/van\/wp-json\/wp\/v2\/tags?post=9904"}],"curies":[{"name":"wp","href":"https:\/\/api.w.org\/{rel}","templated":true}]}}