{"id":9898,"date":"2018-08-07T23:43:50","date_gmt":"2018-08-08T02:43:50","guid":{"rendered":"http:\/\/jornalismo.ufsj.edu.br\/van\/?p=9898"},"modified":"2018-08-07T23:43:50","modified_gmt":"2018-08-08T02:43:50","slug":"sineiros-sao-joanenses-marcam-presenca-em-congonhas-do-campo","status":"publish","type":"post","link":"http:\/\/jornalismo.ufsj.edu.br\/van\/sineiros-sao-joanenses-marcam-presenca-em-congonhas-do-campo\/","title":{"rendered":"Sineiros s\u00e3o-joanenses marcam presen\u00e7a em Congonhas do Campo"},"content":{"rendered":"<h4 style=\"text-align: center;\"><i><span style=\"font-weight: 400;\">O munic\u00edpio sediou o III Encontro de Sineiros de Minas Gerais<\/span><\/i><\/h4>\n<p><span style=\"font-weight: 400;\">De sexta-feira (03) \u00e0 domingo (05), Congonhas do Campo foi a cidade anfitri\u00e3 do III Encontro de Sineiros de Minas Gerais promovido pelo Instituto do Patrim\u00f4nio Hist\u00f3rico e Art\u00edstico Nacional (IPHAN). O evento contou com a participa\u00e7\u00e3o de cinco sineiros s\u00e3o-joanenses, al\u00e9m do secret\u00e1rio de cultura e turismo de S\u00e3o Jo\u00e3o del-Rei, \u00a0Marcus Frois. O objetivo do encontro, segundo o IPHAN, foi levantar as necessidades e demandas dos sineiros para dar continuidade a este of\u00edcio t\u00e3o tradicional. <\/span><\/p>\n<p><span style=\"font-weight: 400;\">Uma dupla de representantes de cada munic\u00edpio \u00e9 escolhida a cada ano pelo IPHAN para comparecer ao evento, que fornece tamb\u00e9m a hospedagem e a alimenta\u00e7\u00e3o dos sineiros. S\u00e3o nove munic\u00edpios participantes, escolhidos devido ao Toque dos Sinos registrados pelo \u00f3rg\u00e3o em 2009: S\u00e3o Jo\u00e3o del-Rei, Mariana, Ouro Preto, Diamantina, Tiradentes, Sabar\u00e1, Serro, Catas Altas e Congonhas do Campo.<\/span><\/p>\n<figure id=\"attachment_9900\" aria-describedby=\"caption-attachment-9900\" style=\"width: 1024px\" class=\"wp-caption aligncenter\"><a href=\"http:\/\/jornalismo.ufsj.edu.br\/van\/wp-content\/uploads\/2018\/08\/Os-quatro-sineiros-com-o-secret\u00e1rio-Marcus-Fr\u00f3is_-Foto_-Isadora-Jales_.jpg\"><img loading=\"lazy\" decoding=\"async\" class=\"size-large wp-image-9900\" src=\"http:\/\/jornalismo.ufsj.edu.br\/van\/wp-content\/uploads\/2018\/08\/Os-quatro-sineiros-com-o-secret\u00e1rio-Marcus-Fr\u00f3is_-Foto_-Isadora-Jales_-1024x1024.jpg\" alt=\"\" width=\"1024\" height=\"1024\" srcset=\"http:\/\/jornalismo.ufsj.edu.br\/van\/wp-content\/uploads\/2018\/08\/Os-quatro-sineiros-com-o-secret\u00e1rio-Marcus-Fr\u00f3is_-Foto_-Isadora-Jales_-1024x1024.jpg 1024w, http:\/\/jornalismo.ufsj.edu.br\/van\/wp-content\/uploads\/2018\/08\/Os-quatro-sineiros-com-o-secret\u00e1rio-Marcus-Fr\u00f3is_-Foto_-Isadora-Jales_-150x150.jpg 150w, http:\/\/jornalismo.ufsj.edu.br\/van\/wp-content\/uploads\/2018\/08\/Os-quatro-sineiros-com-o-secret\u00e1rio-Marcus-Fr\u00f3is_-Foto_-Isadora-Jales_-300x300.jpg 300w, http:\/\/jornalismo.ufsj.edu.br\/van\/wp-content\/uploads\/2018\/08\/Os-quatro-sineiros-com-o-secret\u00e1rio-Marcus-Fr\u00f3is_-Foto_-Isadora-Jales_-768x768.jpg 768w, http:\/\/jornalismo.ufsj.edu.br\/van\/wp-content\/uploads\/2018\/08\/Os-quatro-sineiros-com-o-secret\u00e1rio-Marcus-Fr\u00f3is_-Foto_-Isadora-Jales_-160x160.jpg 160w, http:\/\/jornalismo.ufsj.edu.br\/van\/wp-content\/uploads\/2018\/08\/Os-quatro-sineiros-com-o-secret\u00e1rio-Marcus-Fr\u00f3is_-Foto_-Isadora-Jales_-320x320.jpg 320w, http:\/\/jornalismo.ufsj.edu.br\/van\/wp-content\/uploads\/2018\/08\/Os-quatro-sineiros-com-o-secret\u00e1rio-Marcus-Fr\u00f3is_-Foto_-Isadora-Jales_-80x80.jpg 80w, http:\/\/jornalismo.ufsj.edu.br\/van\/wp-content\/uploads\/2018\/08\/Os-quatro-sineiros-com-o-secret\u00e1rio-Marcus-Fr\u00f3is_-Foto_-Isadora-Jales_.jpg 1280w\" sizes=\"auto, (max-width: 1024px) 100vw, 1024px\" \/><\/a><figcaption id=\"caption-attachment-9900\" class=\"wp-caption-text\">Os quatro sineiros com o secret\u00e1rio Marcus Fr\u00f3is (Foto\/VAN: Isadora Jales)<\/figcaption><\/figure>\n<p><span style=\"font-weight: 400;\">O encontro, realizado no Museu de Congonhas, apresentou resultados obtidos em rela\u00e7\u00e3o \u00e0s demandas anteriores e novas proposi\u00e7\u00f5es para a continuidade da Salvaguarda. Al\u00e9m disso, foi lan\u00e7ado um manual, o \u201cEntendendo os sinos\u201d, e o dossi\u00ea \u201cToque dos Sinos e o Of\u00edcio de Sineiros em Minas Gerais\u201d. Os sineiros tamb\u00e9m visitaram as torres das igrejas da cidade e puderam trocar experi\u00eancias entre si.<\/span><span style=\"font-weight: 400;\"><br \/>\n<\/span><\/p>\n<p><span style=\"font-weight: 400;\">Marcus Frois relata que o evento \u00e9 muito importante para a manuten\u00e7\u00e3o do patrim\u00f4nio imaterial e parabeniza o IPHAN pela iniciativa. \u201cRepresentando a cidade dos sinos, \u00e9 muito gratificante ver que um \u00f3rg\u00e3o de responsabilidade federal volta seus olhares para este patrim\u00f4nio. S\u00e3o Jo\u00e3o del-Rei marcou presen\u00e7a no encontro e marcar\u00e1 nos pr\u00f3ximos, deixando cada vez mais vivo o legado dos sinos e passando isso para outros munic\u00edpios\u201d. O secret\u00e1rio tamb\u00e9m realizou uma apresenta\u00e7\u00e3o neste domingo (05) \u00e0s 8h no Museu de Congonhas sobre a hist\u00f3ria dos sinos em S\u00e3o Jo\u00e3o e seus toques.<\/span><\/p>\n<p><span style=\"font-weight: 400;\">Samuel Viegas (21), s\u00e3o-joanense e sineiro desde crian\u00e7a, diz que participar do evento em Congonhas foi motivador para ele. \u201cMuitas vezes n\u00e3o temos reconhecimento e motiva\u00e7\u00e3o no nosso trabalho. Ser sineiro exige muita coragem e compromisso, \u00e9 um of\u00edcio perigoso. O encontro nos possibilitou mostrar um pouco da nossa cultura e trocar experi\u00eancias com outras pessoas, foi um prazer participar\u201d. Samuel foi acompanhado de outros quatro sineiros: Jo\u00e3o Guilherme Lino (33), Patrick Anderson (24), Emerson \u00a0Resende (40) e Jo\u00e3o Victor Neves (18). <\/span><\/p>\n<p><span style=\"font-weight: 400;\">O encerramento se deu pelo lan\u00e7amento do dossi\u00ea e pela entrega dos certificados aos sineiros. Todos receberam exemplares do dossi\u00ea, do manual e da cartilha, al\u00e9m de uma visita guiada ao Museu de Congonhas ap\u00f3s o t\u00e9rmino do evento. Wal\u00e9res Moreira de Paula, da superintend\u00eancia do IPHAN-MG, agradece a participa\u00e7\u00e3o de todos e comemora o sucesso do evento. \u201cEstamos felizes em receber os sineiros de Minas Gerais e em contribuir para a continuidade deste of\u00edcio. O pr\u00f3ximo encontro ser\u00e1 em Diamantina, provavelmente nesta mesma \u00e9poca\u201d.<\/span><span style=\"font-weight: 400;\"><br \/>\n<\/span><span style=\"font-weight: 400;\"><br \/>\n<\/span><span style=\"font-weight: 400;\">A solicita\u00e7\u00e3o para o IV Encontro de Sineiros de Minas Gerais em Diamantina foi feita pela secret\u00e1ria de cultura, que chamou a aten\u00e7\u00e3o para a comemora\u00e7\u00e3o dos vinte anos que a cidade \u00e9 Patrim\u00f4nio Cultural da Humanidade. \u00a0<\/span><\/p>\n<figure id=\"attachment_9901\" aria-describedby=\"caption-attachment-9901\" style=\"width: 1024px\" class=\"wp-caption aligncenter\"><a href=\"http:\/\/jornalismo.ufsj.edu.br\/van\/wp-content\/uploads\/2018\/08\/Participantes-do-III-Encontro-de-Sineiros-de-Minas-Gerais_-Foto_-Isadora-Jales_.jpg\"><img loading=\"lazy\" decoding=\"async\" class=\"size-large wp-image-9901\" src=\"http:\/\/jornalismo.ufsj.edu.br\/van\/wp-content\/uploads\/2018\/08\/Participantes-do-III-Encontro-de-Sineiros-de-Minas-Gerais_-Foto_-Isadora-Jales_-1024x1024.jpg\" alt=\"\" width=\"1024\" height=\"1024\" srcset=\"http:\/\/jornalismo.ufsj.edu.br\/van\/wp-content\/uploads\/2018\/08\/Participantes-do-III-Encontro-de-Sineiros-de-Minas-Gerais_-Foto_-Isadora-Jales_-1024x1024.jpg 1024w, http:\/\/jornalismo.ufsj.edu.br\/van\/wp-content\/uploads\/2018\/08\/Participantes-do-III-Encontro-de-Sineiros-de-Minas-Gerais_-Foto_-Isadora-Jales_-150x150.jpg 150w, http:\/\/jornalismo.ufsj.edu.br\/van\/wp-content\/uploads\/2018\/08\/Participantes-do-III-Encontro-de-Sineiros-de-Minas-Gerais_-Foto_-Isadora-Jales_-300x300.jpg 300w, http:\/\/jornalismo.ufsj.edu.br\/van\/wp-content\/uploads\/2018\/08\/Participantes-do-III-Encontro-de-Sineiros-de-Minas-Gerais_-Foto_-Isadora-Jales_-768x768.jpg 768w, http:\/\/jornalismo.ufsj.edu.br\/van\/wp-content\/uploads\/2018\/08\/Participantes-do-III-Encontro-de-Sineiros-de-Minas-Gerais_-Foto_-Isadora-Jales_-160x160.jpg 160w, http:\/\/jornalismo.ufsj.edu.br\/van\/wp-content\/uploads\/2018\/08\/Participantes-do-III-Encontro-de-Sineiros-de-Minas-Gerais_-Foto_-Isadora-Jales_-320x320.jpg 320w, http:\/\/jornalismo.ufsj.edu.br\/van\/wp-content\/uploads\/2018\/08\/Participantes-do-III-Encontro-de-Sineiros-de-Minas-Gerais_-Foto_-Isadora-Jales_-80x80.jpg 80w, http:\/\/jornalismo.ufsj.edu.br\/van\/wp-content\/uploads\/2018\/08\/Participantes-do-III-Encontro-de-Sineiros-de-Minas-Gerais_-Foto_-Isadora-Jales_.jpg 1280w\" sizes=\"auto, (max-width: 1024px) 100vw, 1024px\" \/><\/a><figcaption id=\"caption-attachment-9901\" class=\"wp-caption-text\">Participantes do III Encontro de Sineiros de Minas Gerais (Foto\/VAN: Isadora Jales)<\/figcaption><\/figure>\n<p><span style=\"font-weight: 400;\">Texto\/VAN: Isadora Jales<br \/>\n<\/span><span style=\"font-weight: 400;\">Foto\/VAN: Isadora Jales<\/span><\/p>\n","protected":false},"excerpt":{"rendered":"<p>O munic\u00edpio sediou o III Encontro de Sineiros de Minas Gerais De sexta-feira (03) \u00e0 domingo (05), Congonhas do Campo foi a cidade anfitri\u00e3 do III Encontro de Sineiros de<\/p>\n","protected":false},"author":2,"featured_media":9899,"comment_status":"open","ping_status":"open","sticky":false,"template":"","format":"standard","meta":{"_monsterinsights_skip_tracking":false,"_monsterinsights_sitenote_active":false,"_monsterinsights_sitenote_note":"","_monsterinsights_sitenote_category":0,"_themeisle_gutenberg_block_has_review":false,"cybocfi_hide_featured_image":"","footnotes":""},"categories":[13,109],"tags":[],"class_list":["post-9898","post","type-post","status-publish","format-standard","has-post-thumbnail","hentry","category-cultura","category-sao-joao-del-rei-microrregiao-de-sao-joao-del-rei"],"_links":{"self":[{"href":"http:\/\/jornalismo.ufsj.edu.br\/van\/wp-json\/wp\/v2\/posts\/9898","targetHints":{"allow":["GET"]}}],"collection":[{"href":"http:\/\/jornalismo.ufsj.edu.br\/van\/wp-json\/wp\/v2\/posts"}],"about":[{"href":"http:\/\/jornalismo.ufsj.edu.br\/van\/wp-json\/wp\/v2\/types\/post"}],"author":[{"embeddable":true,"href":"http:\/\/jornalismo.ufsj.edu.br\/van\/wp-json\/wp\/v2\/users\/2"}],"replies":[{"embeddable":true,"href":"http:\/\/jornalismo.ufsj.edu.br\/van\/wp-json\/wp\/v2\/comments?post=9898"}],"version-history":[{"count":2,"href":"http:\/\/jornalismo.ufsj.edu.br\/van\/wp-json\/wp\/v2\/posts\/9898\/revisions"}],"predecessor-version":[{"id":9903,"href":"http:\/\/jornalismo.ufsj.edu.br\/van\/wp-json\/wp\/v2\/posts\/9898\/revisions\/9903"}],"wp:featuredmedia":[{"embeddable":true,"href":"http:\/\/jornalismo.ufsj.edu.br\/van\/wp-json\/wp\/v2\/media\/9899"}],"wp:attachment":[{"href":"http:\/\/jornalismo.ufsj.edu.br\/van\/wp-json\/wp\/v2\/media?parent=9898"}],"wp:term":[{"taxonomy":"category","embeddable":true,"href":"http:\/\/jornalismo.ufsj.edu.br\/van\/wp-json\/wp\/v2\/categories?post=9898"},{"taxonomy":"post_tag","embeddable":true,"href":"http:\/\/jornalismo.ufsj.edu.br\/van\/wp-json\/wp\/v2\/tags?post=9898"}],"curies":[{"name":"wp","href":"https:\/\/api.w.org\/{rel}","templated":true}]}}