{"id":987,"date":"2015-05-19T00:33:18","date_gmt":"2015-05-19T00:33:18","guid":{"rendered":"http:\/\/jornalismo.ufsj.edu.br\/van\/?p=987"},"modified":"2015-05-21T14:42:00","modified_gmt":"2015-05-21T14:42:00","slug":"conheca-os-vencedores-da-copa-internacional-de-mountain-bike","status":"publish","type":"post","link":"http:\/\/jornalismo.ufsj.edu.br\/van\/conheca-os-vencedores-da-copa-internacional-de-mountain-bike\/","title":{"rendered":"Conhe\u00e7a os vencedores da Copa Internacional de Mountain Bike"},"content":{"rendered":"<p class=\"p1\">\u00a0\u00a0<a href=\"http:\/\/jornalismo.ufsj.edu.br\/van\/wp-content\/uploads\/2015\/05\/11327916_978697812175536_1007354077_o.jpg\"><img loading=\"lazy\" decoding=\"async\" class=\"size-medium wp-image-990 aligncenter\" src=\"http:\/\/jornalismo.ufsj.edu.br\/van\/wp-content\/uploads\/2015\/05\/11327916_978697812175536_1007354077_o-300x199.jpg\" alt=\"11327916_978697812175536_1007354077_o\" width=\"300\" height=\"199\" srcset=\"http:\/\/jornalismo.ufsj.edu.br\/van\/wp-content\/uploads\/2015\/05\/11327916_978697812175536_1007354077_o-300x199.jpg 300w, http:\/\/jornalismo.ufsj.edu.br\/van\/wp-content\/uploads\/2015\/05\/11327916_978697812175536_1007354077_o-1024x682.jpg 1024w, http:\/\/jornalismo.ufsj.edu.br\/van\/wp-content\/uploads\/2015\/05\/11327916_978697812175536_1007354077_o.jpg 2048w\" sizes=\"auto, (max-width: 300px) 100vw, 300px\" \/><\/a><\/p>\n<p class=\"p1\">\u201cA prova de S\u00e3o Jo\u00e3o del-Rei tinha um grande peso, a vit\u00f3ria me garantiu a camisa de l\u00edder do campeonato e me deixa ainda mais motivado para vestir essa camisa at\u00e9 o final do ano\u201d, comemorou o atleta Lucas S\u00edrio e Silva. O competidor foi o campe\u00e3o da categoria sub-17 (3 voltas), que aconteceu no \u00faltimo dia de competi\u00e7\u00f5es da Segunda Etapa da Copa Internacional de <i>Mountain Bike<\/i> 2015, em SJDR.<\/p>\n<p class=\"p2\"><span class=\"s1\">Pelo terceiro ano consecutivo, o <i>Campus<\/i> Tancredo Neves, da Universidade Federal de S\u00e3o Jo\u00e3o del-Rei (UFSJ) recebeu o evento que teve<span class=\"Apple-converted-space\">\u00a0 <\/span>participa\u00e7\u00e3o de oito pa\u00edses al\u00e9m do Brasil: Argentina, Chile, Col\u00f4mbia, Costa Rica, Equador, Estados Unidos, Su\u00ed\u00e7a e Venezuela. A competi\u00e7\u00e3o ser\u00e1 decisiva para a futura classifica\u00e7\u00e3o dos atletas aos Jogos Ol\u00edmpicos do Rio de Janeiro de 2016.<\/span><\/p>\n<p class=\"p2\"><span class=\"s1\">A cronometrista e estudante de educa\u00e7\u00e3o f\u00edsica da Universidade Federal de Juiz de Fora (UFJF), D\u00e9bora Faria Campos, de 21 anos, exaltou a estrutura do evento lembrando que antes, n\u00e3o era t\u00e3o comentado como hoje. \u201cA estrutura da copa \u00e9 \u00f3tima, cresceu muito; j\u00e1 foi uma competi\u00e7\u00e3o pequena e hoje est\u00e1 gigante, tem muita gente trabalhando por tr\u00e1s de tudo; acho que por isso \u00e9 t\u00e3o boa\u201d.<\/span><\/p>\n<p class=\"p2\"><span class=\"s1\"><img loading=\"lazy\" decoding=\"async\" class=\"size-medium wp-image-989 aligncenter\" src=\"http:\/\/jornalismo.ufsj.edu.br\/van\/wp-content\/uploads\/2015\/05\/11293556_978697815508869_510084372_o-300x199.jpg\" alt=\"11293556_978697815508869_510084372_o\" width=\"300\" height=\"199\" srcset=\"http:\/\/jornalismo.ufsj.edu.br\/van\/wp-content\/uploads\/2015\/05\/11293556_978697815508869_510084372_o-300x199.jpg 300w, http:\/\/jornalismo.ufsj.edu.br\/van\/wp-content\/uploads\/2015\/05\/11293556_978697815508869_510084372_o-1024x682.jpg 1024w, http:\/\/jornalismo.ufsj.edu.br\/van\/wp-content\/uploads\/2015\/05\/11293556_978697815508869_510084372_o.jpg 2048w\" sizes=\"auto, (max-width: 300px) 100vw, 300px\" \/><\/span><\/p>\n<p class=\"p2\"><span class=\"s1\">O atleta Lucas S\u00edrio tamb\u00e9m frisou a boa estrutura do evento e destacou a import\u00e2ncia de sua vit\u00f3ria; comentou tamb\u00e9m sobre sua prepara\u00e7\u00e3o. \u201cA copa internacional em si sempre tem uma boa estrutura e a copa em S\u00e3o Jo\u00e3o n\u00e3o podia ser diferente, sem contar o p\u00fablico que sempre comparece. A prepara\u00e7\u00e3o n\u00e3o \u00e9 somente para essa prova e sim para um calend\u00e1rio planejado o ano inteiro; algumas provas alvo, e S\u00e3o Jo\u00e3o \u00e9 uma delas. A prepara\u00e7\u00e3o \u00e9 muito complexa;<span class=\"Apple-converted-space\">\u00a0 <\/span>n\u00e3o se trata apenas de tirar de uma a cinco horas do dia para simplesmente pedalar; trata-se de dormir cedo, alimentar bem, descansar bastante para poder executar cada treino da melhor forma, sempre buscando evolu\u00e7\u00e3o\u201d.<\/span><\/p>\n<p class=\"p2\"><span class=\"s1\">No s\u00e1bado, os brasileiros que eram favoritos ao t\u00edtulo da super elite, Rubens Donizete e Raiza Goul\u00e3o, ambos da equipe AOO Specialized, tiveram a hegemonia quebrada por estrangeiros. O colombiano F\u00e1bio Casta\u00f1eda foi o campe\u00e3o masculino e, no feminino, a argentina Agustina Apaza terminou a etapa no lugar mais alto do p\u00f3dio.<\/span><\/p>\n<p class=\"p2\"><span class=\"s1\">A pr\u00f3xima etapa da competi\u00e7\u00e3o ser\u00e1 na cidade de Congonhas, em<span class=\"Apple-converted-space\">\u00a0 <\/span>Minas Gerais, nos dias 6, 7 e 8 de novembro.<\/span><\/p>\n<p class=\"p2\"><span class=\"s1\"><img loading=\"lazy\" decoding=\"async\" class=\"size-medium wp-image-988 aligncenter\" src=\"http:\/\/jornalismo.ufsj.edu.br\/van\/wp-content\/uploads\/2015\/05\/11265793_978697818842202_77105634_o-300x199.jpg\" alt=\"11265793_978697818842202_77105634_o\" width=\"300\" height=\"199\" srcset=\"http:\/\/jornalismo.ufsj.edu.br\/van\/wp-content\/uploads\/2015\/05\/11265793_978697818842202_77105634_o-300x199.jpg 300w, http:\/\/jornalismo.ufsj.edu.br\/van\/wp-content\/uploads\/2015\/05\/11265793_978697818842202_77105634_o-1024x682.jpg 1024w, http:\/\/jornalismo.ufsj.edu.br\/van\/wp-content\/uploads\/2015\/05\/11265793_978697818842202_77105634_o.jpg 2048w\" sizes=\"auto, (max-width: 300px) 100vw, 300px\" \/>Os resultados de todas as categorias j\u00e1 foram divulgados no site da CIMTB; confira abaixo:<\/span><\/p>\n<p class=\"p3\"><span class=\"s1\"><b>Super elite \u2013 masculino (6 voltas)<\/b><br \/>\n1.- F\u00e1bio Casta\u00f1eda Monsalve (Col\u00f4mbia) \u2013 1h26min45<br \/>\n2.- Rubens Donizete (AOO Specialized) \u2013 a 00min58<br \/>\n3.- Guilherme Muller (LM\/Shimano) \u2013 a 01min07<\/span><\/p>\n<p class=\"p3\"><span class=\"s1\"><b>Super elite \u2013 feminino (5 voltas)<\/b><br \/>\n<\/span><\/p>\n<p class=\"p4\"><span class=\"s1\"> 1.- Agustina Apaza (Argentina) \u2013 1h26min55<br \/>\n2.- Raiza Goul\u00e3o (AOO Specialized) \u2013 a 00min34<br \/>\n3.- Isabela Lacerda (LM\/Shimano) \u2013 a 01min45<br \/>\n<\/span><\/p>\n<p class=\"p4\"><span class=\"s1\"><b>Sub 23 \u2013 masculino (6 voltas)<\/b><br \/>\n1.- Guilherme Muller (LM\/Shimano) \u2013 1h27min53<br \/>\n2.- Luiz Cocuzzi (Lar\/Scott\/Shimano) \u2013 a 01min50<br \/>\n3.- Andrey Fonseca (Costa Rica) \u2013 a 03min04<br \/>\n<\/span><\/p>\n<p class=\"p4\"><span class=\"s1\"><b>Sub 23 \u2013 feminino (5 voltas)\u00a0<\/b><br \/>\n1.- Xiomara Cuervo (Col\u00f4mbia) \u2013 1h32min22<br \/>\n2.- Fernanda Castro (Chile) \u2013 a 03min07<br \/>\n3.- Michela Arizada (Equador) \u2013 a 03min39<br \/>\n<\/span><\/p>\n<p class=\"p4\"><span class=\"s1\"><b>Junior masculino (4 voltas)<\/b><br \/>\n1.- Egan Bernal G\u00f3mez (Col\u00f4mbia\/Specialized) \u2013 1h01min17<br \/>\n2.- Wilson Pena Molano (Col\u00f4mbia\/Specialized) \u2013 a 00min26<br \/>\n3.- Gonzalo Lokman (Argentina) \u2013 a 01min10<\/span><\/p>\n<p>&nbsp;<\/p>\n<p class=\"p4\"><span class=\"s1\"><b>Sub 15 (2 voltas)<\/b><\/span><\/p>\n<p class=\"p4\"><span class=\"s1\">1.- Danilo A. Carvalho Filho \u2013 37min56<\/span><\/p>\n<p class=\"p4\"><span class=\"s1\">2.- Vinicius Braz Pereira \u2013 a 01min17<\/span><\/p>\n<p class=\"p4\"><span class=\"s1\">3.- Thiago Chefer Koch da Cunha \u2013 a 01min25<\/span><\/p>\n<p class=\"p4\"><span class=\"s1\"><b>Sub 17 (3 voltas)<\/b><\/span><\/p>\n<p class=\"p4\"><span class=\"s1\">1.- Lucas S\u00edrio e Silva (AOO Specialized ) \u2013 49min37<\/span><\/p>\n<p class=\"p4\"><span class=\"s1\">2.- Martin Vidaurre (Chile) \u2013 a 00min26<\/span><\/p>\n<p class=\"p4\"><span class=\"s1\">3.- Pedro Lage e Silva \u2013 00min42<\/span><\/p>\n<p class=\"p4\"><span class=\"s1\"><b>Sub 30 (4 voltas)<\/b><\/span><\/p>\n<p class=\"p4\"><span class=\"s1\">1.- Nathanael Mendes Fonseca \u2013 1h03min57<\/span><\/p>\n<p class=\"p4\"><span class=\"s1\">2.- Jo\u00e3o Paulo da Silva \u2013 a 00min07<\/span><\/p>\n<p class=\"p4\"><span class=\"s1\">3.- Jos\u00e9 Andr\u00e9 de Sousa \u2013 a 00min52<\/span><\/p>\n<p class=\"p4\"><span class=\"s1\"><b>Sub 35 (4 voltas)<\/b><\/span><\/p>\n<p class=\"p4\"><span class=\"s1\">1.- Marcus Willian Rufino Faria \u2013 1h04min22<\/span><\/p>\n<p class=\"p4\"><span class=\"s1\">2.- Gustavo Ricardo Santos \u2013 a 00min13<\/span><\/p>\n<p class=\"p4\"><span class=\"s1\">3.- Lucas Nogueira Mendes \u2013 a 00min16<\/span><\/p>\n<p class=\"p4\"><b>Sub 40 (4 voltas)<\/b><\/p>\n<p class=\"p4\"><span class=\"s1\">1.- Marcelo Sebasti\u00e3o Manoel \u2013 1h03min48 <\/span><\/p>\n<p class=\"p4\"><span class=\"s1\">2.- Albert Guinter Erich Morgen J\u00fanior \u2013 a 00min44<\/span><\/p>\n<p class=\"p4\"><span class=\"s1\">3.- Flavio de Oliveira \u2013 a 00min45<\/span><\/p>\n<p class=\"p4\"><span class=\"s1\"><b>Sub 45 (4 voltas)<\/b><\/span><\/p>\n<p class=\"p4\"><span class=\"s1\">1.- Silvio Otavio Neves Amorim \u2013 1h03min09<\/span><\/p>\n<p class=\"p4\"><span class=\"s1\">2.- Cristobal Vidaurre \u2013 a 02min52<\/span><\/p>\n<p class=\"p4\"><span class=\"s1\">3.- Robson Aloisio Alfredo Silva \u2013 a 03min39<\/span><\/p>\n<p class=\"p4\"><span class=\"s1\"><b>Sub 50 (3 voltas)<\/b><\/span><\/p>\n<p class=\"p4\"><span class=\"s1\">1.- Claudio Roberto Alves de Souza \u2013 50min56<\/span><\/p>\n<p class=\"p4\"><span class=\"s1\">2.- Redelvino Rodrigues de Brito \u2013 a 01min28<\/span><\/p>\n<p class=\"p4\"><span class=\"s1\">3.- Luis Lotti Neto \u2013 a 01min55<\/span><\/p>\n<p class=\"p4\"><span class=\"s1\">4.- Fabio Luis Dias \u2013 a 02min33<\/span><\/p>\n<p class=\"p4\"><span class=\"s1\">5.- Rogerio Rego Vaz de Melo \u2013 a 03min05<\/span><\/p>\n<p class=\"p4\"><span class=\"s1\">6.- Fabio Carvalho Leopoldo \u2013 a 03min41<\/span><\/p>\n<p class=\"p4\"><span class=\"s1\">7.- Ezequiel Barbosa \u2013 a 03min46<\/span><\/p>\n<p class=\"p4\"><span class=\"s1\">8.- Edgar do Pilar Pereira \u2013 a 04min58<\/span><\/p>\n<p class=\"p4\"><span class=\"s1\">9.- Celso Figueira de Mello \u2013 a 05min48<\/span><\/p>\n<p class=\"p4\"><span class=\"s1\">10.- Roney Antunes Vieira \u2013 06min43<\/span><\/p>\n<p class=\"p4\"><span class=\"s1\"><b>Sub 55 (3 voltas)<\/b><\/span><\/p>\n<p class=\"p4\"><span class=\"s1\">1.- Eduardo Ramires \u2013 52min23<\/span><\/p>\n<p class=\"p4\"><span class=\"s1\">2.- Ricardo Gomes Leite \u2013 a 02min18<\/span><\/p>\n<p class=\"p4\"><span class=\"s1\">3.- Claudio Dutra da Mata \u2013 a 03min46<\/span><\/p>\n<p class=\"p4\"><span class=\"s1\"><b>Sub 60 (2 voltas)<\/b><\/span><\/p>\n<p class=\"p4\"><span class=\"s1\">1.- Dilermando F\u00e1tima Melo \u2013 37min38 <\/span><\/p>\n<p class=\"p4\"><span class=\"s1\">2.- Hermes Santana \u2013 a 00min28<\/span><\/p>\n<p class=\"p4\"><span class=\"s1\">3.- Sergio Eduardo de Albernaz \u2013 a 01min00 <\/span><\/p>\n<p class=\"p4\"><span class=\"s1\"><b>Over 60 ( 2 voltas)<\/b><\/span><\/p>\n<p class=\"p4\"><span class=\"s1\">1.- Jusmar Correa da Silva \u2013 44min47<\/span><\/p>\n<p class=\"p4\"><span class=\"s1\">2.- Helio Vilela de Carvalho \u2013 a 01min01<\/span><\/p>\n<p class=\"p4\"><span class=\"s1\">3.- Niedson Pastor de Albuquerque \u2013 a 02min43<\/span><\/p>\n<p class=\"p4\"><span class=\"s1\"><b>Grupo PND (1 volta)<\/b><\/span><\/p>\n<p class=\"p4\"><span class=\"s1\">1.- Jose Antonio Perteira de Ara\u00fajo \u2013 25min38<\/span><\/p>\n<p class=\"p4\"><span class=\"s1\">2.- Walmir Fonseca Terra \u2013 a 07min31<\/span><\/p>\n<p class=\"p4\"><span class=\"s1\"><b>Vencedores da Copa LM Bike de Amadores<\/b><br \/>\nSub 30 \u2013 Nathanael Fonseca<br \/>\nSub 35 \u2013 Marcos Faria<br \/>\nSub 40 \u2013 Marcelo Sebasti\u00e3o<br \/>\nSub 45 \u2013 Silvio Amorim<br \/>\nSub 50 \u2013 Cl\u00e1udio de Souza<br \/>\nSub 55 \u2013 Edu Ramires<\/span><\/p>\n<p class=\"p7\"><strong><span class=\"s1\">Texto: Ana Luiza Fonseca\/ VAN<\/span><\/strong><\/p>\n<p class=\"p7\"><strong>Foto: Jederson Lucas<\/strong><\/p>\n","protected":false},"excerpt":{"rendered":"<p>\u00a0\u00a0 \u201cA prova de S\u00e3o Jo\u00e3o del-Rei tinha um grande peso, a vit\u00f3ria me garantiu a camisa de l\u00edder do campeonato e me deixa ainda mais motivado para vestir essa<\/p>\n","protected":false},"author":2,"featured_media":988,"comment_status":"open","ping_status":"open","sticky":false,"template":"","format":"standard","meta":{"_monsterinsights_skip_tracking":false,"_monsterinsights_sitenote_active":false,"_monsterinsights_sitenote_note":"","_monsterinsights_sitenote_category":0,"_themeisle_gutenberg_block_has_review":false,"cybocfi_hide_featured_image":"","footnotes":""},"categories":[16,109],"tags":[],"class_list":["post-987","post","type-post","status-publish","format-standard","has-post-thumbnail","hentry","category-esporte","category-sao-joao-del-rei-microrregiao-de-sao-joao-del-rei"],"_links":{"self":[{"href":"http:\/\/jornalismo.ufsj.edu.br\/van\/wp-json\/wp\/v2\/posts\/987","targetHints":{"allow":["GET"]}}],"collection":[{"href":"http:\/\/jornalismo.ufsj.edu.br\/van\/wp-json\/wp\/v2\/posts"}],"about":[{"href":"http:\/\/jornalismo.ufsj.edu.br\/van\/wp-json\/wp\/v2\/types\/post"}],"author":[{"embeddable":true,"href":"http:\/\/jornalismo.ufsj.edu.br\/van\/wp-json\/wp\/v2\/users\/2"}],"replies":[{"embeddable":true,"href":"http:\/\/jornalismo.ufsj.edu.br\/van\/wp-json\/wp\/v2\/comments?post=987"}],"version-history":[{"count":2,"href":"http:\/\/jornalismo.ufsj.edu.br\/van\/wp-json\/wp\/v2\/posts\/987\/revisions"}],"predecessor-version":[{"id":992,"href":"http:\/\/jornalismo.ufsj.edu.br\/van\/wp-json\/wp\/v2\/posts\/987\/revisions\/992"}],"wp:featuredmedia":[{"embeddable":true,"href":"http:\/\/jornalismo.ufsj.edu.br\/van\/wp-json\/wp\/v2\/media\/988"}],"wp:attachment":[{"href":"http:\/\/jornalismo.ufsj.edu.br\/van\/wp-json\/wp\/v2\/media?parent=987"}],"wp:term":[{"taxonomy":"category","embeddable":true,"href":"http:\/\/jornalismo.ufsj.edu.br\/van\/wp-json\/wp\/v2\/categories?post=987"},{"taxonomy":"post_tag","embeddable":true,"href":"http:\/\/jornalismo.ufsj.edu.br\/van\/wp-json\/wp\/v2\/tags?post=987"}],"curies":[{"name":"wp","href":"https:\/\/api.w.org\/{rel}","templated":true}]}}