{"id":9862,"date":"2018-07-26T20:12:34","date_gmt":"2018-07-26T23:12:34","guid":{"rendered":"http:\/\/jornalismo.ufsj.edu.br\/van\/?p=9862"},"modified":"2018-07-26T20:22:35","modified_gmt":"2018-07-26T23:22:35","slug":"campanha-de-vacinacao-contra-a-gripe-e-prorrogada-em-sao-joao-del-rei","status":"publish","type":"post","link":"http:\/\/jornalismo.ufsj.edu.br\/van\/campanha-de-vacinacao-contra-a-gripe-e-prorrogada-em-sao-joao-del-rei\/","title":{"rendered":"Campanha de vacina\u00e7\u00e3o contra a gripe \u00e9 prorrogada em S\u00e3o Jo\u00e3o del-Rei"},"content":{"rendered":"<h4 style=\"text-align: center;\"><i><span style=\"font-weight: 400;\">Baixa ades\u00e3o de alguns dos grupos priorit\u00e1rios levou a prorroga\u00e7\u00e3o da campanha<br \/>\n<\/span><\/i><\/h4>\n<p style=\"text-align: left;\"><i><\/i><i><\/i><span style=\"font-weight: 400;\">A Campanha de Vacina\u00e7\u00e3o contra a gripe teve in\u00edcio nos munic\u00edpios de todo o pa\u00eds no dia 23 de abril, apesar de algumas prorroga\u00e7\u00f5es, a a\u00e7\u00e3o do Minist\u00e9rio da Sa\u00fade foi encerrada oficialmente no dia 22 de junho. No entanto, em S\u00e3o Jo\u00e3o del-Rei, a vacina ainda est\u00e1 dispon\u00edvel para crian\u00e7as e gestantes. O motivo \u00e9 a baixa ades\u00e3o destes grupos durante o per\u00edodo normal da campanha.<\/span><span style=\"font-weight: 400;\"><br \/>\n<\/span><span style=\"font-weight: 400;\">Segundo informa\u00e7\u00f5es divulgadas pela Secretaria Municipal de Sa\u00fade, a cobertura vacinal de crian\u00e7as menores de seis anos foi 51, 56%, e as gestantes contabilizaram um total de 68,87% do esperado. <\/span><span style=\"font-weight: 400;\"><br \/>\n<\/span><span style=\"font-weight: 400;\">Em S\u00e3o Jo\u00e3o del-Rei estes dois grupos ainda podem se vacinar. Basta comparecer aos postos de sa\u00fade materno infantil, situado na Pra\u00e7a Carlos Gomes, 01, no Centro ou no posto de sa\u00fade do bairro de Matosinhos. O hor\u00e1rio de funcionamento \u00e9 de 8h \u00e0s 16h. \u00c9 necess\u00e1rio apresentar um documento de identidade e o cart\u00e3o de vacina.<\/span><\/p>\n<p><span style=\"font-weight: 400;\">A vacina distribu\u00edda gratuitamente aos grupos priorit\u00e1rios, pelo minist\u00e9rio da sa\u00fade, durante a campanha \u00e9 trivalente, ou seja, protege contra os tr\u00eas subtipos do v\u00edrus da gripe que mais circularam no \u00faltimo ano no Hemisf\u00e9rio Sul, incluindo o H1N1 e o H3N2. <\/span><\/p>\n<p><span style=\"font-weight: 400;\">Segundo Ligiane Lacerda, 31 anos, assistente do Setor de epidemiologia do munic\u00edpio, ainda est\u00e3o dispon\u00edveis nos dois postos de sa\u00fade citados acima, cerca de 250 doses da vacina. Essas doses s\u00f3 est\u00e3o sendo distribu\u00eddas a crian\u00e7as menores de cinco anos e a gestantes, os dois \u00fanicos grupos priorit\u00e1rios que n\u00e3o atingiram a meta de vacina\u00e7\u00e3o. \u201cNo geral, a procura da popula\u00e7\u00e3o pela vacina foi bem baixa, mas a principal preocupa\u00e7\u00e3o do setor \u00e9 conscientizar os pais sobre a import\u00e2ncia da vacina, que \u00e9 a melhor maneira de preven\u00e7\u00e3o\u201d, disse. Lacerda tamb\u00e9m ressaltou que a campanha de vacina\u00e7\u00e3o s\u00f3 atingiu a meta prevista no munic\u00edpio devida a ades\u00e3o de outros grupos priorit\u00e1rios, com destaque para os idosos, grupo que registrou cobertura vacinal de 101,24%.<\/span><\/p>\n<p><span style=\"font-weight: 400;\">Anderson Fl\u00e1vio Reis, 31 anos, enfermeiro no posto de sa\u00fade do bairro de matosinhos afirma que cerca de 60 doses da vacina ainda est\u00e3o dispon\u00edveis no local. N\u00e3o h\u00e1 previs\u00e3o de quanto tempo esse estoque vai durar, j\u00e1 que isso depende da demanda da popula\u00e7\u00e3o. \u201cN\u00e3o apenas nesta campanha, mas o que se observa no geral \u00e9 que os respons\u00e1veis n\u00e3o est\u00e3o trazendo as crian\u00e7as para vacinar, os outros grupos que possuem maior autonomia para faz\u00ea-lo est\u00e3o atingindo suas metas\u201d, coloca.<\/span><\/p>\n<p><span style=\"font-weight: 400;\">No ano de 2018, foram registrados em S\u00e3o Jo\u00e3o del-Rei, sete casos de suspeita da S\u00edndrome Respirat\u00f3ria Aguda Grave, causada pelo v\u00edrus da gripe. Dentre estes, quatro casos eram de moradores da cidade e apenas um foi confirmado. <\/span><\/p>\n<p><span style=\"font-weight: 400;\">Texto\/VAN: Kamila Amaral<br \/>\nFoto\/VAN: Thauana Gomes<\/span><\/p>\n","protected":false},"excerpt":{"rendered":"<p>Baixa ades\u00e3o de alguns dos grupos priorit\u00e1rios levou a prorroga\u00e7\u00e3o da campanha A Campanha de Vacina\u00e7\u00e3o contra a gripe teve in\u00edcio nos munic\u00edpios de todo o pa\u00eds no dia 23<\/p>\n","protected":false},"author":2,"featured_media":9265,"comment_status":"open","ping_status":"open","sticky":false,"template":"","format":"standard","meta":{"_monsterinsights_skip_tracking":false,"_monsterinsights_sitenote_active":false,"_monsterinsights_sitenote_note":"","_monsterinsights_sitenote_category":0,"_themeisle_gutenberg_block_has_review":false,"cybocfi_hide_featured_image":"","footnotes":""},"categories":[109,21],"tags":[],"class_list":["post-9862","post","type-post","status-publish","format-standard","has-post-thumbnail","hentry","category-sao-joao-del-rei-microrregiao-de-sao-joao-del-rei","category-saude"],"_links":{"self":[{"href":"http:\/\/jornalismo.ufsj.edu.br\/van\/wp-json\/wp\/v2\/posts\/9862","targetHints":{"allow":["GET"]}}],"collection":[{"href":"http:\/\/jornalismo.ufsj.edu.br\/van\/wp-json\/wp\/v2\/posts"}],"about":[{"href":"http:\/\/jornalismo.ufsj.edu.br\/van\/wp-json\/wp\/v2\/types\/post"}],"author":[{"embeddable":true,"href":"http:\/\/jornalismo.ufsj.edu.br\/van\/wp-json\/wp\/v2\/users\/2"}],"replies":[{"embeddable":true,"href":"http:\/\/jornalismo.ufsj.edu.br\/van\/wp-json\/wp\/v2\/comments?post=9862"}],"version-history":[{"count":2,"href":"http:\/\/jornalismo.ufsj.edu.br\/van\/wp-json\/wp\/v2\/posts\/9862\/revisions"}],"predecessor-version":[{"id":9864,"href":"http:\/\/jornalismo.ufsj.edu.br\/van\/wp-json\/wp\/v2\/posts\/9862\/revisions\/9864"}],"wp:featuredmedia":[{"embeddable":true,"href":"http:\/\/jornalismo.ufsj.edu.br\/van\/wp-json\/wp\/v2\/media\/9265"}],"wp:attachment":[{"href":"http:\/\/jornalismo.ufsj.edu.br\/van\/wp-json\/wp\/v2\/media?parent=9862"}],"wp:term":[{"taxonomy":"category","embeddable":true,"href":"http:\/\/jornalismo.ufsj.edu.br\/van\/wp-json\/wp\/v2\/categories?post=9862"},{"taxonomy":"post_tag","embeddable":true,"href":"http:\/\/jornalismo.ufsj.edu.br\/van\/wp-json\/wp\/v2\/tags?post=9862"}],"curies":[{"name":"wp","href":"https:\/\/api.w.org\/{rel}","templated":true}]}}