{"id":9841,"date":"2018-07-22T22:51:06","date_gmt":"2018-07-23T01:51:06","guid":{"rendered":"http:\/\/jornalismo.ufsj.edu.br\/van\/?p=9841"},"modified":"2018-09-10T16:43:45","modified_gmt":"2018-09-10T19:43:45","slug":"ensaio-fotografico-show-do-cantor-diego-moraes","status":"publish","type":"post","link":"http:\/\/jornalismo.ufsj.edu.br\/van\/ensaio-fotografico-show-do-cantor-diego-moraes\/","title":{"rendered":"Ensaio Fotogr\u00e1fico: Show do cantor Diego Moraes"},"content":{"rendered":"<p>O primeiro dia do 30\u00ba Inverno Cultural contou oficinas, exposi\u00e7\u00f5es e performances. O cantor Diego Moraes, famoso pela participa\u00e7\u00e3o no reality \u00cddolos, foi o respons\u00e1vel por encerrar a noite com muita m\u00fasica, cultura e anima\u00e7\u00e3o. Confira o ensaio realizado pela rep\u00f3rter Thauana Gomes.<\/p>\n<div id='gallery-1' class='gallery galleryid-9841 gallery-columns-3 gallery-size-full'><figure class='gallery-item'>\n\t\t\t<div class='gallery-icon landscape'>\n\t\t\t\t<a href='http:\/\/jornalismo.ufsj.edu.br\/van\/ensaio-fotografico-show-do-cantor-diego-moraes\/29698488178_7dbfb17fe7_k\/'><img loading=\"lazy\" decoding=\"async\" width=\"2048\" height=\"1365\" src=\"http:\/\/jornalismo.ufsj.edu.br\/van\/wp-content\/uploads\/2018\/07\/29698488178_7dbfb17fe7_k.jpg\" class=\"attachment-full size-full\" alt=\"\" srcset=\"http:\/\/jornalismo.ufsj.edu.br\/van\/wp-content\/uploads\/2018\/07\/29698488178_7dbfb17fe7_k.jpg 2048w, http:\/\/jornalismo.ufsj.edu.br\/van\/wp-content\/uploads\/2018\/07\/29698488178_7dbfb17fe7_k-300x200.jpg 300w, http:\/\/jornalismo.ufsj.edu.br\/van\/wp-content\/uploads\/2018\/07\/29698488178_7dbfb17fe7_k-768x512.jpg 768w, http:\/\/jornalismo.ufsj.edu.br\/van\/wp-content\/uploads\/2018\/07\/29698488178_7dbfb17fe7_k-1024x683.jpg 1024w\" sizes=\"auto, (max-width: 2048px) 100vw, 2048px\" \/><\/a>\n\t\t\t<\/div><\/figure><figure class='gallery-item'>\n\t\t\t<div class='gallery-icon landscape'>\n\t\t\t\t<a href='http:\/\/jornalismo.ufsj.edu.br\/van\/ensaio-fotografico-show-do-cantor-diego-moraes\/41761514750_10ce57286b_k\/'><img loading=\"lazy\" decoding=\"async\" width=\"2048\" height=\"1152\" src=\"http:\/\/jornalismo.ufsj.edu.br\/van\/wp-content\/uploads\/2018\/07\/41761514750_10ce57286b_k.jpg\" class=\"attachment-full size-full\" alt=\"\" srcset=\"http:\/\/jornalismo.ufsj.edu.br\/van\/wp-content\/uploads\/2018\/07\/41761514750_10ce57286b_k.jpg 2048w, http:\/\/jornalismo.ufsj.edu.br\/van\/wp-content\/uploads\/2018\/07\/41761514750_10ce57286b_k-300x169.jpg 300w, http:\/\/jornalismo.ufsj.edu.br\/van\/wp-content\/uploads\/2018\/07\/41761514750_10ce57286b_k-768x432.jpg 768w, http:\/\/jornalismo.ufsj.edu.br\/van\/wp-content\/uploads\/2018\/07\/41761514750_10ce57286b_k-1024x576.jpg 1024w\" sizes=\"auto, (max-width: 2048px) 100vw, 2048px\" \/><\/a>\n\t\t\t<\/div><\/figure><figure class='gallery-item'>\n\t\t\t<div class='gallery-icon landscape'>\n\t\t\t\t<a href='http:\/\/jornalismo.ufsj.edu.br\/van\/ensaio-fotografico-show-do-cantor-diego-moraes\/42851805354_a7acbe1812_k\/'><img loading=\"lazy\" decoding=\"async\" width=\"2048\" height=\"1365\" src=\"http:\/\/jornalismo.ufsj.edu.br\/van\/wp-content\/uploads\/2018\/07\/42851805354_a7acbe1812_k.jpg\" class=\"attachment-full size-full\" alt=\"\" srcset=\"http:\/\/jornalismo.ufsj.edu.br\/van\/wp-content\/uploads\/2018\/07\/42851805354_a7acbe1812_k.jpg 2048w, http:\/\/jornalismo.ufsj.edu.br\/van\/wp-content\/uploads\/2018\/07\/42851805354_a7acbe1812_k-300x200.jpg 300w, http:\/\/jornalismo.ufsj.edu.br\/van\/wp-content\/uploads\/2018\/07\/42851805354_a7acbe1812_k-768x512.jpg 768w, http:\/\/jornalismo.ufsj.edu.br\/van\/wp-content\/uploads\/2018\/07\/42851805354_a7acbe1812_k-1024x683.jpg 1024w\" sizes=\"auto, (max-width: 2048px) 100vw, 2048px\" \/><\/a>\n\t\t\t<\/div><\/figure><figure class='gallery-item'>\n\t\t\t<div class='gallery-icon landscape'>\n\t\t\t\t<a href='http:\/\/jornalismo.ufsj.edu.br\/van\/ensaio-fotografico-show-do-cantor-diego-moraes\/41761554050_b703a5cc26_k\/'><img loading=\"lazy\" decoding=\"async\" width=\"2048\" height=\"1365\" src=\"http:\/\/jornalismo.ufsj.edu.br\/van\/wp-content\/uploads\/2018\/07\/41761554050_b703a5cc26_k.jpg\" class=\"attachment-full size-full\" alt=\"\" srcset=\"http:\/\/jornalismo.ufsj.edu.br\/van\/wp-content\/uploads\/2018\/07\/41761554050_b703a5cc26_k.jpg 2048w, http:\/\/jornalismo.ufsj.edu.br\/van\/wp-content\/uploads\/2018\/07\/41761554050_b703a5cc26_k-300x200.jpg 300w, http:\/\/jornalismo.ufsj.edu.br\/van\/wp-content\/uploads\/2018\/07\/41761554050_b703a5cc26_k-768x512.jpg 768w, http:\/\/jornalismo.ufsj.edu.br\/van\/wp-content\/uploads\/2018\/07\/41761554050_b703a5cc26_k-1024x683.jpg 1024w\" sizes=\"auto, (max-width: 2048px) 100vw, 2048px\" \/><\/a>\n\t\t\t<\/div><\/figure><figure class='gallery-item'>\n\t\t\t<div class='gallery-icon landscape'>\n\t\t\t\t<a href='http:\/\/jornalismo.ufsj.edu.br\/van\/ensaio-fotografico-show-do-cantor-diego-moraes\/41761584410_79ada1df10_k\/'><img loading=\"lazy\" decoding=\"async\" width=\"2048\" height=\"1365\" src=\"http:\/\/jornalismo.ufsj.edu.br\/van\/wp-content\/uploads\/2018\/07\/41761584410_79ada1df10_k.jpg\" class=\"attachment-full size-full\" alt=\"\" srcset=\"http:\/\/jornalismo.ufsj.edu.br\/van\/wp-content\/uploads\/2018\/07\/41761584410_79ada1df10_k.jpg 2048w, http:\/\/jornalismo.ufsj.edu.br\/van\/wp-content\/uploads\/2018\/07\/41761584410_79ada1df10_k-300x200.jpg 300w, http:\/\/jornalismo.ufsj.edu.br\/van\/wp-content\/uploads\/2018\/07\/41761584410_79ada1df10_k-768x512.jpg 768w, http:\/\/jornalismo.ufsj.edu.br\/van\/wp-content\/uploads\/2018\/07\/41761584410_79ada1df10_k-1024x683.jpg 1024w\" sizes=\"auto, (max-width: 2048px) 100vw, 2048px\" \/><\/a>\n\t\t\t<\/div><\/figure><figure class='gallery-item'>\n\t\t\t<div class='gallery-icon landscape'>\n\t\t\t\t<a href='http:\/\/jornalismo.ufsj.edu.br\/van\/ensaio-fotografico-show-do-cantor-diego-moraes\/43569360501_9dab1cf47b_k\/'><img loading=\"lazy\" decoding=\"async\" width=\"2048\" height=\"1365\" src=\"http:\/\/jornalismo.ufsj.edu.br\/van\/wp-content\/uploads\/2018\/07\/43569360501_9dab1cf47b_k.jpg\" class=\"attachment-full size-full\" alt=\"\" srcset=\"http:\/\/jornalismo.ufsj.edu.br\/van\/wp-content\/uploads\/2018\/07\/43569360501_9dab1cf47b_k.jpg 2048w, http:\/\/jornalismo.ufsj.edu.br\/van\/wp-content\/uploads\/2018\/07\/43569360501_9dab1cf47b_k-300x200.jpg 300w, http:\/\/jornalismo.ufsj.edu.br\/van\/wp-content\/uploads\/2018\/07\/43569360501_9dab1cf47b_k-768x512.jpg 768w, http:\/\/jornalismo.ufsj.edu.br\/van\/wp-content\/uploads\/2018\/07\/43569360501_9dab1cf47b_k-1024x683.jpg 1024w\" sizes=\"auto, (max-width: 2048px) 100vw, 2048px\" \/><\/a>\n\t\t\t<\/div><\/figure><figure class='gallery-item'>\n\t\t\t<div class='gallery-icon landscape'>\n\t\t\t\t<a href='http:\/\/jornalismo.ufsj.edu.br\/van\/ensaio-fotografico-show-do-cantor-diego-moraes\/42664264055_ba6f850eba_k\/'><img loading=\"lazy\" decoding=\"async\" width=\"2048\" height=\"1365\" src=\"http:\/\/jornalismo.ufsj.edu.br\/van\/wp-content\/uploads\/2018\/07\/42664264055_ba6f850eba_k.jpg\" class=\"attachment-full size-full\" alt=\"\" srcset=\"http:\/\/jornalismo.ufsj.edu.br\/van\/wp-content\/uploads\/2018\/07\/42664264055_ba6f850eba_k.jpg 2048w, http:\/\/jornalismo.ufsj.edu.br\/van\/wp-content\/uploads\/2018\/07\/42664264055_ba6f850eba_k-300x200.jpg 300w, http:\/\/jornalismo.ufsj.edu.br\/van\/wp-content\/uploads\/2018\/07\/42664264055_ba6f850eba_k-768x512.jpg 768w, http:\/\/jornalismo.ufsj.edu.br\/van\/wp-content\/uploads\/2018\/07\/42664264055_ba6f850eba_k-1024x683.jpg 1024w\" sizes=\"auto, (max-width: 2048px) 100vw, 2048px\" \/><\/a>\n\t\t\t<\/div><\/figure><figure class='gallery-item'>\n\t\t\t<div class='gallery-icon landscape'>\n\t\t\t\t<a href='http:\/\/jornalismo.ufsj.edu.br\/van\/ensaio-fotografico-show-do-cantor-diego-moraes\/43522953452_e58ef79681_k\/'><img loading=\"lazy\" decoding=\"async\" width=\"2048\" height=\"1365\" src=\"http:\/\/jornalismo.ufsj.edu.br\/van\/wp-content\/uploads\/2018\/07\/43522953452_e58ef79681_k.jpg\" class=\"attachment-full size-full\" alt=\"\" srcset=\"http:\/\/jornalismo.ufsj.edu.br\/van\/wp-content\/uploads\/2018\/07\/43522953452_e58ef79681_k.jpg 2048w, http:\/\/jornalismo.ufsj.edu.br\/van\/wp-content\/uploads\/2018\/07\/43522953452_e58ef79681_k-300x200.jpg 300w, http:\/\/jornalismo.ufsj.edu.br\/van\/wp-content\/uploads\/2018\/07\/43522953452_e58ef79681_k-768x512.jpg 768w, http:\/\/jornalismo.ufsj.edu.br\/van\/wp-content\/uploads\/2018\/07\/43522953452_e58ef79681_k-1024x683.jpg 1024w\" sizes=\"auto, (max-width: 2048px) 100vw, 2048px\" \/><\/a>\n\t\t\t<\/div><\/figure><figure class='gallery-item'>\n\t\t\t<div class='gallery-icon landscape'>\n\t\t\t\t<a href='http:\/\/jornalismo.ufsj.edu.br\/van\/ensaio-fotografico-show-do-cantor-diego-moraes\/41761527980_35f035adc7_k\/'><img loading=\"lazy\" decoding=\"async\" width=\"2048\" height=\"1365\" src=\"http:\/\/jornalismo.ufsj.edu.br\/van\/wp-content\/uploads\/2018\/07\/41761527980_35f035adc7_k.jpg\" class=\"attachment-full size-full\" alt=\"\" srcset=\"http:\/\/jornalismo.ufsj.edu.br\/van\/wp-content\/uploads\/2018\/07\/41761527980_35f035adc7_k.jpg 2048w, http:\/\/jornalismo.ufsj.edu.br\/van\/wp-content\/uploads\/2018\/07\/41761527980_35f035adc7_k-300x200.jpg 300w, http:\/\/jornalismo.ufsj.edu.br\/van\/wp-content\/uploads\/2018\/07\/41761527980_35f035adc7_k-768x512.jpg 768w, http:\/\/jornalismo.ufsj.edu.br\/van\/wp-content\/uploads\/2018\/07\/41761527980_35f035adc7_k-1024x683.jpg 1024w\" sizes=\"auto, (max-width: 2048px) 100vw, 2048px\" \/><\/a>\n\t\t\t<\/div><\/figure><figure class='gallery-item'>\n\t\t\t<div class='gallery-icon landscape'>\n\t\t\t\t<a href='http:\/\/jornalismo.ufsj.edu.br\/van\/ensaio-fotografico-show-do-cantor-diego-moraes\/42664278045_70934a0492_k\/'><img loading=\"lazy\" decoding=\"async\" width=\"2048\" height=\"1365\" src=\"http:\/\/jornalismo.ufsj.edu.br\/van\/wp-content\/uploads\/2018\/07\/42664278045_70934a0492_k.jpg\" class=\"attachment-full size-full\" alt=\"\" srcset=\"http:\/\/jornalismo.ufsj.edu.br\/van\/wp-content\/uploads\/2018\/07\/42664278045_70934a0492_k.jpg 2048w, http:\/\/jornalismo.ufsj.edu.br\/van\/wp-content\/uploads\/2018\/07\/42664278045_70934a0492_k-300x200.jpg 300w, http:\/\/jornalismo.ufsj.edu.br\/van\/wp-content\/uploads\/2018\/07\/42664278045_70934a0492_k-768x512.jpg 768w, http:\/\/jornalismo.ufsj.edu.br\/van\/wp-content\/uploads\/2018\/07\/42664278045_70934a0492_k-1024x683.jpg 1024w\" sizes=\"auto, (max-width: 2048px) 100vw, 2048px\" \/><\/a>\n\t\t\t<\/div><\/figure><figure class='gallery-item'>\n\t\t\t<div class='gallery-icon landscape'>\n\t\t\t\t<a href='http:\/\/jornalismo.ufsj.edu.br\/van\/ensaio-fotografico-show-do-cantor-diego-moraes\/42664287105_d3d61494d3_k\/'><img loading=\"lazy\" decoding=\"async\" width=\"2048\" height=\"1365\" src=\"http:\/\/jornalismo.ufsj.edu.br\/van\/wp-content\/uploads\/2018\/07\/42664287105_d3d61494d3_k.jpg\" class=\"attachment-full size-full\" alt=\"\" srcset=\"http:\/\/jornalismo.ufsj.edu.br\/van\/wp-content\/uploads\/2018\/07\/42664287105_d3d61494d3_k.jpg 2048w, http:\/\/jornalismo.ufsj.edu.br\/van\/wp-content\/uploads\/2018\/07\/42664287105_d3d61494d3_k-300x200.jpg 300w, http:\/\/jornalismo.ufsj.edu.br\/van\/wp-content\/uploads\/2018\/07\/42664287105_d3d61494d3_k-768x512.jpg 768w, http:\/\/jornalismo.ufsj.edu.br\/van\/wp-content\/uploads\/2018\/07\/42664287105_d3d61494d3_k-1024x683.jpg 1024w\" sizes=\"auto, (max-width: 2048px) 100vw, 2048px\" \/><\/a>\n\t\t\t<\/div><\/figure><figure class='gallery-item'>\n\t\t\t<div class='gallery-icon landscape'>\n\t\t\t\t<a href='http:\/\/jornalismo.ufsj.edu.br\/van\/ensaio-fotografico-show-do-cantor-diego-moraes\/43569357871_5e5edd9993_k\/'><img loading=\"lazy\" decoding=\"async\" width=\"2048\" height=\"1365\" src=\"http:\/\/jornalismo.ufsj.edu.br\/van\/wp-content\/uploads\/2018\/07\/43569357871_5e5edd9993_k.jpg\" class=\"attachment-full size-full\" alt=\"\" srcset=\"http:\/\/jornalismo.ufsj.edu.br\/van\/wp-content\/uploads\/2018\/07\/43569357871_5e5edd9993_k.jpg 2048w, http:\/\/jornalismo.ufsj.edu.br\/van\/wp-content\/uploads\/2018\/07\/43569357871_5e5edd9993_k-300x200.jpg 300w, http:\/\/jornalismo.ufsj.edu.br\/van\/wp-content\/uploads\/2018\/07\/43569357871_5e5edd9993_k-768x512.jpg 768w, http:\/\/jornalismo.ufsj.edu.br\/van\/wp-content\/uploads\/2018\/07\/43569357871_5e5edd9993_k-1024x683.jpg 1024w\" sizes=\"auto, (max-width: 2048px) 100vw, 2048px\" \/><\/a>\n\t\t\t<\/div><\/figure>\n\t\t<\/div>\n\n","protected":false},"excerpt":{"rendered":"<p>O primeiro dia do 30\u00ba Inverno Cultural contou oficinas, exposi\u00e7\u00f5es e performances. O cantor Diego Moraes, famoso pela participa\u00e7\u00e3o no reality \u00cddolos, foi o respons\u00e1vel por encerrar a noite com<\/p>\n","protected":false},"author":2,"featured_media":9852,"comment_status":"open","ping_status":"open","sticky":false,"template":"","format":"standard","meta":{"_monsterinsights_skip_tracking":false,"_monsterinsights_sitenote_active":false,"_monsterinsights_sitenote_note":"","_monsterinsights_sitenote_category":0,"_themeisle_gutenberg_block_has_review":false,"cybocfi_hide_featured_image":"","footnotes":""},"categories":[13,689,109],"tags":[],"class_list":["post-9841","post","type-post","status-publish","format-standard","has-post-thumbnail","hentry","category-cultura","category-ensaio-fotografico","category-sao-joao-del-rei-microrregiao-de-sao-joao-del-rei"],"_links":{"self":[{"href":"http:\/\/jornalismo.ufsj.edu.br\/van\/wp-json\/wp\/v2\/posts\/9841","targetHints":{"allow":["GET"]}}],"collection":[{"href":"http:\/\/jornalismo.ufsj.edu.br\/van\/wp-json\/wp\/v2\/posts"}],"about":[{"href":"http:\/\/jornalismo.ufsj.edu.br\/van\/wp-json\/wp\/v2\/types\/post"}],"author":[{"embeddable":true,"href":"http:\/\/jornalismo.ufsj.edu.br\/van\/wp-json\/wp\/v2\/users\/2"}],"replies":[{"embeddable":true,"href":"http:\/\/jornalismo.ufsj.edu.br\/van\/wp-json\/wp\/v2\/comments?post=9841"}],"version-history":[{"count":3,"href":"http:\/\/jornalismo.ufsj.edu.br\/van\/wp-json\/wp\/v2\/posts\/9841\/revisions"}],"predecessor-version":[{"id":9857,"href":"http:\/\/jornalismo.ufsj.edu.br\/van\/wp-json\/wp\/v2\/posts\/9841\/revisions\/9857"}],"wp:featuredmedia":[{"embeddable":true,"href":"http:\/\/jornalismo.ufsj.edu.br\/van\/wp-json\/wp\/v2\/media\/9852"}],"wp:attachment":[{"href":"http:\/\/jornalismo.ufsj.edu.br\/van\/wp-json\/wp\/v2\/media?parent=9841"}],"wp:term":[{"taxonomy":"category","embeddable":true,"href":"http:\/\/jornalismo.ufsj.edu.br\/van\/wp-json\/wp\/v2\/categories?post=9841"},{"taxonomy":"post_tag","embeddable":true,"href":"http:\/\/jornalismo.ufsj.edu.br\/van\/wp-json\/wp\/v2\/tags?post=9841"}],"curies":[{"name":"wp","href":"https:\/\/api.w.org\/{rel}","templated":true}]}}