{"id":980,"date":"2015-05-17T11:58:01","date_gmt":"2015-05-17T11:58:01","guid":{"rendered":"http:\/\/jornalismo.ufsj.edu.br\/van\/?p=980"},"modified":"2015-05-19T12:04:40","modified_gmt":"2015-05-19T12:04:40","slug":"figueira-seleciona-jogadores-para-elenco-do-mineiro","status":"publish","type":"post","link":"http:\/\/jornalismo.ufsj.edu.br\/van\/figueira-seleciona-jogadores-para-elenco-do-mineiro\/","title":{"rendered":"Figueira seleciona jogadores para elenco do Mineiro"},"content":{"rendered":"<p style=\"text-align: center;\"><em>No fim de semana, clube realizou triagem de atletas interessados em disputar a Segunda Divis\u00e3o da competi\u00e7\u00e3o<\/em><\/p>\n<p><img loading=\"lazy\" decoding=\"async\" class=\"size-medium wp-image-981 aligncenter\" src=\"http:\/\/jornalismo.ufsj.edu.br\/van\/wp-content\/uploads\/2015\/05\/fig-300x201.png\" alt=\"fig\" width=\"300\" height=\"201\" srcset=\"http:\/\/jornalismo.ufsj.edu.br\/van\/wp-content\/uploads\/2015\/05\/fig-300x201.png 300w, http:\/\/jornalismo.ufsj.edu.br\/van\/wp-content\/uploads\/2015\/05\/fig.png 399w\" sizes=\"auto, (max-width: 300px) 100vw, 300px\" \/><\/p>\n<p style=\"text-align: center;\"><em>Os testes foram comandados pelo treinador Luis Henrique Arantes (centro)<\/em><\/p>\n<p>A equipe do Figueirense deu um grande passo na montagem do elenco que disputar\u00e1 a Segundona do Campeonato Mineiro 2015. No s\u00e1bado (16) e no domingo (17), cerca de 60 atletas compareceram ao est\u00e1dio do time, no bairro Bom Pastor, para participar de um processo de sele\u00e7\u00e3o para indicar jogadores interessados em disputar o torneio pelo clube s\u00e3o-joanense.<\/p>\n<p>Ao fim dos dois dias de testes, doze atletas foram selecionados pela Comiss\u00e3o T\u00e9cnica do clube. Segundo o treinador do Figueira, Lu\u00eds Henrique Arantes, eles v\u00e3o passar por outra seletiva, com dura\u00e7\u00e3o de tr\u00eas dias, na primeira semana de junho. \u201cNa pr\u00f3xima sele\u00e7\u00e3o, vamos definir quem realmente fica ou n\u00e3o\u201d, afirmou.<\/p>\n<p>Arantes ainda comentou que a \u201cpeneira\u201d correspondeu \u00e0s expectativas da comiss\u00e3o t\u00e9cnica. \u201cFoi poss\u00edvel ver que temos atletas de muita qualidade em toda a regi\u00e3o. Se pudesse, a gente ficava com a maioria. N\u00f3s j\u00e1 pensamos tamb\u00e9m na categoria de base para o ano que vem;\u00a0 por isso vamos guardar a ficha de todos os atletas avaliados para, quem sabe, num futuro pr\u00f3ximo, a gente poder contar com eles\u201d.<\/p>\n<p>Al\u00e9m de jogadores s\u00e3o-joanenses, atletas de v\u00e1rias outras localidades estiveram presentes no campo do Figueira, como foi o caso do goleiro paulista Carlos Alberto, que veio da cidade de Diadema. O goleiro, que foi aprovado para a pr\u00f3xima sele\u00e7\u00e3o, conta que vale a pena todo o esfor\u00e7o: \u201c\u00c9 uma grande oportunidade de poder jogar profissionalmente;\u00a0 por isso, mesmo de longe, eu vim. N\u00e3o tenho nada a perder, caso precise eu mudo de estado\u201d, comentou o jovem.<\/p>\n<p>O zagueiro Adenir de Oliveira Neto, que veio de Belo Horizonte, tamb\u00e9m est\u00e1 empolgado para a pr\u00f3xima seletiva: \u201cFoi meu primeiro teste e consegui passar. Vou dar meu sangue, o meu melhor para ser profissional e jogar neste clube\u201d.<\/p>\n<p>O treinador Arantes revelou que, al\u00e9m dos jogadores selecionados nos testes, o clube est\u00e1 negociando com outros atletas. \u201cTamb\u00e9m estamos nos refor\u00e7ando. Nossa inten\u00e7\u00e3o \u00e9 fechar um grupo com um n\u00famero de 26 a 28 atletas\u201d, explicou.<\/p>\n<p><strong>A competi\u00e7\u00e3o<\/strong><\/p>\n<p>Segundo a Federa\u00e7\u00e3o Mineira de Futebol (FMF), a competi\u00e7\u00e3o come\u00e7ar\u00e1 no dia 26 de julho. O torneio este ano ser\u00e1 sub-23, ou seja, os atletas dever\u00e3o ter a idade m\u00e1xima de 23 anos, podendo o time inscrever apenas cinco atletas com idade superior. O Figueira vai levar seus jogos para o Est\u00e1dio Paulo Campos, do Social Futebol Clube. O Tigre do Bom Pastor, que est\u00e1 na chave B do torneio, enfrentar\u00e1 na primeira fase Formiga (Formiga), Betinense (Betim), Arsenal (Santa Luzia) e Democrata (Sete Lagoas).<\/p>\n<p>TEXTO: Richardson Freitas<\/p>\n<p>FOTO: Brunno\u00a0Pereira<\/p>\n","protected":false},"excerpt":{"rendered":"<p>No fim de semana, clube realizou triagem de atletas interessados em disputar a Segunda Divis\u00e3o da competi\u00e7\u00e3o Os testes foram comandados pelo treinador Luis Henrique Arantes (centro) A equipe do<\/p>\n","protected":false},"author":2,"featured_media":981,"comment_status":"open","ping_status":"open","sticky":false,"template":"","format":"standard","meta":{"_monsterinsights_skip_tracking":false,"_monsterinsights_sitenote_active":false,"_monsterinsights_sitenote_note":"","_monsterinsights_sitenote_category":0,"_themeisle_gutenberg_block_has_review":false,"cybocfi_hide_featured_image":"","footnotes":""},"categories":[16,109],"tags":[],"class_list":["post-980","post","type-post","status-publish","format-standard","has-post-thumbnail","hentry","category-esporte","category-sao-joao-del-rei-microrregiao-de-sao-joao-del-rei"],"_links":{"self":[{"href":"http:\/\/jornalismo.ufsj.edu.br\/van\/wp-json\/wp\/v2\/posts\/980","targetHints":{"allow":["GET"]}}],"collection":[{"href":"http:\/\/jornalismo.ufsj.edu.br\/van\/wp-json\/wp\/v2\/posts"}],"about":[{"href":"http:\/\/jornalismo.ufsj.edu.br\/van\/wp-json\/wp\/v2\/types\/post"}],"author":[{"embeddable":true,"href":"http:\/\/jornalismo.ufsj.edu.br\/van\/wp-json\/wp\/v2\/users\/2"}],"replies":[{"embeddable":true,"href":"http:\/\/jornalismo.ufsj.edu.br\/van\/wp-json\/wp\/v2\/comments?post=980"}],"version-history":[{"count":3,"href":"http:\/\/jornalismo.ufsj.edu.br\/van\/wp-json\/wp\/v2\/posts\/980\/revisions"}],"predecessor-version":[{"id":984,"href":"http:\/\/jornalismo.ufsj.edu.br\/van\/wp-json\/wp\/v2\/posts\/980\/revisions\/984"}],"wp:featuredmedia":[{"embeddable":true,"href":"http:\/\/jornalismo.ufsj.edu.br\/van\/wp-json\/wp\/v2\/media\/981"}],"wp:attachment":[{"href":"http:\/\/jornalismo.ufsj.edu.br\/van\/wp-json\/wp\/v2\/media?parent=980"}],"wp:term":[{"taxonomy":"category","embeddable":true,"href":"http:\/\/jornalismo.ufsj.edu.br\/van\/wp-json\/wp\/v2\/categories?post=980"},{"taxonomy":"post_tag","embeddable":true,"href":"http:\/\/jornalismo.ufsj.edu.br\/van\/wp-json\/wp\/v2\/tags?post=980"}],"curies":[{"name":"wp","href":"https:\/\/api.w.org\/{rel}","templated":true}]}}