{"id":9795,"date":"2018-07-08T20:41:16","date_gmt":"2018-07-08T23:41:16","guid":{"rendered":"http:\/\/jornalismo.ufsj.edu.br\/van\/?p=9795"},"modified":"2018-07-08T20:43:10","modified_gmt":"2018-07-08T23:43:10","slug":"o-jornal-das-10-e-as-contradicoes-do-jornalismo-regional","status":"publish","type":"post","link":"http:\/\/jornalismo.ufsj.edu.br\/van\/o-jornal-das-10-e-as-contradicoes-do-jornalismo-regional\/","title":{"rendered":"O Jornal das 10 e as Contradi\u00e7\u00f5es do Jornalismo Regional"},"content":{"rendered":"<h4 style=\"text-align: center;\"><em>A import\u00e2ncia do jornalismo regional para os s\u00e3o-joanenses em contraponto \u00e0s suas incoer\u00eancias<\/em><\/h4>\n<p>A R\u00e1dio S\u00e3o Jo\u00e3o faz parte do dia a dia de S\u00e3o Jo\u00e3o del-Rei e regi\u00e3o do Campo das Vertentes h\u00e1 quase 70 anos e permanece como um dos patrim\u00f4nios mais valorizados da cidade dos sinos. Foi em 1960, 15 anos ap\u00f3s a cria\u00e7\u00e3o da r\u00e1dio, que o t\u00e3o conhecido \u201cGeraldinho\u201d, nascido Geraldo Jos\u00e9 dos Santos, come\u00e7ou sua trajet\u00f3ria no programa de utilidades p\u00fablicas e coberturas marcantes, mesmo que nem sempre planejadas.<\/p>\n<p>Geraldo come\u00e7ou na r\u00e1dio como um aprendiz, logo foi promovido de sua fun\u00e7\u00e3o como cobrador de contas para operador de a\u00fadio, discotec\u00e1rio e agenciador de publicidade. Ap\u00f3s 10 anos de trabalho, Geraldinho se tornou locutor, a convite do antigo diretor da emissora, Autamir Braga, que apresentava o \u201cGrande Jornal Falado das 10 horas\u201d.<\/p>\n<p>Geraldinho prop\u00f4s a mudan\u00e7a do nome para \u201cJornal das 10\u201d, pois era mais f\u00e1cil das pessoas falarem e, assim, se tornaria conhecido, uma marca. A lealdade de ouvintes e participantes que sintonizam diariamente, h\u00e1 30 anos, demonstra a import\u00e2ncia do jornalismo regional para a cidade.<\/p>\n<p>Edin\u00e9ia de Melo Gon\u00e7alves, 54 anos, acompanha o \u201cJornal das 10\u201d desde que se mudou para S\u00e3o Jo\u00e3o del-Rei. \u201cHoje at\u00e9 foi bom porque ele falou sobre a Festa do Divino no Matozinhos, gosto das not\u00edcias das datas comemorativas, gosto tamb\u00e9m por causa do resultado da loteria da Caixa que todos os dias ele d\u00e1, ele fala sobre meteorologia, tudo relacionado a S\u00e3o Jo\u00e3o\u201d, afirma. Para ela, a import\u00e2ncia desta vertente do jornalismo regional est\u00e1 na inclus\u00e3o dos acontecimentos locais, assim como o aspecto filantr\u00f3pico do programa.<\/p>\n<p>O conte\u00fado do jornal \u00e9 centralizado nos acontecimentos da cidade e regi\u00e3o: de a\u00e7\u00f5es sociais a impedimentos no tr\u00e2nsito, eventos regionais e notas de falecimento. E transmitido em hor\u00e1rio de maior audi\u00eancia, \u00e0s 10 horas da manh\u00e3. Durante a entrevista com o locutor, ele defende o interesse da popula\u00e7\u00e3o pelo jornalismo regional: \u201cAs pessoas que ligam para o r\u00e1dio n\u00e3o querem saber se houve um terremoto l\u00e1 na China, se houve uma execu\u00e7\u00e3o em Cuba, se houve um acidente na Tail\u00e2ndia. Elas querem saber not\u00edcias locais e regionais\u201d. Para ele, as liga\u00e7\u00f5es di\u00e1rias para o programa e a curiosidade dos ouvintes quando o \u201cJornal das 10\u201d \u00e9 interrompido por algum motivo, s\u00e3o provas da relev\u00e2ncia do jornal.<\/p>\n<p>Ou\u00e7a o podcast a seguir e confira a entrevista completa com o Geraldinho.<\/p>\n<audio class=\"wp-audio-shortcode\" id=\"audio-9795-1\" preload=\"none\" style=\"width: 100%;\" controls=\"controls\"><source type=\"audio\/mpeg\" src=\"http:\/\/jornalismo.ufsj.edu.br\/van\/wp-content\/uploads\/2018\/07\/Podcast.mp3?_=1\" \/><a href=\"http:\/\/jornalismo.ufsj.edu.br\/van\/wp-content\/uploads\/2018\/07\/Podcast.mp3\">http:\/\/jornalismo.ufsj.edu.br\/van\/wp-content\/uploads\/2018\/07\/Podcast.mp3<\/a><\/audio>\n<p>Entre sugest\u00f5es e reivindica\u00e7\u00f5es, \u00e9 essa participa\u00e7\u00e3o do ouvinte que mant\u00e9m o \u201cJornal das 10\u201d presente na cidade. De acordo com o apresentador, as not\u00edcias chegam pela \u201cboca do povo\u201d, pedindo provid\u00eancias \u00e0s autoridade em nome dos moradores. \u201cPara n\u00f3s qualquer not\u00edcia \u00e9 importante, qualquer informa\u00e7\u00e3o a gente procura checar\u201d, ele afirma. Uma das dificuldades encontradas na checagem \u00e9 a disponibilidade da pol\u00edcia em ceder informa\u00e7\u00f5es detalhadas ou os boletins das ocorr\u00eancias, uma vez que o jornal \u00e9 conhecido por sua cobertura policial. Ele tamb\u00e9m afirma que a r\u00e1dio possui canais e fontes para a checagem das not\u00edcias.<\/p>\n<p>A equipe do \u201cJornal das 10\u201d \u00e9 formada pelo apresentador, Geraldo Jos\u00e9 dos Santos, pelo coordenador e jornalista, Jo\u00e3o Henrique Castro, pelo correspondente esportivo no Rio de Janeiro, Rui Guilherme Ara\u00fajo, al\u00e9m da correspondente Ana Maria Mejia, que faz as coberturas pol\u00edticas em Bras\u00edlia e conta com o apoio da diretora, Juliane Menez Machado. \u201cApesar das dificuldades, o nosso objetivo \u00e9 sempre expandir, sempre melhorar cada vez mais e acompanhar a evolu\u00e7\u00e3o da not\u00edcia. (\u2026) recebendo \u00e9 ouvindo com muita humildade a cr\u00edtica dos ouvintes\u201d, conclui o apresentador.<\/p>\n<p>Considerando o que foi informado pelo locutor, a programa\u00e7\u00e3o conta, principalmente, com o relato dos ouvintes e participa\u00e7\u00e3o dos moradores, voltado para a utilidade p\u00fablica. Al\u00e9m disso, cobre ocorr\u00eancias policiais e alguns acontecimentos no \u00e2mbito pol\u00edtico e esportivo. O programa tamb\u00e9m divulga festas e datas comemorativas da cidade. A apura\u00e7\u00e3o das not\u00edcias \u00e9 feita de acordo com o seu valor para o interesse da popula\u00e7\u00e3o s\u00e3o-joanense, sendo responsabilidade do coordenador do programa, uma vez que o Geraldinho \u00e9, atualmente, respons\u00e1vel apenas pela locu\u00e7\u00e3o do jornal.<\/p>\n<p>&nbsp;<\/p>\n<h3>As contradi\u00e7\u00f5es do Jornalismo Regional<\/h3>\n<p>No jornalismo regional, as not\u00edcias tornam-se relevantes de acordo com o grau de interesse e a proximidade da popula\u00e7\u00e3o. Com o \u201cJornal das 10\u201d n\u00e3o \u00e9 diferente, as pautas s\u00e3o sugeridas pelos ouvintes ou recebidas dos boletins de ocorr\u00eancia da pol\u00edcia, not\u00edcias sobre S\u00e3o Jo\u00e3o del-Rei e regi\u00e3o ocupam todo espa\u00e7o do programa. Not\u00edcias nacionais s\u00f3 s\u00e3o informadas se elas afetarem a regi\u00e3o de alguma maneira.<\/p>\n<p>Como h\u00e1 muita sugest\u00e3o de not\u00edcias e pedidos de ouvintes, a equipe do \u201cJornal das 10\u201d escolhe aquelas que consideram relevantes para o dia ou que acreditam ser o que a popula\u00e7\u00e3o deseja e precisa ouvir. Por causa da familiaridade de Geraldinho com o assunto, j\u00e1 que ele j\u00e1 foi policial civil, e com base nos feedbacks que a equipe recebe do p\u00fablico, um tema que ganha muito destaque s\u00e3o as pautas policiais.<\/p>\n<p>O jornalismo regional acaba tendo poucos jornalistas formados em sua equipe. Como S\u00e3o Jo\u00e3o del-Rei possui uma universidade que oferece o curso de jornalismo, a \u201cR\u00e1dio S\u00e3o Jo\u00e3o\u201d contrata estudantes para estagiarem por determinado per\u00edodo.<\/p>\n<p>A maior preocupa\u00e7\u00e3o \u00e9 em rela\u00e7\u00e3o a apura\u00e7\u00e3o das not\u00edcias. Como as informa\u00e7\u00f5es chegam em tempo real, \u00e0s vezes n\u00e3o h\u00e1 tempo de checar a veracidade da mesma. Quando perguntado se h\u00e1 interesse do jornal em investir em uma melhor apura\u00e7\u00e3o dos fatos, Geraldinho diz que n\u00e3o h\u00e1 planos concretos, por\u00e9m que a inten\u00e7\u00e3o do jornal \u00e9 continuar evoluindo. O apresentador tamb\u00e9m enfatiza que ele e sua equipe buscam tornar essa apura\u00e7\u00e3o mais eficiente e constante.<\/p>\n<p>A import\u00e2ncia do \u201cJornal das 10\u201d e do jornalismo regional \u00e9 fazer com que os moradores locais sintam-se informados sobre o que acontece no bairro ao lado ou na cidade mais pr\u00f3xima, uma vez que afeta o seu dia a dia. Entretanto, outra caracter\u00edstica do jornalismo regional que tamb\u00e9m afeta S\u00e3o Jo\u00e3o del-Rei e a r\u00e1dio em quest\u00e3o \u00e9 a proximidade da pol\u00edtica nos meios de comunica\u00e7\u00e3o da cidade.<\/p>\n<p>A fam\u00edlia Neves tem grande influ\u00eancia na cidade e na r\u00e1dio \u201cS\u00e3o Jo\u00e3o\u201d, dessa forma, o posicionamento das mat\u00e9rias fica claro, uma vez que as pautas s\u00e3o escolhidas de acordo com o posicionamento pol\u00edtico, buscando favorecer as ideias defendidas ou, pelo menos, ignorar o outro lado n\u00e3o dando espa\u00e7o em sua programa\u00e7\u00e3o.<\/p>\n<p>Os la\u00e7os pol\u00edticos fazem com o tratamento das informa\u00e7\u00f5es seja tendencioso e at\u00e9 a omiss\u00e3o de dados e fatos, j\u00e1 que os donos das m\u00eddias locais t\u00eam interesses que s\u00e3o alcan\u00e7ados a partir de liga\u00e7\u00f5es com pol\u00edticos. Muitas mat\u00e9rias e not\u00edcias s\u00e3o pautadas por pol\u00edticos ou por seus assessores, que enviam releases para os jornalistas e, em troca dessa cumplicidade editorial, os ocupantes de cargos pol\u00edticos conseguem, atrav\u00e9s de sua for\u00e7a econ\u00f4mica, sustentar e destinar mais espa\u00e7o para an\u00fancios publicit\u00e1rios das empresas que os \u201cajudarem\u201d. O problema \u00e9 que essa associa\u00e7\u00e3o compromete a informa\u00e7\u00e3o isenta e acaba reproduzindo ideologias, que comprometem o conhecimento do p\u00fablico.<\/p>\n<h3>Transmiss\u00f5es marcantes<\/h3>\n<p>A elei\u00e7\u00e3o indireta do presidente Tancredo de Almeida Neves pelo Col\u00e9gio Eleitoral, no dia 15 de janeiro de 1985, em Bras\u00edlia, colocando fim \u00e0 ditadura militar, est\u00e1 entre as coberturas mais marcantes para Geraldinho. A equipe da R\u00e1dio S\u00e3o Jo\u00e3o ficou na capital do Brasil durante quarenta dias, fazendo transmiss\u00f5es ao vivo para v\u00e1rias emissoras. A cobertura foi de interesse da popula\u00e7\u00e3o da cidade n\u00e3o apenas pela abrang\u00eancia nacional, mas por Neves ser s\u00e3o-joanense e fazer parte da hist\u00f3ria da cidade.<\/p>\n<p>Em uma segunda-feira de carnaval, da qual n\u00e3o recorda o ano, Geraldinho pensou em n\u00e3o transmitir o Jornal das 10. Por algum motivo, o locutor resolveu abrir a r\u00e1dio e fazer o programa normalmente. Quando chegou \u00e0 sede, uma mulher de Belo Horizonte pediu ajuda para encontrar a m\u00e3e, que \u00e9 s\u00e3o-joanense e a deixou, rec\u00e9m nascida, sob os cuidados de uma fam\u00edlia para quem ela trabalhava na capital mineira. Sem identificar as pessoas, Geraldo contou a hist\u00f3ria da mo\u00e7a e, pouco tempo depois, a m\u00e3e foi at\u00e9 a r\u00e1dio procurar a filha. O reencontro foi t\u00e3o marcante que ele relembrou a semelhan\u00e7a f\u00edsica entre elas e se orgulha de ter proporcionado esse momento. Segundo ele, as duas mant\u00eam um la\u00e7o at\u00e9 hoje.<\/p>\n<p>Entre as transmiss\u00f5es di\u00e1rias, ele destaca os pedidos de participantes humildes que utilizam o programa como um intermedi\u00e1rio para conseguir ajuda. As necessidades da popula\u00e7\u00e3o incluem pedidos de empregos, cestas b\u00e1sicas, cadeiras de rodas, colch\u00f5es, medicamentos, passagens, entre outros; e s\u00e3o prontamente atendidos por outros ouvintes.<\/p>\n<h3>Pot\u00eancia e Alcance<\/h3>\n<p>A R\u00e1dio S\u00e3o Jo\u00e3o atua na frequ\u00eancia 970Khz com uma pot\u00eancia de 2,5KW e alcan\u00e7a 36 cidades e seus distritos, contando com S\u00e3o Jo\u00e3o del-Rei, Barbacena, Barroso, Lavras, Lagoa Dourada, S\u00e3o Tiago, Nazareno e Caranda\u00ed.<\/p>\n<p>&nbsp;<\/p>\n<p>Texto e edi\u00e7\u00e3o:Fernanda Cunha e Let\u00edcia Carvalho<br \/>\nGrava\u00e7\u00e3o\/Entrevista:\u00a0Brenda Lima e Let\u00edcia Carvalho<br \/>\nFoto: Let\u00edcia Carvalho<br \/>\nEdi\u00e7\u00e3o sonora e de imagem:\u00a0Rafael Senna<br \/>\nEditores-Adjuntos:\u00a0Arthur Raposo Gomes, Clara Rosa e Juliana Galhardo<br \/>\nEditora-Chefe:\u00a0Profa. Najla Passos<\/p>\n","protected":false},"excerpt":{"rendered":"<p>A import\u00e2ncia do jornalismo regional para os s\u00e3o-joanenses em contraponto \u00e0s suas incoer\u00eancias A R\u00e1dio S\u00e3o Jo\u00e3o faz parte do dia a dia de S\u00e3o Jo\u00e3o del-Rei e regi\u00e3o do<\/p>\n","protected":false},"author":2,"featured_media":9797,"comment_status":"open","ping_status":"open","sticky":false,"template":"","format":"standard","meta":{"_monsterinsights_skip_tracking":false,"_monsterinsights_sitenote_active":false,"_monsterinsights_sitenote_note":"","_monsterinsights_sitenote_category":0,"_themeisle_gutenberg_block_has_review":false,"cybocfi_hide_featured_image":"","footnotes":""},"categories":[13,109,8],"tags":[],"class_list":["post-9795","post","type-post","status-publish","format-standard","has-post-thumbnail","hentry","category-cultura","category-sao-joao-del-rei-microrregiao-de-sao-joao-del-rei","category-variedades"],"_links":{"self":[{"href":"http:\/\/jornalismo.ufsj.edu.br\/van\/wp-json\/wp\/v2\/posts\/9795","targetHints":{"allow":["GET"]}}],"collection":[{"href":"http:\/\/jornalismo.ufsj.edu.br\/van\/wp-json\/wp\/v2\/posts"}],"about":[{"href":"http:\/\/jornalismo.ufsj.edu.br\/van\/wp-json\/wp\/v2\/types\/post"}],"author":[{"embeddable":true,"href":"http:\/\/jornalismo.ufsj.edu.br\/van\/wp-json\/wp\/v2\/users\/2"}],"replies":[{"embeddable":true,"href":"http:\/\/jornalismo.ufsj.edu.br\/van\/wp-json\/wp\/v2\/comments?post=9795"}],"version-history":[{"count":1,"href":"http:\/\/jornalismo.ufsj.edu.br\/van\/wp-json\/wp\/v2\/posts\/9795\/revisions"}],"predecessor-version":[{"id":9798,"href":"http:\/\/jornalismo.ufsj.edu.br\/van\/wp-json\/wp\/v2\/posts\/9795\/revisions\/9798"}],"wp:featuredmedia":[{"embeddable":true,"href":"http:\/\/jornalismo.ufsj.edu.br\/van\/wp-json\/wp\/v2\/media\/9797"}],"wp:attachment":[{"href":"http:\/\/jornalismo.ufsj.edu.br\/van\/wp-json\/wp\/v2\/media?parent=9795"}],"wp:term":[{"taxonomy":"category","embeddable":true,"href":"http:\/\/jornalismo.ufsj.edu.br\/van\/wp-json\/wp\/v2\/categories?post=9795"},{"taxonomy":"post_tag","embeddable":true,"href":"http:\/\/jornalismo.ufsj.edu.br\/van\/wp-json\/wp\/v2\/tags?post=9795"}],"curies":[{"name":"wp","href":"https:\/\/api.w.org\/{rel}","templated":true}]}}