{"id":9793,"date":"2018-07-09T13:25:09","date_gmt":"2018-07-09T16:25:09","guid":{"rendered":"http:\/\/jornalismo.ufsj.edu.br\/van\/?p=9793"},"modified":"2018-07-09T13:25:09","modified_gmt":"2018-07-09T16:25:09","slug":"centro-cultural-ufsj-recebe-festcurtas-bh-itinerancia","status":"publish","type":"post","link":"http:\/\/jornalismo.ufsj.edu.br\/van\/centro-cultural-ufsj-recebe-festcurtas-bh-itinerancia\/","title":{"rendered":"Centro Cultural UFSJ recebe FestCurtas Bh Itiner\u00e2ncia"},"content":{"rendered":"<h4 style=\"text-align: center;\"><em><span style=\"font-weight: 400;\">Os curtas selecionados disputaram com 2,3 mil produ\u00e7\u00f5es de mais de 90 pa\u00edses<\/span><\/em><\/h4>\n<p><span style=\"font-weight: 400;\">Desde a \u00faltima ter\u00e7a (5), o Centro Cultural UFSJ exibe uma sele\u00e7\u00e3o de curtas selecionados pelo 19\u00aa Festival Internacional de Curtas de Belo Horizonte. O in\u00edcio da exibi\u00e7\u00e3o estava previsto para o dia 29 de maio, mas, devido \u00e0 greve dos caminhoneiros, come\u00e7ou na semana passada. As apresenta\u00e7\u00f5es acontecer\u00e3o nas pr\u00f3ximas ter\u00e7as-feiras at\u00e9 o dia 4 de setembro, dando uma pausa em julho devido \u00e0 exclusividade para o evento Inverno Cultural.<\/span><span style=\"font-weight: 400;\"><br \/>\n<\/span><span style=\"font-weight: 400;\"><br \/>\n<\/span><span style=\"font-weight: 400;\">Os filmes s\u00e3o divididos em programas, que incluem produ\u00e7\u00f5es nacionais e internacionais de 2016 e 2017 para p\u00fablico de todas as idades. Os selecionados disputaram com 2,3 mil curtas recebidos pelo festival, vindos de mais de 90 pa\u00edses. A inten\u00e7\u00e3o da Itiner\u00e2ncia \u00e9 expandir os filmes para os mais diversos p\u00fablicos e promover o acesso \u00e0 produ\u00e7\u00e3o cinematogr\u00e1fica. No Centro Cultural, as obras cinematogr\u00e1ficas s\u00e3o exibidas na sala multim\u00eddia, 1.01.<\/span><span style=\"font-weight: 400;\"><br \/>\n<\/span><span style=\"font-weight: 400;\"><br \/>\n<\/span><span style=\"font-weight: 400;\">De acordo com a servidora p\u00fablica Aline Braga, a organiza\u00e7\u00e3o do FestCurtas mandou os materiais para diversas cidades. \u201cO Festival oferece os curtas para os centros culturais do interior. Esperamos um aumento no p\u00fablico que frequenta o Centro Cultural UFSJ\u201d, afirma. <\/span><span style=\"font-weight: 400;\">O primeiro programa, previsto anteriormente para o dia 29 de maio, faz parte da mostra Competitiva Internacional I e conta com cinco curtas, com dura\u00e7\u00e3o total de setenta minutos. O evento iniciou-se a partir do segundo programa, a mostra Competitiva Internacional II, que conta com quatro curtas, tamb\u00e9m com dura\u00e7\u00e3o de setenta minutos. <\/span><\/p>\n<p><span style=\"font-weight: 400;\">A programa\u00e7\u00e3o de cada semana \u00e9 fornecida no evento do Facebook \u201cItiner\u00e2ncia FestCurtasBh\u201d pelo Centro Cultural UFSJ. Confira todos os programas (sujeito a altera\u00e7\u00f5es): <\/span><span style=\"font-weight: 400;\"><br \/>\n<\/span><span style=\"font-weight: 400;\">link para baixar a programa\u00e7\u00e3o completa.<\/span><span style=\"font-weight: 400;\"><br \/>\n<\/span><span style=\"font-weight: 400;\"><br \/>\n<\/span><span style=\"font-weight: 400;\"><br \/>\n<\/span><span style=\"font-weight: 400;\">Texto\/VAN: Isadora Jales e Filipe Renn\u00f3<br \/>\n<\/span><span style=\"font-weight: 400;\">Foto\/VAN: Isadora Jales<br \/>\n<\/span><span style=\"font-weight: 400;\">Foto\/Reprodu\u00e7\u00e3o: Facebook<\/span><\/p>\n","protected":false},"excerpt":{"rendered":"<p>Os curtas selecionados disputaram com 2,3 mil produ\u00e7\u00f5es de mais de 90 pa\u00edses Desde a \u00faltima ter\u00e7a (5), o Centro Cultural UFSJ exibe uma sele\u00e7\u00e3o de curtas selecionados pelo 19\u00aa<\/p>\n","protected":false},"author":2,"featured_media":9799,"comment_status":"open","ping_status":"open","sticky":false,"template":"","format":"standard","meta":{"_monsterinsights_skip_tracking":false,"_monsterinsights_sitenote_active":false,"_monsterinsights_sitenote_note":"","_monsterinsights_sitenote_category":0,"_themeisle_gutenberg_block_has_review":false,"cybocfi_hide_featured_image":"","footnotes":""},"categories":[13,109],"tags":[],"class_list":["post-9793","post","type-post","status-publish","format-standard","has-post-thumbnail","hentry","category-cultura","category-sao-joao-del-rei-microrregiao-de-sao-joao-del-rei"],"_links":{"self":[{"href":"http:\/\/jornalismo.ufsj.edu.br\/van\/wp-json\/wp\/v2\/posts\/9793","targetHints":{"allow":["GET"]}}],"collection":[{"href":"http:\/\/jornalismo.ufsj.edu.br\/van\/wp-json\/wp\/v2\/posts"}],"about":[{"href":"http:\/\/jornalismo.ufsj.edu.br\/van\/wp-json\/wp\/v2\/types\/post"}],"author":[{"embeddable":true,"href":"http:\/\/jornalismo.ufsj.edu.br\/van\/wp-json\/wp\/v2\/users\/2"}],"replies":[{"embeddable":true,"href":"http:\/\/jornalismo.ufsj.edu.br\/van\/wp-json\/wp\/v2\/comments?post=9793"}],"version-history":[{"count":1,"href":"http:\/\/jornalismo.ufsj.edu.br\/van\/wp-json\/wp\/v2\/posts\/9793\/revisions"}],"predecessor-version":[{"id":9794,"href":"http:\/\/jornalismo.ufsj.edu.br\/van\/wp-json\/wp\/v2\/posts\/9793\/revisions\/9794"}],"wp:featuredmedia":[{"embeddable":true,"href":"http:\/\/jornalismo.ufsj.edu.br\/van\/wp-json\/wp\/v2\/media\/9799"}],"wp:attachment":[{"href":"http:\/\/jornalismo.ufsj.edu.br\/van\/wp-json\/wp\/v2\/media?parent=9793"}],"wp:term":[{"taxonomy":"category","embeddable":true,"href":"http:\/\/jornalismo.ufsj.edu.br\/van\/wp-json\/wp\/v2\/categories?post=9793"},{"taxonomy":"post_tag","embeddable":true,"href":"http:\/\/jornalismo.ufsj.edu.br\/van\/wp-json\/wp\/v2\/tags?post=9793"}],"curies":[{"name":"wp","href":"https:\/\/api.w.org\/{rel}","templated":true}]}}