{"id":9785,"date":"2018-07-06T19:21:45","date_gmt":"2018-07-06T22:21:45","guid":{"rendered":"http:\/\/jornalismo.ufsj.edu.br\/van\/?p=9785"},"modified":"2018-07-08T00:52:09","modified_gmt":"2018-07-08T03:52:09","slug":"mulheres-brasileiras-sao-homenageadas-em-espetaculo","status":"publish","type":"post","link":"http:\/\/jornalismo.ufsj.edu.br\/van\/mulheres-brasileiras-sao-homenageadas-em-espetaculo\/","title":{"rendered":"Mulheres brasileiras s\u00e3o homenageadas em espet\u00e1culo"},"content":{"rendered":"<h4 style=\"text-align: center;\"><i><span style=\"font-weight: 400;\">Estudantes de teatro falam sobre o machismo e a perda da sensibilidade em novo espet\u00e1culo. <\/span><\/i><\/h4>\n<p><span style=\"font-weight: 400;\">\u201cO E.L.A trouxe muitas hist\u00f3rias de mulheres sens\u00edveis e fortes, cada uma da sua maneira. [&#8230;] N\u00e3o imaginava que eles fariam uma liga\u00e7\u00e3o t\u00e3o interessante da doen\u00e7a com a mulher\u201d, afirma B\u00e1rbara Vit\u00f3ria, estudante. \u00a0Essa foi a impress\u00e3o causada pelo espet\u00e1culo teatral E.L.A que estreou recentemente, na Sala Preta do Campus Tancredo de Almeida Neves (Ctan), da Universidade Federal de S\u00e3o Jo\u00e3o (UFSJ), na cidade de mesmo nome, em Minas Gerais. <\/span><\/p>\n<p><span style=\"font-weight: 400;\">O experimento c\u00eanico foi desenvolvido durante a disciplina Laborat\u00f3rio de Montagem e contou com o envolvimento de alunos em diversos n\u00facleos de atua\u00e7\u00e3o. <\/span><\/p>\n<p><span style=\"font-weight: 400;\">Luana Sim\u00e3o, 19, uma das dramaturgas do espet\u00e1culo, afirma que o processo foi totalmente colaborativo e as \u00e1reas de sonoplastia, dire\u00e7\u00e3o, dramaturgia, entre outras, acabaram se entrela\u00e7ando ao longo do semestre. De acordo com a estudante, \u00a0o objetivo da disciplina \u00e9 criar uma montagem que trabalhe a receptividade da cena, ou seja, o modo como o p\u00fablico se sensibiliza com a mensagem transmitida. \u201cO m\u00e9todo que a gente quis usar para falar disso \u00e9 a ELA (Esclerose lateral amiotr\u00f3fica), porque o maior significado dessa doen\u00e7a \u00e9 a perda da sensibilidade\u201d, declara. <\/span><\/p>\n<p><span style=\"font-weight: 400;\">O projeto foi fundamentado na pesquisa sobre mulheres e dramaturgas brasileiras. \u201cUsamos algumas dramaturgas como refer\u00eancias para a pe\u00e7a. [&#8230;] \u00a0A proposta inicial era que elas fossem uma inspira\u00e7\u00e3o com o seu trabalho. Mas pesquisando a hist\u00f3ria delas, vimos que elas eram inspira\u00e7\u00e3o como mulheres\u201d, afirma Luana. Ela ainda complementa \u00a0que o espet\u00e1culo cont\u00e9m diversos trechos que n\u00e3o s\u00e3o de cria\u00e7\u00e3o do grupo, mas que surgiram atrav\u00e9s da pesquisa sobre as dramaturgas.<\/span><\/p>\n<p><span style=\"font-weight: 400;\">Para que a pe\u00e7a se aproximasse ao m\u00e1ximo do p\u00fablico, a \u00e1rea de sonoplastia mesclou elementos gravados e ao vivo. Segundo Gabriel Willian, um dos respons\u00e1veis por essa \u00e1rea, \u201cdurante os ensaios demos est\u00edmulos aos atores com os instrumentos, mas s\u00f3 depois de muito tempo que introduzimos a sonoplastia dentro do que estava sendo estabelecido\u201d.<\/span><\/p>\n<p><span style=\"font-weight: 400;\">O machismo tamb\u00e9m foi um assunto abordado pela pe\u00e7a, na tentativa de produzir algo que envolvesse o p\u00fablico. \u201cTrouxemos alguns s\u00edmbolos sutis presentes na nossa realidade, como os personagens masculinos que eram sempre carregados de machismo mesmo que sem inten\u00e7\u00e3o\u201d, diz Luana Sim\u00e3o.<\/span><\/p>\n<figure id=\"attachment_9787\" aria-describedby=\"caption-attachment-9787\" style=\"width: 1024px\" class=\"wp-caption aligncenter\"><a href=\"http:\/\/jornalismo.ufsj.edu.br\/van\/wp-content\/uploads\/2018\/07\/Para-se-aproximar-da-realidade-E.L.A-retrata-a-vida-de-um-grupo-de-mulheres-que-moram-no-mesmo-pr\u00e9dio.-Foto-por-Isabela-Souza.jpg\"><img loading=\"lazy\" decoding=\"async\" class=\"size-large wp-image-9787\" src=\"http:\/\/jornalismo.ufsj.edu.br\/van\/wp-content\/uploads\/2018\/07\/Para-se-aproximar-da-realidade-E.L.A-retrata-a-vida-de-um-grupo-de-mulheres-que-moram-no-mesmo-pr\u00e9dio.-Foto-por-Isabela-Souza-1024x683.jpg\" alt=\"\" width=\"1024\" height=\"683\" srcset=\"http:\/\/jornalismo.ufsj.edu.br\/van\/wp-content\/uploads\/2018\/07\/Para-se-aproximar-da-realidade-E.L.A-retrata-a-vida-de-um-grupo-de-mulheres-que-moram-no-mesmo-pr\u00e9dio.-Foto-por-Isabela-Souza-1024x683.jpg 1024w, http:\/\/jornalismo.ufsj.edu.br\/van\/wp-content\/uploads\/2018\/07\/Para-se-aproximar-da-realidade-E.L.A-retrata-a-vida-de-um-grupo-de-mulheres-que-moram-no-mesmo-pr\u00e9dio.-Foto-por-Isabela-Souza-300x200.jpg 300w, http:\/\/jornalismo.ufsj.edu.br\/van\/wp-content\/uploads\/2018\/07\/Para-se-aproximar-da-realidade-E.L.A-retrata-a-vida-de-um-grupo-de-mulheres-que-moram-no-mesmo-pr\u00e9dio.-Foto-por-Isabela-Souza-768x512.jpg 768w\" sizes=\"auto, (max-width: 1024px) 100vw, 1024px\" \/><\/a><figcaption id=\"caption-attachment-9787\" class=\"wp-caption-text\">Para se aproximar da realidade, E.L.A retrata a vida de um grupo de mulheres que moram no mesmo pr\u00e9dio. (Foto\/VAN: Isabela Souza)<\/figcaption><\/figure>\n<p><span style=\"font-weight: 400;\">Texto\/VAN: Isabela Souza<br \/>\n<\/span><span style=\"font-weight: 400;\">Foto\/VAN: Isabela Souza<\/span><\/p>\n","protected":false},"excerpt":{"rendered":"<p>Estudantes de teatro falam sobre o machismo e a perda da sensibilidade em novo espet\u00e1culo. \u201cO E.L.A trouxe muitas hist\u00f3rias de mulheres sens\u00edveis e fortes, cada uma da sua maneira.<\/p>\n","protected":false},"author":2,"featured_media":9786,"comment_status":"open","ping_status":"open","sticky":false,"template":"","format":"standard","meta":{"_monsterinsights_skip_tracking":false,"_monsterinsights_sitenote_active":false,"_monsterinsights_sitenote_note":"","_monsterinsights_sitenote_category":0,"_themeisle_gutenberg_block_has_review":false,"cybocfi_hide_featured_image":"","footnotes":""},"categories":[13,109],"tags":[],"class_list":["post-9785","post","type-post","status-publish","format-standard","has-post-thumbnail","hentry","category-cultura","category-sao-joao-del-rei-microrregiao-de-sao-joao-del-rei"],"_links":{"self":[{"href":"http:\/\/jornalismo.ufsj.edu.br\/van\/wp-json\/wp\/v2\/posts\/9785","targetHints":{"allow":["GET"]}}],"collection":[{"href":"http:\/\/jornalismo.ufsj.edu.br\/van\/wp-json\/wp\/v2\/posts"}],"about":[{"href":"http:\/\/jornalismo.ufsj.edu.br\/van\/wp-json\/wp\/v2\/types\/post"}],"author":[{"embeddable":true,"href":"http:\/\/jornalismo.ufsj.edu.br\/van\/wp-json\/wp\/v2\/users\/2"}],"replies":[{"embeddable":true,"href":"http:\/\/jornalismo.ufsj.edu.br\/van\/wp-json\/wp\/v2\/comments?post=9785"}],"version-history":[{"count":3,"href":"http:\/\/jornalismo.ufsj.edu.br\/van\/wp-json\/wp\/v2\/posts\/9785\/revisions"}],"predecessor-version":[{"id":9792,"href":"http:\/\/jornalismo.ufsj.edu.br\/van\/wp-json\/wp\/v2\/posts\/9785\/revisions\/9792"}],"wp:featuredmedia":[{"embeddable":true,"href":"http:\/\/jornalismo.ufsj.edu.br\/van\/wp-json\/wp\/v2\/media\/9786"}],"wp:attachment":[{"href":"http:\/\/jornalismo.ufsj.edu.br\/van\/wp-json\/wp\/v2\/media?parent=9785"}],"wp:term":[{"taxonomy":"category","embeddable":true,"href":"http:\/\/jornalismo.ufsj.edu.br\/van\/wp-json\/wp\/v2\/categories?post=9785"},{"taxonomy":"post_tag","embeddable":true,"href":"http:\/\/jornalismo.ufsj.edu.br\/van\/wp-json\/wp\/v2\/tags?post=9785"}],"curies":[{"name":"wp","href":"https:\/\/api.w.org\/{rel}","templated":true}]}}