{"id":970,"date":"2015-05-16T18:56:04","date_gmt":"2015-05-16T18:56:04","guid":{"rendered":"http:\/\/jornalismo.ufsj.edu.br\/van\/?p=970"},"modified":"2015-05-18T20:35:22","modified_gmt":"2015-05-18T20:35:22","slug":"970","status":"publish","type":"post","link":"http:\/\/jornalismo.ufsj.edu.br\/van\/970\/","title":{"rendered":"SJDR sedia evento internacional de Mountain bike"},"content":{"rendered":"<p style=\"text-align: center;\">\n<p style=\"text-align: center;\">\n<p style=\"text-align: center;\">\n<p style=\"text-align: center;\">\n<p style=\"text-align: center;\"><em>Grandes nomes do ciclismo mundial j\u00e1 est\u00e3o presentes em <\/em>S\u00e3o Jo\u00e3o del-Rei, a fim de<em> garantir uma boa classifica\u00e7\u00e3o para as Olimp\u00edadas de 2016, no Rio de Janeiro.<\/em><\/p>\n<p><img loading=\"lazy\" decoding=\"async\" class=\"wp-image-971 aligncenter\" src=\"http:\/\/jornalismo.ufsj.edu.br\/van\/wp-content\/uploads\/2015\/05\/foto-300x194.jpg\" alt=\"foto\" width=\"391\" height=\"253\" srcset=\"http:\/\/jornalismo.ufsj.edu.br\/van\/wp-content\/uploads\/2015\/05\/foto-300x194.jpg 300w, http:\/\/jornalismo.ufsj.edu.br\/van\/wp-content\/uploads\/2015\/05\/foto.jpg 600w\" sizes=\"auto, (max-width: 391px) 100vw, 391px\" \/><\/p>\n<p>A cidade recebe pela terceira vez a edi\u00e7\u00e3o da Copa Internacional de <em>Mountain Bike<\/em>.<!--more--> A competi\u00e7\u00e3o acontece nos dias 15, 16 e 17 deste m\u00eas, no\u00a0<em>campus\u00a0<\/em>Tancredo de Almeida Neves (CTAN) da UFSJ, com entrada gratuita nos tr\u00eas dias.<\/p>\n<p>A cidade mineira receber\u00e1 cerca de 900 ciclistas, de nove pa\u00edses, que competir\u00e3o at\u00e9 domingo (17), em quase 30 categorias diferentes, desde a modalidade mirim at\u00e9 a dos veteranos. Prova de classe 1, segundo crit\u00e9rios da Uni\u00e3o Cicl\u00edstica Internacional (UCI), o evento deste ano dar\u00e1 60 pontos ao vencedor do <em>Cross Country<\/em> (XCO) e 10 pontos ao vencedor do <em>Sprint Eliminator<\/em> (XCE) nos <em>rankings<\/em> mundial e ol\u00edmpico, al\u00e9m de valer novamente bcomo etapa da UCI Junior Series.<\/p>\n<p>&#8220;A estrutura do CTAN j\u00e1 est\u00e1 toda montada para recepcionar os atletas e o p\u00fablico para mais uma etapa da Copa Internacional Levorin de <em>Mountain Bike<\/em>. A expectativa \u00e9 de que o evento em S\u00e3o Jo\u00e3o del-Rei seja novamente um sucesso, assim como nos dois anos anteriores&#8221;, declara Rog\u00e9rio Bernardes, organizador da principal competi\u00e7\u00e3o de MTB da Am\u00e9rica Latina.<\/p>\n<p>No ano passado, o CTAN ficou repleto de pessoas para assistir ao evento. Grandes nomes do ciclismo nacional e mundial, como o vencedor da prova de 2014 na cidade &#8211; Henrique Avancine &#8211; \u00a0est\u00e3o entre os dez melhores do mundo. No feminino, a ciclista Erika Gramiscelli tamb\u00e9m foi vencedora da etapa no ano passado.\u00a0 Em 2016, a etapa s\u00e3o-joanense ser\u00e1 decisiva para os jogos ol\u00edmpicos. \u201cA presen\u00e7a maci\u00e7a de atletas estrangeiros e brasileiros de ponta torna a competi\u00e7\u00e3o imperd\u00edvel\u201d, acrescentou o organizador.<\/p>\n<p>Para a cidade, o evento proporciona \u00a0impactos favor\u00e1veis na economia local. Segundo a organiza\u00e7\u00e3o, a maioria dos hot\u00e9is est\u00e3o repletos e o movimento nos restaurantes vai aumentar consideravelmente.<\/p>\n<p>A copa tamb\u00e9m possui seu lado social, pois envolve os atletas na doa\u00e7\u00e3o de alimentos: cada um oferece dois quilos de alimentos para competir. Outra a\u00e7\u00e3o \u00e9 envolver as crian\u00e7as e adolescentes, organizando junto \u00e0 Secretaria de Educa\u00e7\u00e3o um concurso de desenho e reda\u00e7\u00e3o, premiando os vencedores com uma bicicleta.<\/p>\n<p>\u201cAl\u00e9m de incentivarem a pr\u00e1tica esportiva, os organizadores do evento possuem objetivos sociais e educativos. Tamb\u00e9m podemos afirmar com seguran\u00e7a que a CIMTB Levorin gera um aquecimento da economia tanto na rede hoteleira, quanto no com\u00e9rcio e nos restaurantes&#8221;, analisou Cleudes Barbosa, Secret\u00e1rio Municipal de Esporte e Lazer.<\/p>\n<p>Ap\u00f3s a etapa s\u00e3o-joanense, o pr\u00f3ximo local das competi\u00e7\u00f5es ser\u00e1 a cidade hist\u00f3rica de Congonhas no m\u00eas de novembro.<\/p>\n<p>&nbsp;<\/p>\n<p>Texto: Willian Carvalho\/VAN<\/p>\n<p>Foto: Divulga\u00e7\u00e3o<\/p>\n","protected":false},"excerpt":{"rendered":"<p>Grandes nomes do ciclismo mundial j\u00e1 est\u00e3o presentes em S\u00e3o Jo\u00e3o del-Rei, a fim de garantir uma boa classifica\u00e7\u00e3o para as Olimp\u00edadas de 2016, no Rio de Janeiro. A cidade<\/p>\n","protected":false},"author":2,"featured_media":971,"comment_status":"open","ping_status":"open","sticky":false,"template":"","format":"standard","meta":{"_monsterinsights_skip_tracking":false,"_monsterinsights_sitenote_active":false,"_monsterinsights_sitenote_note":"","_monsterinsights_sitenote_category":0,"_themeisle_gutenberg_block_has_review":false,"cybocfi_hide_featured_image":"","footnotes":""},"categories":[16,109],"tags":[],"class_list":["post-970","post","type-post","status-publish","format-standard","has-post-thumbnail","hentry","category-esporte","category-sao-joao-del-rei-microrregiao-de-sao-joao-del-rei"],"_links":{"self":[{"href":"http:\/\/jornalismo.ufsj.edu.br\/van\/wp-json\/wp\/v2\/posts\/970","targetHints":{"allow":["GET"]}}],"collection":[{"href":"http:\/\/jornalismo.ufsj.edu.br\/van\/wp-json\/wp\/v2\/posts"}],"about":[{"href":"http:\/\/jornalismo.ufsj.edu.br\/van\/wp-json\/wp\/v2\/types\/post"}],"author":[{"embeddable":true,"href":"http:\/\/jornalismo.ufsj.edu.br\/van\/wp-json\/wp\/v2\/users\/2"}],"replies":[{"embeddable":true,"href":"http:\/\/jornalismo.ufsj.edu.br\/van\/wp-json\/wp\/v2\/comments?post=970"}],"version-history":[{"count":5,"href":"http:\/\/jornalismo.ufsj.edu.br\/van\/wp-json\/wp\/v2\/posts\/970\/revisions"}],"predecessor-version":[{"id":976,"href":"http:\/\/jornalismo.ufsj.edu.br\/van\/wp-json\/wp\/v2\/posts\/970\/revisions\/976"}],"wp:featuredmedia":[{"embeddable":true,"href":"http:\/\/jornalismo.ufsj.edu.br\/van\/wp-json\/wp\/v2\/media\/971"}],"wp:attachment":[{"href":"http:\/\/jornalismo.ufsj.edu.br\/van\/wp-json\/wp\/v2\/media?parent=970"}],"wp:term":[{"taxonomy":"category","embeddable":true,"href":"http:\/\/jornalismo.ufsj.edu.br\/van\/wp-json\/wp\/v2\/categories?post=970"},{"taxonomy":"post_tag","embeddable":true,"href":"http:\/\/jornalismo.ufsj.edu.br\/van\/wp-json\/wp\/v2\/tags?post=970"}],"curies":[{"name":"wp","href":"https:\/\/api.w.org\/{rel}","templated":true}]}}