{"id":907,"date":"2011-09-20T12:18:00","date_gmt":"2011-09-20T12:18:00","guid":{"rendered":"http:\/\/jornalismo.ufsj.edu.br\/van\/?p=907"},"modified":"2011-09-20T12:18:00","modified_gmt":"2011-09-20T12:18:00","slug":"moradores-colaboram-com-separacao-de","status":"publish","type":"post","link":"http:\/\/jornalismo.ufsj.edu.br\/van\/moradores-colaboram-com-separacao-de\/","title":{"rendered":"Moradores colaboram com a separa\u00e7\u00e3o de recicl\u00e1veis"},"content":{"rendered":"<table cellpadding=\"0\" cellspacing=\"0\" class=\"tr-caption-container\" style=\"float: left; margin-right: 1em; text-align: left;\">\n<tbody>\n<tr>\n<td style=\"text-align: center;\"><a href=\"http:\/\/4.bp.blogspot.com\/-4dEK4YoDvto\/TniCzqRhaGI\/AAAAAAAAAD4\/MnOV_RaxD0Y\/s1600\/unisol_destaque.JPG\" imageanchor=\"1\" style=\"clear: left; margin-bottom: 1em; margin-left: auto; margin-right: auto;\"><img loading=\"lazy\" decoding=\"async\" border=\"0\" height=\"138\" src=\"http:\/\/4.bp.blogspot.com\/-4dEK4YoDvto\/TniCzqRhaGI\/AAAAAAAAAD4\/MnOV_RaxD0Y\/s200\/unisol_destaque.JPG\" width=\"200\" \/><\/a><\/td>\n<\/tr>\n<tr>\n<td class=\"tr-caption\" style=\"text-align: center;\">Foto: Divulga\u00e7\u00e3o\/ Banco Real<i><\/i><br \/>\n<i><\/i><br \/>\n<i><\/i><br \/>\n<i><\/p>\n<div class=\"MsoNoSpacing\" style=\"display: inline !important; line-height: 150%; text-align: justify;\">\n&nbsp;&nbsp; &nbsp;&nbsp;<\/div>\n<p><\/i><i><\/i><\/td>\n<\/tr>\n<\/tbody>\n<\/table>\n<p><i><\/i><br \/>\n<i><\/i><br \/>\n<i><\/i><br \/>\n<i><\/i><br \/>\n<i><\/p>\n<div class=\"MsoNormal\" style=\"text-align: justify;\">\n<\/div>\n<div class=\"MsoNoSpacing\" style=\"line-height: 150%; text-align: justify;\">\n<\/div>\n<div align=\"center\" class=\"MsoNoSpacing\" style=\"text-align: center;\">\nPessoas pagam suas contas com o dinheiro ganho na reciclagem de<br \/>\nres\u00edduos<\/div>\n<div class=\"MsoNoSpacing\" style=\"line-height: 150%; text-align: justify;\">\n&nbsp;&nbsp; &nbsp; &nbsp; &nbsp; &nbsp; &nbsp;No bairro de<br \/>\nMatosinhos, em S\u00e3o Jo\u00e3o del-Rei, a Associa\u00e7\u00e3o de Catadores de Materiais<br \/>\nRecicl\u00e1veis (ASCAS) promove uma atividade de preocupa\u00e7\u00e3o ecol\u00f3gica e<br \/>\nconscientiza\u00e7\u00e3o ambiental. Seus integrantes visitam as resid\u00eancias, conversando<br \/>\ncom os moradores para lembr\u00e1-los da import\u00e2ncia da triagem do material<br \/>\nrecicl\u00e1vel. Parte da comunidade coopera com o trabalho dos catadores entregando<br \/>\no lixo j\u00e1 separado em sacos.<\/div>\n<div class=\"MsoNoSpacing\" style=\"line-height: 150%; text-align: justify; text-indent: .5in;\">\nAinda assim, a maioria das pessoas n\u00e3o tem consci\u00eancia<br \/>\nambiental e descarta o lixo sem se preocupar com seu destino final ou com as<br \/>\npossibilidades de reaproveito do material.<\/div>\n<div class=\"MsoNoSpacing\" style=\"line-height: 150%; text-align: justify; text-indent: .5in;\">\nA dona de casa, Luiza de Santos, 55 anos, diz que sempre<br \/>\nrealizou a separa\u00e7\u00e3o dos res\u00edduos. &#8220;Tenho um saco para cada tipo de lixo,<br \/>\nalum\u00ednio, papel, pl\u00e1stico e comida. N\u00e3o pode jogar tudo fora no mesmo saco<br \/>\nporque depois dificulta o trabalho dos catadores&#8221;, orienta.<\/div>\n<div class=\"MsoNoSpacing\" style=\"line-height: 150%; text-align: justify; text-indent: .5in;\">\nSegundo a atendente, Carla Gon\u00e7alves, 25, sua fam\u00edlia se<br \/>\nconscientizou sobre a destina\u00e7\u00e3o do lixo ap\u00f3s conversas com os agentes da<br \/>\nAscas. &#8220;Foi bem legal a visita deles aqui, nos explicaram a import\u00e2ncia de<br \/>\ncolaborar com a preserva\u00e7\u00e3o do meio ambiente&#8221;, conta.<\/div>\n<div class=\"MsoNoSpacing\" style=\"line-height: 150%; text-align: justify;\">\n<\/div>\n<div class=\"MsoNoSpacing\" style=\"line-height: 150%; text-align: justify;\">\n<b>Ascas<\/b><b><br \/>\n<\/b>&nbsp;&nbsp;&nbsp;&nbsp;&nbsp;&nbsp;&nbsp;&nbsp;&nbsp;&nbsp;&nbsp; A Associa\u00e7\u00e3o de Catadores de<br \/>\nMateriais Recicl\u00e1veis (ASCAS) se consolidou no servi\u00e7o ecol\u00f3gico de reciclagem<br \/>\nde, aproximadamente, 40 toneladas de lixo por m\u00eas. Seus associados se orgulham<br \/>\nda profiss\u00e3o de agentes&nbsp; ambientais e contam que tiram seu sustento do<br \/>\nlixo. &#8220;Nosso trabalho \u00e9 nobre, important\u00edssimo para a cidade. Cato todos<br \/>\nos materiais que posso, mesmo aqueles que n\u00e3o d\u00e3o tanto dinheiro, para ajudar a<br \/>\nlimpar as ruas&#8221;, disse Jos\u00e9 Andr\u00e9 Ribeiro.<\/div>\n<div class=\"MsoNoSpacing\" style=\"line-height: 150%; text-align: justify;\">\n&nbsp;&nbsp;&nbsp;&nbsp;&nbsp;&nbsp;&nbsp;&nbsp;&nbsp;&nbsp;&nbsp; Jos\u00e9<br \/>\nRibeiro contou que toda a sua renda mensal vem do trabalho na reciclagem do<br \/>\nlixo e que gra\u00e7as a ela, consegue viver bem com sua fam\u00edlia. &#8220;Antes eu<br \/>\npassava apertado, ficava devendo o aluguel. Hoje, eu n\u00e3o passo mais<br \/>\ndificuldade, pago minhas contas e ando de cabe\u00e7a erguida. Deito na cama e durmo<br \/>\ntranquilo&#8221;, afirmou Andr\u00e9. <\/div>\n<div class=\"MsoNoSpacing\" style=\"line-height: 150%; text-align: justify; text-indent: .5in;\">\nO catador Jo\u00e3o Bosco de Oliveira ressaltou que os catadores<br \/>\nt\u00eam trabalho e vida dignos, fam\u00edlia e filhos. &#8220;Nossas crian\u00e7as est\u00e3o todas<br \/>\nalimentadas e estudando. Fazemos um trabalho ecol\u00f3gico e respeit\u00e1vel como outro<br \/>\nqualquer&#8221;, afirmou.<\/div>\n<div class=\"MsoNoSpacing\" style=\"line-height: 150%; text-align: justify;\">\n<br \/>\n<b>O lixo e a arte<\/b><\/div>\n<div class=\"MsoNoSpacing\" style=\"line-height: 150%; text-align: justify; text-indent: .5in;\">\nO artista pl\u00e1stico Wanderley Guilherme, conhecido como<br \/>\nWangui, trabalha com a reciclagem dos res\u00edduos. Para ele, o lixo \u00e9 subs\u00eddio<br \/>\nart\u00edstico, sua tela de pintura. &#8220;Todo material que eu tenho, madeira,<br \/>\ncer\u00e2mica, pedra, eletr\u00f4nicos, transformo em arte. Fa\u00e7o isso em defesa do meio<br \/>\nambiente, mostrando que a arte pode transformar tudo, todos os males do mundo.<br \/>\nN\u00e3o \u00e9 preciso ter uma tela ou um papel para pintar. At\u00e9 as garrafas&nbsp;pet&nbsp;eu transformei em<br \/>\narte&#8221;, contou Wangui.<br \/>\n&nbsp;&nbsp;&nbsp;&nbsp;&nbsp;&nbsp;&nbsp;&nbsp;&nbsp;&nbsp;&nbsp; O artista pl\u00e1stico ressaltou a<br \/>\nnecessidade de iniciar uma mudan\u00e7a nos costumes da sociedade. &#8220;Porque n\u00e3o<br \/>\nparar de fazer tanto lixo? O lixo \u00e9 sufocante, mas o lixo tamb\u00e9m \u00e9 alimento e \u00e9<br \/>\nemprego. As pessoas t\u00eam que, pelo menos, fazer uma reciclagem, viver bem e n\u00e3o<br \/>\nfazer tanto mal ao meio ambiente&#8221;, aconselhou Wangui.<\/div>\n<div class=\"MsoNoSpacing\" style=\"line-height: 150%; text-align: justify; text-indent: .5in;\">\n<\/div>\n<div class=\"MsoNoSpacing\" style=\"line-height: 150%; text-align: justify; text-indent: .5in;\">\nTexto: Marcelo Alves<\/div>\n<div style=\"margin-bottom: 0px; margin-left: 0px; margin-right: 0px; margin-top: 0px;\">\n&#8212;<\/div>\n<div style=\"margin-bottom: 0px; margin-left: 0px; margin-right: 0px; margin-top: 0px; text-align: center;\">\n<i>Para copiar e reproduzir qualquer conte\u00fado da VAN, envie um e-mail para vanufsj@gmail.com, solicitando a reportagem desejada. \u00c9 simples e gratuito.<\/i><\/div>\n<p><\/i><\/p>\n","protected":false},"excerpt":{"rendered":"<p>Foto: Divulga\u00e7\u00e3o\/ Banco Real &nbsp;&nbsp; &nbsp;&nbsp; Pessoas pagam suas contas com o dinheiro ganho na reciclagem de res\u00edduos &nbsp;&nbsp; &nbsp; &nbsp; &nbsp; &nbsp; &nbsp;No bairro de Matosinhos, em S\u00e3o Jo\u00e3o<\/p>\n","protected":false},"author":2,"featured_media":0,"comment_status":"open","ping_status":"open","sticky":false,"template":"","format":"standard","meta":{"_monsterinsights_skip_tracking":false,"_monsterinsights_sitenote_active":false,"_monsterinsights_sitenote_note":"","_monsterinsights_sitenote_category":0,"_themeisle_gutenberg_block_has_review":false,"cybocfi_hide_featured_image":"","footnotes":""},"categories":[1],"tags":[161,156],"class_list":["post-907","post","type-post","status-publish","format-standard","hentry","category-sem-categoria","tag-economia","tag-meio-ambiente"],"_links":{"self":[{"href":"http:\/\/jornalismo.ufsj.edu.br\/van\/wp-json\/wp\/v2\/posts\/907","targetHints":{"allow":["GET"]}}],"collection":[{"href":"http:\/\/jornalismo.ufsj.edu.br\/van\/wp-json\/wp\/v2\/posts"}],"about":[{"href":"http:\/\/jornalismo.ufsj.edu.br\/van\/wp-json\/wp\/v2\/types\/post"}],"author":[{"embeddable":true,"href":"http:\/\/jornalismo.ufsj.edu.br\/van\/wp-json\/wp\/v2\/users\/2"}],"replies":[{"embeddable":true,"href":"http:\/\/jornalismo.ufsj.edu.br\/van\/wp-json\/wp\/v2\/comments?post=907"}],"version-history":[{"count":0,"href":"http:\/\/jornalismo.ufsj.edu.br\/van\/wp-json\/wp\/v2\/posts\/907\/revisions"}],"wp:attachment":[{"href":"http:\/\/jornalismo.ufsj.edu.br\/van\/wp-json\/wp\/v2\/media?parent=907"}],"wp:term":[{"taxonomy":"category","embeddable":true,"href":"http:\/\/jornalismo.ufsj.edu.br\/van\/wp-json\/wp\/v2\/categories?post=907"},{"taxonomy":"post_tag","embeddable":true,"href":"http:\/\/jornalismo.ufsj.edu.br\/van\/wp-json\/wp\/v2\/tags?post=907"}],"curies":[{"name":"wp","href":"https:\/\/api.w.org\/{rel}","templated":true}]}}