{"id":9066,"date":"2018-04-19T18:57:13","date_gmt":"2018-04-19T21:57:13","guid":{"rendered":"http:\/\/jornalismo.ufsj.edu.br\/van\/?p=9066"},"modified":"2018-04-19T18:57:13","modified_gmt":"2018-04-19T21:57:13","slug":"e-oficial-humor-citrico-e-politicamente-incorreto-de-leo-lins-chega-a-barbacena","status":"publish","type":"post","link":"http:\/\/jornalismo.ufsj.edu.br\/van\/e-oficial-humor-citrico-e-politicamente-incorreto-de-leo-lins-chega-a-barbacena\/","title":{"rendered":"\u00c9 oficial: Humor c\u00edtrico e politicamente incorreto de L\u00e9o Lins chega a  Barbacena"},"content":{"rendered":"<h4 style=\"text-align: center;\">Humorista, que chegou a ter seu show cancelado, confirma o espet\u00e1culo e promete contar \u201ca verdadeira hist\u00f3ria de Barbacena, segundo seus moradores\u201d<\/h4>\n<p>&nbsp;<\/p>\n<p>\u201cSeja onde for o limite do humor, estamos na fronteira\u201d. Ap\u00f3s chegado pr\u00f3ximo demais de tal fronteira e ter seu show cancelado em Barbacena, \u00e9 com este lema que L\u00e9o Lins confirma sua passagem pela cidade, no pr\u00f3ximo\u00a0 domingo (22\/04), com seu show stand up comedy \u201cBullying Arte\u201d em um novo local.<\/p>\n<p>Humorista, ator, redator, m\u00e1gico e escritor, Leonardo de Lima Borges Lins, muito conhecido atualmente por sua participa\u00e7\u00e3o no programa de televis\u00e3o The Noite com Danilo Gentili, come\u00e7ou sua carreira em 2005 com shows de m\u00e1gica e foi integrante do primeiro grupo de stand up do pa\u00eds: o Com\u00e9dia em P\u00e9. Desde 2009, vem investido em sua carreira solo e chega, agora, em Barbacena com seu espet\u00e1culo \u201cBullying Arte\u201d, com o qual se apresenta pelo pa\u00eds desde Junho de 2016.<\/p>\n<p>Rei do humor negro, como se autodenomina, o humorista aposta em um roteiro afiado e de humor \u00e1cido, em que faz piadas sobre a realidade local com base na ideia de fazer rir ao abordar satiricamente temas delicados do cotidiano da cidade e de seu residentes, como deixa claro no v\u00eddeo de chamada para o evento que publicou em sua p\u00e1gina oficial no Facebook e que causou a rescis\u00e3o de contrato com a primeira casa que receberia o evento.<\/p>\n<p>No v\u00eddeo, L\u00e9o Lins diz narrar a \u201cverdadeira hist\u00f3ria de Barbacena, segundo seus moradores\u201d, com um texto elaborado a partir da resposta dos pr\u00f3prios em uma publica\u00e7\u00e3o, na mesma rede social, em que pede coment\u00e1rios sobre a cidade.<\/p>\n<p>Ao citar fam\u00edlias tradicionais e realidades j\u00e1 conhecidas da popula\u00e7\u00e3o, como a quest\u00e3o dos sem\u00e1foros, ruas esburacadas e a qualidade do transporte p\u00fablico, al\u00e9m de ressalvas e trocadilhos referentes a participa\u00e7\u00e3o da cidade, enquanto ainda vila, na inconfid\u00eancia mineira, o comediante provoca e incita as pessoas que, segundo ele, \u201cn\u00e3o se ofendem facilmente com piadas\u201d, a comparecerem ao seu show.<\/p>\n<p>Um show de \u201chorror, desrespeito e zombaria\u201d, foi como a Dire\u00e7\u00e3o do Autom\u00f3vel Clube (local que receberia o evento) caracterizou o espet\u00e1culo ap\u00f3s a circula\u00e7\u00e3o do v\u00eddeo, anunciando ainda que n\u00e3o aceitaria que \u201cfossem denegridas autoridades do nosso munic\u00edpio e pessoas\/fam\u00edlias que muito contribu\u00edram para a funda\u00e7\u00e3o, crescimento e desenvolvimento da nobre e leal cidade e n\u00e3o desleal cidade, conforme no v\u00eddeo Barbacena \u00e9 execrada\u201d.<\/p>\n<p>Afirmando que \u201cse o pr\u00f3logo para n\u00f3s \u00e9 estarrecedor, n\u00e3o queremos imaginar o show em si\u201d, a casa cancelou, nesta quarta-feira (18\/04), a realiza\u00e7\u00e3o do evento em suas depend\u00eancias. Em resposta, o humorista, que j\u00e1 teve seu espet\u00e1culo cancelado em outras cidades -como a vizinha S\u00e3o Jo\u00e3o Del Rei- pelas mesmas raz\u00f5es, publicou um novo v\u00eddeo em sua rede social (19\/04), em que l\u00ea trechos da nota recebida e, ao afirmar que quase 500 ingressos j\u00e1 teriam<br \/>\nsido vendidos, questiona \u201cse n\u00e3o teria ofendido uma fam\u00edlia em particular e n\u00e3o todos os moradores da cidade, como esta diz\u201d.<\/p>\n<p>A produtora do evento informa que o espet\u00e1culo, que tem censura 18 anos, acontecer\u00e1 agora no Clube Andara\u00ed, localizado na Avenida Bias Fortes, \u00e0s 20:00h e os ingressos podem ser adquiridos na Barbearia VIP, Wizard Barbacena, Mattos Cal\u00e7ados ou online atrav\u00e9s do <a href=\"http:\/\/www.sympla.com.br\">site<\/a>.<\/p>\n<p>&nbsp;<\/p>\n<p>Texto\/VAN: Isabella Rocha Paolucci e Raphaela Mara Garcia Ferreira<br \/>\nFoto\/Reprodu\u00e7\u00e3o: Divulga\u00e7\u00e3o<\/p>\n","protected":false},"excerpt":{"rendered":"<p>Humorista, que chegou a ter seu show cancelado, confirma o espet\u00e1culo e promete contar \u201ca verdadeira hist\u00f3ria de Barbacena, segundo seus moradores\u201d &nbsp; \u201cSeja onde for o limite do humor,<\/p>\n","protected":false},"author":2,"featured_media":9068,"comment_status":"open","ping_status":"open","sticky":false,"template":"","format":"standard","meta":{"_monsterinsights_skip_tracking":false,"_monsterinsights_sitenote_active":false,"_monsterinsights_sitenote_note":"","_monsterinsights_sitenote_category":0,"_themeisle_gutenberg_block_has_review":false,"cybocfi_hide_featured_image":"","footnotes":""},"categories":[20,13],"tags":[],"class_list":["post-9066","post","type-post","status-publish","format-standard","has-post-thumbnail","hentry","category-barbacena","category-cultura"],"_links":{"self":[{"href":"http:\/\/jornalismo.ufsj.edu.br\/van\/wp-json\/wp\/v2\/posts\/9066","targetHints":{"allow":["GET"]}}],"collection":[{"href":"http:\/\/jornalismo.ufsj.edu.br\/van\/wp-json\/wp\/v2\/posts"}],"about":[{"href":"http:\/\/jornalismo.ufsj.edu.br\/van\/wp-json\/wp\/v2\/types\/post"}],"author":[{"embeddable":true,"href":"http:\/\/jornalismo.ufsj.edu.br\/van\/wp-json\/wp\/v2\/users\/2"}],"replies":[{"embeddable":true,"href":"http:\/\/jornalismo.ufsj.edu.br\/van\/wp-json\/wp\/v2\/comments?post=9066"}],"version-history":[{"count":1,"href":"http:\/\/jornalismo.ufsj.edu.br\/van\/wp-json\/wp\/v2\/posts\/9066\/revisions"}],"predecessor-version":[{"id":9067,"href":"http:\/\/jornalismo.ufsj.edu.br\/van\/wp-json\/wp\/v2\/posts\/9066\/revisions\/9067"}],"wp:featuredmedia":[{"embeddable":true,"href":"http:\/\/jornalismo.ufsj.edu.br\/van\/wp-json\/wp\/v2\/media\/9068"}],"wp:attachment":[{"href":"http:\/\/jornalismo.ufsj.edu.br\/van\/wp-json\/wp\/v2\/media?parent=9066"}],"wp:term":[{"taxonomy":"category","embeddable":true,"href":"http:\/\/jornalismo.ufsj.edu.br\/van\/wp-json\/wp\/v2\/categories?post=9066"},{"taxonomy":"post_tag","embeddable":true,"href":"http:\/\/jornalismo.ufsj.edu.br\/van\/wp-json\/wp\/v2\/tags?post=9066"}],"curies":[{"name":"wp","href":"https:\/\/api.w.org\/{rel}","templated":true}]}}