{"id":8992,"date":"2018-04-08T09:00:22","date_gmt":"2018-04-08T12:00:22","guid":{"rendered":"http:\/\/jornalismo.ufsj.edu.br\/van\/?p=8992"},"modified":"2018-04-08T02:11:03","modified_gmt":"2018-04-08T05:11:03","slug":"arquitetas-nomades-retornam-com-projetos-em-sao-joao-del-rei","status":"publish","type":"post","link":"http:\/\/jornalismo.ufsj.edu.br\/van\/arquitetas-nomades-retornam-com-projetos-em-sao-joao-del-rei\/","title":{"rendered":"Arquitetas N\u00f4mades retornam com projetos em S\u00e3o Jo\u00e3o del-Rei"},"content":{"rendered":"<h4 style=\"text-align: center;\"><em><span style=\"font-weight: 400;\">Ap\u00f3s a primeira obra conclu\u00edda com sucesso no Matozinhos, o grupo arrecada verbas para a realiza\u00e7\u00e3o das pr\u00f3ximas obras no bairro S\u00e3o Dimas<\/span><\/em><\/h4>\n<p>&nbsp;<\/p>\n<p><span style=\"font-weight: 400;\">Arquitetas n\u00f4mades \u00e9 um projeto que oferece aux\u00edlio profissional em reformas parciais nas casas de fam\u00edlias com baixa renda. \u00a0A iniciativa come\u00e7ou com as Arquitetas e Urbanistas, Amanda Carvalho e Camila Leal em 2017, quando participaram de um laborat\u00f3rio de impactos sociais. Hoje, a equipe \u00e9 composta por mais 3 membros, o gestor de finan\u00e7as e recursos humanos Hudson Carvalho, o consultor estrat\u00e9gico Douglas Ara\u00fajo, e a estagi\u00e1ria Helena Celestino que est\u00e1 cursando Engenharia El\u00e9trica.<\/span><\/p>\n<p><span style=\"font-weight: 400;\">O grupo j\u00e1 realizou uma reforma em S\u00e3o Jo\u00e3o del-Rei, cidade onde inicialmente operam, mas a equipe t\u00eam o projeto de expandir sua \u00e1rea de atua\u00e7\u00e3o. A primeira beneficiada foi a senhora Vanir, moradora do bairro Matosinhos, que teve seu banheiro reformado na primeira interven\u00e7\u00e3o do projeto. O banheiro se encontrava todo rachado e com infiltra\u00e7\u00f5es. Dona Vanir ficou muito satisfeita com a reforma, ela afirma: \u201cA reforma do banheiro foi muito bom pra mim, pra minha fam\u00edlia, porque ele estava muito estragado, meio perigoso para as crian\u00e7as.\u201d<\/span><\/p>\n<figure id=\"attachment_8995\" aria-describedby=\"caption-attachment-8995\" style=\"width: 648px\" class=\"wp-caption aligncenter\"><a href=\"http:\/\/jornalismo.ufsj.edu.br\/van\/wp-content\/uploads\/2018\/04\/DSCN4570-1.jpg\"><img loading=\"lazy\" decoding=\"async\" class=\"size-large wp-image-8995\" src=\"http:\/\/jornalismo.ufsj.edu.br\/van\/wp-content\/uploads\/2018\/04\/DSCN4570-1-1024x768.jpg\" alt=\"\" width=\"648\" height=\"486\" srcset=\"http:\/\/jornalismo.ufsj.edu.br\/van\/wp-content\/uploads\/2018\/04\/DSCN4570-1-1024x768.jpg 1024w, http:\/\/jornalismo.ufsj.edu.br\/van\/wp-content\/uploads\/2018\/04\/DSCN4570-1-300x225.jpg 300w, http:\/\/jornalismo.ufsj.edu.br\/van\/wp-content\/uploads\/2018\/04\/DSCN4570-1-768x576.jpg 768w\" sizes=\"auto, (max-width: 648px) 100vw, 648px\" \/><\/a><figcaption id=\"caption-attachment-8995\" class=\"wp-caption-text\">O projeto visa deixar reformas mais vi\u00e1veis para fam\u00edlias de renda baixa. Foto\/Reprodu\u00e7\u00e3o: Mosaico Comunica\u00e7\u00e3o Jr.<\/figcaption><\/figure>\n<p><span style=\"font-weight: 400;\"> Agora o projeto visa realizar obras no bairro S\u00e3o Dimas e as contempladas foram a Dona Maria, que ter\u00e1 o banheiro e o telhado como prioridades; na casa da Regiane ser\u00e1 a cozinha e o quarto dos filhos; e na casa da Ana Paula o banheiro e a cozinha. Mas, para que as obras se iniciem \u00e9 necess\u00e1rio capital.<\/span><\/p>\n<p><span style=\"font-weight: 400;\">Para arrecadar fundos o projeto conta com contribui\u00e7\u00f5es volunt\u00e1rias que podem ocorrer na forma de materiais de constru\u00e7\u00e3o, que s\u00e3o encaminhados diretamente \u00e0s fam\u00edlias. E tamb\u00e9m com contribui\u00e7\u00e3o monet\u00e1ria atrav\u00e9s da plataforma de financiamento coletivo, Benfeitoria. Em entrevista, a arquiteta Amanda frisa a necessidade da campanha: \u201c\u00c9 importante focar nessa campanha de financiamento coletivo e no prazo, pois embora possamos receber contribui\u00e7\u00f5es em qualquer momento, se elas n\u00e3o acontecem agora, n\u00e3o realizamos a reforma e tamb\u00e9m n\u00e3o nos dedicaremos a capta\u00e7\u00e3o de recursos sempre.\u201d Falou tamb\u00e9m da necessidade de ter um capital de giro para que n\u00e3o fiquem sempre \u00e0 merc\u00ea de doa\u00e7\u00f5es.<\/span><\/p>\n<p><span style=\"font-weight: 400;\">As reformas que o projeto realiza s\u00e3o feitas em etapas, assim a fam\u00edlia consegue resolver os problemas mais urgentes de sua resid\u00eancia e quando terminam de pagar por esse primeiro servi\u00e7o podem escolher entre reformar ou n\u00e3o os outros c\u00f4modos da casa conforme suas necessidades e condi\u00e7\u00f5es. <\/span><\/p>\n<p><span style=\"font-weight: 400;\">As Arquitetas N\u00f4mades trabalham com reformas que custam at\u00e9 R$ 5.000, 00 e que possibilite \u00a0a fam\u00edlia contemplada parcelar o valor da obra em at\u00e9 36 vezes. \u00c9 de responsabilidade do grupo a compra de materiais, o projeto e a m\u00e3o de obra.<\/span><\/p>\n<figure id=\"attachment_8996\" aria-describedby=\"caption-attachment-8996\" style=\"width: 960px\" class=\"wp-caption aligncenter\"><a href=\"http:\/\/jornalismo.ufsj.edu.br\/van\/wp-content\/uploads\/2018\/04\/29595058_2147701998792176_542075055771976415_n.jpg\"><img loading=\"lazy\" decoding=\"async\" class=\"size-full wp-image-8996\" src=\"http:\/\/jornalismo.ufsj.edu.br\/van\/wp-content\/uploads\/2018\/04\/29595058_2147701998792176_542075055771976415_n.jpg\" alt=\"\" width=\"960\" height=\"960\" srcset=\"http:\/\/jornalismo.ufsj.edu.br\/van\/wp-content\/uploads\/2018\/04\/29595058_2147701998792176_542075055771976415_n.jpg 960w, http:\/\/jornalismo.ufsj.edu.br\/van\/wp-content\/uploads\/2018\/04\/29595058_2147701998792176_542075055771976415_n-150x150.jpg 150w, http:\/\/jornalismo.ufsj.edu.br\/van\/wp-content\/uploads\/2018\/04\/29595058_2147701998792176_542075055771976415_n-300x300.jpg 300w, http:\/\/jornalismo.ufsj.edu.br\/van\/wp-content\/uploads\/2018\/04\/29595058_2147701998792176_542075055771976415_n-768x768.jpg 768w, http:\/\/jornalismo.ufsj.edu.br\/van\/wp-content\/uploads\/2018\/04\/29595058_2147701998792176_542075055771976415_n-60x60.jpg 60w, http:\/\/jornalismo.ufsj.edu.br\/van\/wp-content\/uploads\/2018\/04\/29595058_2147701998792176_542075055771976415_n-80x80.jpg 80w\" sizes=\"auto, (max-width: 960px) 100vw, 960px\" \/><\/a><figcaption id=\"caption-attachment-8996\" class=\"wp-caption-text\">As reformas procuram trazer mais seguran\u00e7a e sa\u00fade para os moradores. Foto\/Reprodu\u00e7\u00e3o: Divulga\u00e7\u00e3o Facebook<\/figcaption><\/figure>\n<p><span style=\"font-weight: 400;\">O grupo n\u00e3o est\u00e1 selecionando novas fam\u00edlias para serem atendidas no momento, mas interessados podem entrar fazer contato demonstrando interesse atrav\u00e9s do <a href=\"http:\/\/www.arquitetasnomades.com.br\">site<\/a><\/span><span style=\"font-weight: 400;\">. <\/span><\/p>\n<p><span style=\"font-weight: 400;\">Todo o processo de sele\u00e7\u00e3o \u00e9 realizado em etapas, a primeira delas \u00e9 a an\u00e1lise da resid\u00eancia, onde s\u00e3o analisadas que quest\u00f5es ser\u00e3o priorizadas na reforma. Em seguida \u00e9 feito o or\u00e7amento da reforma no c\u00f4modo que necessita de cuidados mais urgentes. Ap\u00f3s a assinatura do contrato tem-se in\u00edcio \u00e0s obras.<\/span><\/p>\n<p><span style=\"font-weight: 400;\">A primeira obra realizada deixou n\u00e3o s\u00f3 a fam\u00edlia satisfeita. Amanda conta que ao entregar a primeira reforma teve a certeza que quer ajudar mais fam\u00edlias na busca de uma moradia justa, e continuar a ter a sensa\u00e7\u00e3o maravilhosa de dever cumprido.<\/span><\/p>\n<p><span style=\"font-weight: 400;\">Voc\u00ea tamb\u00e9m pode contribuir com essa a\u00e7\u00e3o,<a href=\"https:\/\/benfeitoria.com\/reformaspopulares?ref=benfeitoria-pesquisa-projetos\"> doando pelo site<\/a>. Caso a meta n\u00e3o seja alcan\u00e7ada o dinheiro da doa\u00e7\u00e3o ser\u00e1 revertido novamente ao doador. \u00a0A campanha se estende at\u00e9 o dia 16 de abril.<\/span><\/p>\n<p>&nbsp;<\/p>\n<p>Texto\/VAN: B\u00e1rbara Morais<br \/>\nFoto\/Reprodu\u00e7\u00e3o: Logo Arquitetas N\u00f4mades<br \/>\nColabora\u00e7\u00e3o: Carla Marques, Emerson William e Kamila Amaral<\/p>\n","protected":false},"excerpt":{"rendered":"<p>Ap\u00f3s a primeira obra conclu\u00edda com sucesso no Matozinhos, o grupo arrecada verbas para a realiza\u00e7\u00e3o das pr\u00f3ximas obras no bairro S\u00e3o Dimas &nbsp; Arquitetas n\u00f4mades \u00e9 um projeto que<\/p>\n","protected":false},"author":2,"featured_media":8993,"comment_status":"open","ping_status":"open","sticky":false,"template":"","format":"standard","meta":{"_monsterinsights_skip_tracking":false,"_monsterinsights_sitenote_active":false,"_monsterinsights_sitenote_note":"","_monsterinsights_sitenote_category":0,"_themeisle_gutenberg_block_has_review":false,"cybocfi_hide_featured_image":"","footnotes":""},"categories":[17,109],"tags":[],"class_list":["post-8992","post","type-post","status-publish","format-standard","has-post-thumbnail","hentry","category-cidade","category-sao-joao-del-rei-microrregiao-de-sao-joao-del-rei"],"_links":{"self":[{"href":"http:\/\/jornalismo.ufsj.edu.br\/van\/wp-json\/wp\/v2\/posts\/8992","targetHints":{"allow":["GET"]}}],"collection":[{"href":"http:\/\/jornalismo.ufsj.edu.br\/van\/wp-json\/wp\/v2\/posts"}],"about":[{"href":"http:\/\/jornalismo.ufsj.edu.br\/van\/wp-json\/wp\/v2\/types\/post"}],"author":[{"embeddable":true,"href":"http:\/\/jornalismo.ufsj.edu.br\/van\/wp-json\/wp\/v2\/users\/2"}],"replies":[{"embeddable":true,"href":"http:\/\/jornalismo.ufsj.edu.br\/van\/wp-json\/wp\/v2\/comments?post=8992"}],"version-history":[{"count":2,"href":"http:\/\/jornalismo.ufsj.edu.br\/van\/wp-json\/wp\/v2\/posts\/8992\/revisions"}],"predecessor-version":[{"id":8998,"href":"http:\/\/jornalismo.ufsj.edu.br\/van\/wp-json\/wp\/v2\/posts\/8992\/revisions\/8998"}],"wp:featuredmedia":[{"embeddable":true,"href":"http:\/\/jornalismo.ufsj.edu.br\/van\/wp-json\/wp\/v2\/media\/8993"}],"wp:attachment":[{"href":"http:\/\/jornalismo.ufsj.edu.br\/van\/wp-json\/wp\/v2\/media?parent=8992"}],"wp:term":[{"taxonomy":"category","embeddable":true,"href":"http:\/\/jornalismo.ufsj.edu.br\/van\/wp-json\/wp\/v2\/categories?post=8992"},{"taxonomy":"post_tag","embeddable":true,"href":"http:\/\/jornalismo.ufsj.edu.br\/van\/wp-json\/wp\/v2\/tags?post=8992"}],"curies":[{"name":"wp","href":"https:\/\/api.w.org\/{rel}","templated":true}]}}