{"id":8961,"date":"2018-04-07T22:12:19","date_gmt":"2018-04-08T01:12:19","guid":{"rendered":"http:\/\/jornalismo.ufsj.edu.br\/van\/?p=8961"},"modified":"2018-04-07T22:26:22","modified_gmt":"2018-04-08T01:26:22","slug":"5-curiosidades-sobre-o-dia-de-feira-e-a-agroecologia","status":"publish","type":"post","link":"http:\/\/jornalismo.ufsj.edu.br\/van\/5-curiosidades-sobre-o-dia-de-feira-e-a-agroecologia\/","title":{"rendered":"5 curiosidades sobre o Dia de Feira e a agroecologia"},"content":{"rendered":"<h4 style=\"text-align: center;\"><i><span style=\"font-weight: 400;\">Projeto busca unir sa\u00fade, di\u00e1logo e economia solid\u00e1ria<\/span><\/i><\/h4>\n<p>&nbsp;<\/p>\n<p><span style=\"font-weight: 400;\">No dia 8 de mar\u00e7o come\u00e7ou a acontecer no Campus Santo Ant\u00f4nio da Universidade Federal de S\u00e3o Jo\u00e3o del-Rei (UFSJ), toda quinta feira, de 9h \u00e0s 14h, o Dia de Feira. O projeto de extens\u00e3o, chamado oficialmente de Feira de Agroecologia e Economia Solid\u00e1ria, \u00e9 uma parceria entre a Incubadora Tecnol\u00f3gica de Cooperativas Populares (ITCP), o F\u00f3rum Regional de Economia Popular Solid\u00e1ria e a Associa\u00e7\u00e3o da Agricultura Familiar e Agroecol\u00f3gica de S\u00e3o Jo\u00e3o del-Rei (AAFAS). <\/span><\/p>\n<p><span style=\"font-weight: 400;\">De acordo com a coordenadora do projeto, Camila Negreiros, o pa\u00eds passa por um momento de transi\u00e7\u00e3o nutricional, por isso a feira foi desenvolvida. \u201cO aumento de doen\u00e7as associadas \u00e0 alimenta\u00e7\u00e3o inadequada e a necessidade de trazer uma alimenta\u00e7\u00e3o saud\u00e1vel para a comunidade acad\u00eamica nos levou a desenvolver esse projeto\u201d, relatou. <\/span><\/p>\n<p><span style=\"font-weight: 400;\">Entretanto, a alimenta\u00e7\u00e3o saud\u00e1vel, principalmente quando voltada para a agroecologia, ainda carrega muitas d\u00favidas e n\u00e3o tem tanto incentivo. A VAN listou abaixo 5 das principais curiosidades sobre o tema, confira:<\/span><\/p>\n<p>&nbsp;<\/p>\n<h3><b>1. A diferen\u00e7a entre alimento org\u00e2nico e agroecol\u00f3gico<\/b><\/h3>\n<figure id=\"attachment_8989\" aria-describedby=\"caption-attachment-8989\" style=\"width: 648px\" class=\"wp-caption aligncenter\"><a href=\"http:\/\/jornalismo.ufsj.edu.br\/van\/wp-content\/uploads\/2018\/04\/IMG_0710.jpg\"><img loading=\"lazy\" decoding=\"async\" class=\"size-large wp-image-8989\" src=\"http:\/\/jornalismo.ufsj.edu.br\/van\/wp-content\/uploads\/2018\/04\/IMG_0710-1024x683.jpg\" alt=\"\" width=\"648\" height=\"432\" srcset=\"http:\/\/jornalismo.ufsj.edu.br\/van\/wp-content\/uploads\/2018\/04\/IMG_0710-1024x683.jpg 1024w, http:\/\/jornalismo.ufsj.edu.br\/van\/wp-content\/uploads\/2018\/04\/IMG_0710-300x200.jpg 300w, http:\/\/jornalismo.ufsj.edu.br\/van\/wp-content\/uploads\/2018\/04\/IMG_0710-768x512.jpg 768w\" sizes=\"auto, (max-width: 648px) 100vw, 648px\" \/><\/a><figcaption id=\"caption-attachment-8989\" class=\"wp-caption-text\">Livres de agrot\u00f3xicos, os alimentos org\u00e2nicos s\u00e3o procurados por quem quer manter uma vida mais saud\u00e1vel. &#8211; Foto\/VAN: \u00cdcaro Chaves<\/figcaption><\/figure>\n<p><span style=\"font-weight: 400;\">Produtos org\u00e2nicos e agroecol\u00f3gicos, muitas vezes s\u00e3o confundidos, entretanto, existem diferen\u00e7as entre eles. Os produtos org\u00e2nicos apesar de serem cultivados sem o uso de fertilizantes e insumos qu\u00edmicos, n\u00e3o h\u00e1 uma preocupa\u00e7\u00e3o que leve em considera\u00e7\u00e3o o ambiente, os recursos naturais que s\u00e3o utilizados no processo, como a \u00e1gua e o solo. O coordenador da AAFAS, Francisco Jos\u00e9 Ribeiro \u201cKiko\u201d, explica que os produtos agroecol\u00f3gicos, tamb\u00e9m s\u00e3o cultivados sem o uso de adubos qu\u00edmicos, agrot\u00f3xicos, por\u00e9m, a grande aten\u00e7\u00e3o est\u00e1 voltada para o ecossistema em que se est\u00e1 produzindo, sempre atentando-se para as quest\u00f5es ambientais como a redu\u00e7\u00e3o do consumo de \u00e1gua e produ\u00e7\u00e3o de lixo. \u201cTudo que eu puder produzir para usar no sistema de produ\u00e7\u00e3o de legumes e verduras, tudo que eu puder aproveitar que seja natural da pr\u00f3pria propriedade, isso vai estar vinculado a uma no\u00e7\u00e3o de sustentabilidade e baixo impacto ambiental\u201d, relata o produtor. <\/span><\/p>\n<h3><b>2. Economia solid\u00e1ria<\/b><\/h3>\n<p><span style=\"font-weight: 400;\">A economia solid\u00e1ria \u00e9 um contra-modelo, que busca promover solidariedade e n\u00e3o a competi\u00e7\u00e3o, com a cria\u00e7\u00e3o de cooperativas e associa\u00e7\u00f5es. Sendo assim, as pessoas que fazem parte do grupo se ajudam, decidem as coisas juntos, de forma que todos acabam sendo protagonistas.<\/span><\/p>\n<h4 style=\"text-align: center;\"><a href=\"http:\/\/jornalismo.ufsj.edu.br\/van\/wp-content\/uploads\/2018\/04\/3.png\"><img loading=\"lazy\" decoding=\"async\" class=\"aligncenter size-medium wp-image-8963\" src=\"http:\/\/jornalismo.ufsj.edu.br\/van\/wp-content\/uploads\/2018\/04\/3-300x300.png\" alt=\"\" width=\"300\" height=\"300\" srcset=\"http:\/\/jornalismo.ufsj.edu.br\/van\/wp-content\/uploads\/2018\/04\/3-300x300.png 300w, http:\/\/jornalismo.ufsj.edu.br\/van\/wp-content\/uploads\/2018\/04\/3-150x150.png 150w, http:\/\/jornalismo.ufsj.edu.br\/van\/wp-content\/uploads\/2018\/04\/3-768x768.png 768w, http:\/\/jornalismo.ufsj.edu.br\/van\/wp-content\/uploads\/2018\/04\/3-60x60.png 60w, http:\/\/jornalismo.ufsj.edu.br\/van\/wp-content\/uploads\/2018\/04\/3-80x80.png 80w, http:\/\/jornalismo.ufsj.edu.br\/van\/wp-content\/uploads\/2018\/04\/3.png 800w\" sizes=\"auto, (max-width: 300px) 100vw, 300px\" \/><\/a>&#8220;Trabalhar com a economia solid\u00e1ria, como apoiadora, me faz ter esperan\u00e7as e me impulsiona na luta por fazer da nossa sociedade, nem que seja com pequenas a\u00e7\u00f5es, um lugar mais acolhedor e justo!&#8221; &#8211; Lorena Mendes, membro da ITCP.<\/h4>\n<h4 style=\"text-align: center;\"><a href=\"http:\/\/jornalismo.ufsj.edu.br\/van\/wp-content\/uploads\/2018\/04\/Sem-t\u00edtulo-2.png\"><img loading=\"lazy\" decoding=\"async\" class=\"aligncenter size-medium wp-image-8964\" src=\"http:\/\/jornalismo.ufsj.edu.br\/van\/wp-content\/uploads\/2018\/04\/Sem-t\u00edtulo-2-300x300.png\" alt=\"\" width=\"300\" height=\"300\" srcset=\"http:\/\/jornalismo.ufsj.edu.br\/van\/wp-content\/uploads\/2018\/04\/Sem-t\u00edtulo-2-300x300.png 300w, http:\/\/jornalismo.ufsj.edu.br\/van\/wp-content\/uploads\/2018\/04\/Sem-t\u00edtulo-2-150x150.png 150w, http:\/\/jornalismo.ufsj.edu.br\/van\/wp-content\/uploads\/2018\/04\/Sem-t\u00edtulo-2-768x768.png 768w, http:\/\/jornalismo.ufsj.edu.br\/van\/wp-content\/uploads\/2018\/04\/Sem-t\u00edtulo-2-60x60.png 60w, http:\/\/jornalismo.ufsj.edu.br\/van\/wp-content\/uploads\/2018\/04\/Sem-t\u00edtulo-2-80x80.png 80w, http:\/\/jornalismo.ufsj.edu.br\/van\/wp-content\/uploads\/2018\/04\/Sem-t\u00edtulo-2.png 800w\" sizes=\"auto, (max-width: 300px) 100vw, 300px\" \/><\/a>&#8220;Trabalhar com economia solid\u00e1ria \u00e9 extremamente gratificante por possibilitar uma nova perspectiva para pessoas marginalizadas da nossa sociedade. Tamb\u00e9m possibilita sair do academicismo e da &#8216;bolha da universidade&#8217;, usar o conhecimento adquirido para o que realmente importa: a sociedade.&#8221; &#8211; Igor Eust\u00e1quio, membro da ITCP.<\/h4>\n<p>&nbsp;<\/p>\n<p><span style=\"font-weight: 400;\">A Rede Agroecol\u00f3gica e Homeop\u00e1tica das Vertentes Trem Natural \u00e9 uma das associa\u00e7\u00f5es que trabalham com economia solid\u00e1ria, al\u00e9m da AAFAS que j\u00e1 citamos e a ITCP, da pr\u00f3pria universidade. A Rede visa a troca de conhecimentos sobre pr\u00e1ticas agroecol\u00f3gicas, com um total de 60 produtores, sendo 20 deles de S\u00e3o Jo\u00e3o del-Rei. \u201cO Trem Natural \u00e9 um movimento que visa facilitar a troca entre n\u00f3s. Facilitar a produ\u00e7\u00e3o,a assist\u00eancia t\u00e9cnica. \u00c9 um interc\u00e2mbio de aprendizado permanente.\u201d, conta Kiko.<\/span><\/p>\n<h3><b>3. Benef\u00edcios nutricionais<\/b><\/h3>\n<p><span style=\"font-weight: 400;\">Os alimentos org\u00e2nicos e agroecol\u00f3gicos n\u00e3o utilizam venenos, ou seja, s\u00e3o livres de qualquer subst\u00e2ncia qu\u00edmica prejudicial \u00e0 sa\u00fade. Em sua produ\u00e7\u00e3o s\u00e3o utilizados apenas produtos naturais, sendo que o produtor acompanha e conhece todo o processo, desde a planta\u00e7\u00e3o, at\u00e9 a colheita. Para a nutricionista Ana Eliza Fran\u00e7a, as principais vantagens desses alimentos est\u00e3o relacionadas \u00e0 facilidade de absor\u00e7\u00e3o do nosso corpo aos nutrientes. \u201cO alimento \u00e9 mais puro, mais rico em vitaminas, minerais, os micronutrientes s\u00e3o disponibilizados e absorvidos pelo organismo de maneira melhor.\u201d, explica.<\/span><\/p>\n<figure id=\"attachment_8988\" aria-describedby=\"caption-attachment-8988\" style=\"width: 648px\" class=\"wp-caption aligncenter\"><a href=\"http:\/\/jornalismo.ufsj.edu.br\/van\/wp-content\/uploads\/2018\/04\/IMG_0713.jpg\"><img loading=\"lazy\" decoding=\"async\" class=\"size-large wp-image-8988\" src=\"http:\/\/jornalismo.ufsj.edu.br\/van\/wp-content\/uploads\/2018\/04\/IMG_0713-1024x683.jpg\" alt=\"\" width=\"648\" height=\"432\" srcset=\"http:\/\/jornalismo.ufsj.edu.br\/van\/wp-content\/uploads\/2018\/04\/IMG_0713-1024x683.jpg 1024w, http:\/\/jornalismo.ufsj.edu.br\/van\/wp-content\/uploads\/2018\/04\/IMG_0713-300x200.jpg 300w, http:\/\/jornalismo.ufsj.edu.br\/van\/wp-content\/uploads\/2018\/04\/IMG_0713-768x512.jpg 768w\" sizes=\"auto, (max-width: 648px) 100vw, 648px\" \/><\/a><figcaption id=\"caption-attachment-8988\" class=\"wp-caption-text\">Al\u00e9m de frutas, verduras e legumes, a feira tamb\u00e9m conta com produtos como p\u00e3es, biscoitos e roscas. &#8211; Foto\/VAN: \u00cdcaro Chaves<\/figcaption><\/figure>\n<h3><b>4.Transi\u00e7\u00e3o<\/b><\/h3>\n<p><span style=\"font-weight: 400;\">&#8220;A transi\u00e7\u00e3o permite que voc\u00ea use alguns elementos que ainda n\u00e3o s\u00e3o da agroecologia&#8221;, afirma Kiko. Como o termo ainda \u00e9 recente, muitos produtores ainda est\u00e3o se adaptando ao modelo. Na AAFAS, os produtores se ajudam, compartilham conhecimento, para que todos possam, aos poucos, passar por esse est\u00e1gio. Al\u00e9m disso, alguns alimentos podem n\u00e3o ser totalmente org\u00e2nicos, contendo alguma subst\u00e2ncia n\u00e3o natural. Entretanto, o consumidor deve ser avisado. \u00a0\u00a0\u00a0\u00a0\u00a0\u00a0\u00a0\u00a0\u00a0<\/span><\/p>\n<h3><b>5. Incentivos Governamentais<\/b><\/h3>\n<p><span style=\"font-weight: 400;\">De acordo com dados do IBGE (2006), a agricultura familiar no Brasil \u00e9 respons\u00e1vel por 80% da produ\u00e7\u00e3o de alimentos. Mesmo com esse n\u00famero, ainda faltam incentivos tanto para o consumo, quanto para pesquisas desenvolvidas nessa \u00e1rea. Em Minas Gerais, algumas a\u00e7\u00f5es est\u00e3o sendo realizadas para mudar um pouco essa situa\u00e7\u00e3o. O Governo do Estado determinou que 30% dos R$ 26,4 milh\u00f5es destinados \u00e0 alimenta\u00e7\u00e3o escolar dever\u00e3o ser gastos com compras de alimentos da agricultura familiar. A iniciativa tem como objetivo melhorar a qualidade da merenda e, ao mesmo tempo, combater a pobreza no campo. <\/span><a href=\"http:\/\/jornalismo.ufsj.edu.br\/van\/feira-agroecologica-a-importancia-da-boa-alimentacao\/\"><span style=\"font-weight: 400;\">Em S\u00e3o Jo\u00e3o del Rei, uma feira agroecol\u00f3gica acontece aos s\u00e1bados na parte da manh\u00e3, no coreto.<\/span><\/a><span style=\"font-weight: 400;\"> E em rela\u00e7\u00e3o \u00e0 UFSJ, temos o Dia de Feira.<\/span><\/p>\n<p>&nbsp;<\/p>\n<p>Texto\/VAN: \u00cdcaro Chaves<br \/>\nFoto\/VAN: \u00cdcaro Chaves<br \/>\nColabora\u00e7\u00e3o: Carla Marques, Filipe Reno, Lara Aquino e Samara Santos<\/p>\n","protected":false},"excerpt":{"rendered":"<p>Projeto busca unir sa\u00fade, di\u00e1logo e economia solid\u00e1ria &nbsp; No dia 8 de mar\u00e7o come\u00e7ou a acontecer no Campus Santo Ant\u00f4nio da Universidade Federal de S\u00e3o Jo\u00e3o del-Rei (UFSJ), toda<\/p>\n","protected":false},"author":2,"featured_media":8987,"comment_status":"open","ping_status":"open","sticky":false,"template":"","format":"standard","meta":{"_monsterinsights_skip_tracking":false,"_monsterinsights_sitenote_active":false,"_monsterinsights_sitenote_note":"","_monsterinsights_sitenote_category":0,"_themeisle_gutenberg_block_has_review":false,"cybocfi_hide_featured_image":"","footnotes":""},"categories":[20,24,18,109,21],"tags":[],"class_list":["post-8961","post","type-post","status-publish","format-standard","has-post-thumbnail","hentry","category-barbacena","category-economia","category-meio-ambiente","category-sao-joao-del-rei-microrregiao-de-sao-joao-del-rei","category-saude"],"_links":{"self":[{"href":"http:\/\/jornalismo.ufsj.edu.br\/van\/wp-json\/wp\/v2\/posts\/8961","targetHints":{"allow":["GET"]}}],"collection":[{"href":"http:\/\/jornalismo.ufsj.edu.br\/van\/wp-json\/wp\/v2\/posts"}],"about":[{"href":"http:\/\/jornalismo.ufsj.edu.br\/van\/wp-json\/wp\/v2\/types\/post"}],"author":[{"embeddable":true,"href":"http:\/\/jornalismo.ufsj.edu.br\/van\/wp-json\/wp\/v2\/users\/2"}],"replies":[{"embeddable":true,"href":"http:\/\/jornalismo.ufsj.edu.br\/van\/wp-json\/wp\/v2\/comments?post=8961"}],"version-history":[{"count":25,"href":"http:\/\/jornalismo.ufsj.edu.br\/van\/wp-json\/wp\/v2\/posts\/8961\/revisions"}],"predecessor-version":[{"id":8991,"href":"http:\/\/jornalismo.ufsj.edu.br\/van\/wp-json\/wp\/v2\/posts\/8961\/revisions\/8991"}],"wp:featuredmedia":[{"embeddable":true,"href":"http:\/\/jornalismo.ufsj.edu.br\/van\/wp-json\/wp\/v2\/media\/8987"}],"wp:attachment":[{"href":"http:\/\/jornalismo.ufsj.edu.br\/van\/wp-json\/wp\/v2\/media?parent=8961"}],"wp:term":[{"taxonomy":"category","embeddable":true,"href":"http:\/\/jornalismo.ufsj.edu.br\/van\/wp-json\/wp\/v2\/categories?post=8961"},{"taxonomy":"post_tag","embeddable":true,"href":"http:\/\/jornalismo.ufsj.edu.br\/van\/wp-json\/wp\/v2\/tags?post=8961"}],"curies":[{"name":"wp","href":"https:\/\/api.w.org\/{rel}","templated":true}]}}