{"id":8941,"date":"2018-04-05T16:34:45","date_gmt":"2018-04-05T19:34:45","guid":{"rendered":"http:\/\/jornalismo.ufsj.edu.br\/van\/?p=8941"},"modified":"2018-04-06T14:55:32","modified_gmt":"2018-04-06T17:55:32","slug":"inicia-se-obra-de-esgotamento-sanitario-em-sao-joao-del-rei","status":"publish","type":"post","link":"http:\/\/jornalismo.ufsj.edu.br\/van\/inicia-se-obra-de-esgotamento-sanitario-em-sao-joao-del-rei\/","title":{"rendered":"Inicia-se obra de esgotamento sanit\u00e1rio em S\u00e3o Jo\u00e3o del-Rei"},"content":{"rendered":"<h4 style=\"text-align: center;\"><i><span style=\"font-weight: 400;\">O Damae recebe de 30 a 40 notas por dia da popula\u00e7\u00e3o reclamando do mau cheiro e de entupimentos no lenheiro<\/span><\/i><\/h4>\n<p>&nbsp;<\/p>\n<p><span style=\"font-weight: 400;\">A Infracon iniciou os trabalhos para a execu\u00e7\u00e3o da obra de esgotamento sanit\u00e1rio do C\u00f3rrego do Lenheiro em S\u00e3o Jo\u00e3o del-Rei, na \u00faltima segunda-feira (02). A engenheira da prefeitura, Gl\u00e1ucia Cantelmo, acompanhada por funcion\u00e1rios inicia os servi\u00e7os no bairro Tejuco por meio da topografia da <\/span><span style=\"font-weight: 400;\">Rua Orlando Alves de Oliveira, primeira rua onde iniciar\u00e1 as interven\u00e7\u00f5es. <\/span><span style=\"font-weight: 400;\">Concomitantemente ocorrer\u00e1 interven\u00e7\u00f5es socioambientais e da Defesa Civil no bairro Cohab.<\/span><\/p>\n<p><span style=\"font-weight: 400;\">O DAMAE <\/span><span style=\"font-weight: 400;\">&#8211; Departamento Aut\u00f4nomo Municipal de \u00c1gua e Esgoto &#8211; <\/span><span style=\"font-weight: 400;\">e a Secretaria de Governo da Prefeitura s\u00e3o os respons\u00e1veis pela \u00a0administra\u00e7\u00e3o do andamento das obras, que ser\u00e3o feitas pela Infracon &#8211; Engenharia e Com\u00e9rcio LTDA e ter\u00e3o como \u00f3rg\u00e3o fiscalizador a Consominas &#8211; Engenharia LTDA. A PAC &#8211; Programa de Acelera\u00e7\u00e3o do Crescimento &#8211; investiu R$ 42 milh\u00f5es de reais na obra, sendo que a primeira etapa, receber\u00e1 R$ 32,547 milh\u00f5es. Destes, a Infracon ter\u00e1 R$ 31,278 milh\u00f5es; e o restante ser\u00e1 utilizado para trabalho socioambiental e fiscaliza\u00e7\u00e3o.<\/span><\/p>\n<p>&nbsp;<\/p>\n<div id='gallery-1' class='gallery galleryid-8941 gallery-columns-3 gallery-size-medium'><figure class='gallery-item'>\n\t\t\t<div class='gallery-icon portrait'>\n\t\t\t\t<a href='http:\/\/jornalismo.ufsj.edu.br\/van\/inicia-se-obra-de-esgotamento-sanitario-em-sao-joao-del-rei\/ponte_da_cadeia_1-2\/'><img loading=\"lazy\" decoding=\"async\" width=\"296\" height=\"300\" src=\"http:\/\/jornalismo.ufsj.edu.br\/van\/wp-content\/uploads\/2018\/04\/ponte_da_cadeia_1-296x300.jpg\" class=\"attachment-medium size-medium\" alt=\"\" srcset=\"http:\/\/jornalismo.ufsj.edu.br\/van\/wp-content\/uploads\/2018\/04\/ponte_da_cadeia_1-296x300.jpg 296w, http:\/\/jornalismo.ufsj.edu.br\/van\/wp-content\/uploads\/2018\/04\/ponte_da_cadeia_1-60x60.jpg 60w, http:\/\/jornalismo.ufsj.edu.br\/van\/wp-content\/uploads\/2018\/04\/ponte_da_cadeia_1-80x80.jpg 80w, http:\/\/jornalismo.ufsj.edu.br\/van\/wp-content\/uploads\/2018\/04\/ponte_da_cadeia_1.jpg 591w\" sizes=\"auto, (max-width: 296px) 100vw, 296px\" \/><\/a>\n\t\t\t<\/div><\/figure><figure class='gallery-item'>\n\t\t\t<div class='gallery-icon portrait'>\n\t\t\t\t<a href='http:\/\/jornalismo.ufsj.edu.br\/van\/inicia-se-obra-de-esgotamento-sanitario-em-sao-joao-del-rei\/ponte_rosario-2\/'><img loading=\"lazy\" decoding=\"async\" width=\"296\" height=\"300\" src=\"http:\/\/jornalismo.ufsj.edu.br\/van\/wp-content\/uploads\/2018\/04\/ponte_rosario-296x300.jpg\" class=\"attachment-medium size-medium\" alt=\"\" srcset=\"http:\/\/jornalismo.ufsj.edu.br\/van\/wp-content\/uploads\/2018\/04\/ponte_rosario-296x300.jpg 296w, http:\/\/jornalismo.ufsj.edu.br\/van\/wp-content\/uploads\/2018\/04\/ponte_rosario-60x60.jpg 60w, http:\/\/jornalismo.ufsj.edu.br\/van\/wp-content\/uploads\/2018\/04\/ponte_rosario-80x80.jpg 80w, http:\/\/jornalismo.ufsj.edu.br\/van\/wp-content\/uploads\/2018\/04\/ponte_rosario.jpg 591w\" sizes=\"auto, (max-width: 296px) 100vw, 296px\" \/><\/a>\n\t\t\t<\/div><\/figure><figure class='gallery-item'>\n\t\t\t<div class='gallery-icon portrait'>\n\t\t\t\t<a href='http:\/\/jornalismo.ufsj.edu.br\/van\/inicia-se-obra-de-esgotamento-sanitario-em-sao-joao-del-rei\/ponte_da_cadeia-2\/'><img loading=\"lazy\" decoding=\"async\" width=\"297\" height=\"300\" src=\"http:\/\/jornalismo.ufsj.edu.br\/van\/wp-content\/uploads\/2018\/04\/ponte_da_cadeia-297x300.jpg\" class=\"attachment-medium size-medium\" alt=\"\" srcset=\"http:\/\/jornalismo.ufsj.edu.br\/van\/wp-content\/uploads\/2018\/04\/ponte_da_cadeia-297x300.jpg 297w, http:\/\/jornalismo.ufsj.edu.br\/van\/wp-content\/uploads\/2018\/04\/ponte_da_cadeia-60x60.jpg 60w, http:\/\/jornalismo.ufsj.edu.br\/van\/wp-content\/uploads\/2018\/04\/ponte_da_cadeia-80x80.jpg 80w, http:\/\/jornalismo.ufsj.edu.br\/van\/wp-content\/uploads\/2018\/04\/ponte_da_cadeia.jpg 594w\" sizes=\"auto, (max-width: 297px) 100vw, 297px\" \/><\/a>\n\t\t\t<\/div><\/figure><figure class='gallery-item'>\n\t\t\t<div class='gallery-icon portrait'>\n\t\t\t\t<a href='http:\/\/jornalismo.ufsj.edu.br\/van\/inicia-se-obra-de-esgotamento-sanitario-em-sao-joao-del-rei\/ponte_da_cadeia_-2\/'><img loading=\"lazy\" decoding=\"async\" width=\"298\" height=\"300\" src=\"http:\/\/jornalismo.ufsj.edu.br\/van\/wp-content\/uploads\/2018\/04\/ponte_da_cadeia_-298x300.jpg\" class=\"attachment-medium size-medium\" alt=\"\" srcset=\"http:\/\/jornalismo.ufsj.edu.br\/van\/wp-content\/uploads\/2018\/04\/ponte_da_cadeia_-298x300.jpg 298w, http:\/\/jornalismo.ufsj.edu.br\/van\/wp-content\/uploads\/2018\/04\/ponte_da_cadeia_-150x150.jpg 150w, http:\/\/jornalismo.ufsj.edu.br\/van\/wp-content\/uploads\/2018\/04\/ponte_da_cadeia_-60x60.jpg 60w, http:\/\/jornalismo.ufsj.edu.br\/van\/wp-content\/uploads\/2018\/04\/ponte_da_cadeia_-80x80.jpg 80w, http:\/\/jornalismo.ufsj.edu.br\/van\/wp-content\/uploads\/2018\/04\/ponte_da_cadeia_.jpg 595w\" sizes=\"auto, (max-width: 298px) 100vw, 298px\" \/><\/a>\n\t\t\t<\/div><\/figure><figure class='gallery-item'>\n\t\t\t<div class='gallery-icon landscape'>\n\t\t\t\t<a href='http:\/\/jornalismo.ufsj.edu.br\/van\/inicia-se-obra-de-esgotamento-sanitario-em-sao-joao-del-rei\/img_1913-2\/'><img loading=\"lazy\" decoding=\"async\" width=\"300\" height=\"293\" src=\"http:\/\/jornalismo.ufsj.edu.br\/van\/wp-content\/uploads\/2018\/04\/img_1913-300x293.jpg\" class=\"attachment-medium size-medium\" alt=\"\" srcset=\"http:\/\/jornalismo.ufsj.edu.br\/van\/wp-content\/uploads\/2018\/04\/img_1913-300x293.jpg 300w, http:\/\/jornalismo.ufsj.edu.br\/van\/wp-content\/uploads\/2018\/04\/img_1913-768x750.jpg 768w, http:\/\/jornalismo.ufsj.edu.br\/van\/wp-content\/uploads\/2018\/04\/img_1913-1024x1000.jpg 1024w, http:\/\/jornalismo.ufsj.edu.br\/van\/wp-content\/uploads\/2018\/04\/img_1913-60x60.jpg 60w\" sizes=\"auto, (max-width: 300px) 100vw, 300px\" \/><\/a>\n\t\t\t<\/div><\/figure>\n\t\t<\/div>\n\n<p>&nbsp;<\/p>\n<p style=\"text-align: center;\"><em>Imagens hist\u00f3ricas do c\u00f3rrego do lenheiro . &#8211; Fotos\/Reprodu\u00e7\u00e3o: Acervo Museu Regional de S\u00e3o Jo\u00e3o del-Rei e S\u00e3o Jo\u00e3o del-Rei Transparente<\/em><\/p>\n<p>&nbsp;<\/p>\n<p><span style=\"font-weight: 400;\">A obra est\u00e1 prevista para durar 24 meses e ser\u00e1 iniciada n\u00e3o s\u00f3 no bairro Tejuco, mas tamb\u00e9m no Ribeir\u00e3o. O projeto visa \u00e0 constru\u00e7\u00e3o de redes coletoras e interceptoras, sub-bacias e travessias sob a ferrovia. Na primeira etapa da obra ser\u00e1 contru\u00edda uma esta\u00e7\u00e3o de tratamento para o esgoto coletado dos bairros. O Diretor Operacional do Setor de Esgoto do DAMAE, Ant\u00f4nio Jos\u00e9 dos Santos, esclarece \u201cO projeto de despolui\u00e7\u00e3o do c\u00f3rrego est\u00e1 sendo feito via prefeitura, as obras se iniciaram na Cohab essa semana e v\u00e3o partir para o Lenheiro, eu vou acompanhar e orient\u00e1-los quanto \u00e0 localiza\u00e7\u00e3o da nossa tubula\u00e7\u00e3o\u201d<\/span><\/p>\n<p><span style=\"font-weight: 400;\">J\u00e1 os programas s\u00f3cio-ambientais pretendem conscientizar a popula\u00e7\u00e3o da import\u00e2ncia do c\u00f3rrego e de como evitar que ele seja degradado novamente, pois apesar de ser um inc\u00f4modo para a popula\u00e7\u00e3o, o C\u00f3rrego do Lenheiro faz parte da vida dos cidad\u00e3os. <\/span><span style=\"font-weight: 400;\">O restaurador de m\u00f3veis antigos, Raimundo Nonato Batista Lopes, 64, relembra \u201cNa minha \u00e9poca, anos 60, a gente comia uns peixes do c\u00f3rrego e nadava\u201d. Segundo ele, a partir dos anos 80, devido ao crescimento urbano o esgoto foi desviado para o c\u00f3rrego. Raimundo conta ainda que, em \u00e9poca de chuva, a \u00e1gua transborda das pontes e invade as ruas e as casas \u00e0s margens do c\u00f3rrego.<\/span><\/p>\n<p>&nbsp;<\/p>\n<p><span style=\"font-weight: 400;\">Texto\/VAN: J\u00falia Ribeiro<br \/>\n<\/span><span style=\"font-weight: 400;\">Foto\/VAN: Leonardo Emerson<br \/>\n<\/span><span style=\"font-weight: 400;\">Colaboradores: Emerson William e \u00a0Kamila Amaral<\/span><\/p>\n","protected":false},"excerpt":{"rendered":"<p>O Damae recebe de 30 a 40 notas por dia da popula\u00e7\u00e3o reclamando do mau cheiro e de entupimentos no lenheiro &nbsp; A Infracon iniciou os trabalhos para a execu\u00e7\u00e3o<\/p>\n","protected":false},"author":2,"featured_media":8942,"comment_status":"open","ping_status":"open","sticky":false,"template":"","format":"standard","meta":{"_monsterinsights_skip_tracking":false,"_monsterinsights_sitenote_active":false,"_monsterinsights_sitenote_note":"","_monsterinsights_sitenote_category":0,"_themeisle_gutenberg_block_has_review":false,"cybocfi_hide_featured_image":"","footnotes":""},"categories":[17,109],"tags":[],"class_list":["post-8941","post","type-post","status-publish","format-standard","has-post-thumbnail","hentry","category-cidade","category-sao-joao-del-rei-microrregiao-de-sao-joao-del-rei"],"_links":{"self":[{"href":"http:\/\/jornalismo.ufsj.edu.br\/van\/wp-json\/wp\/v2\/posts\/8941","targetHints":{"allow":["GET"]}}],"collection":[{"href":"http:\/\/jornalismo.ufsj.edu.br\/van\/wp-json\/wp\/v2\/posts"}],"about":[{"href":"http:\/\/jornalismo.ufsj.edu.br\/van\/wp-json\/wp\/v2\/types\/post"}],"author":[{"embeddable":true,"href":"http:\/\/jornalismo.ufsj.edu.br\/van\/wp-json\/wp\/v2\/users\/2"}],"replies":[{"embeddable":true,"href":"http:\/\/jornalismo.ufsj.edu.br\/van\/wp-json\/wp\/v2\/comments?post=8941"}],"version-history":[{"count":7,"href":"http:\/\/jornalismo.ufsj.edu.br\/van\/wp-json\/wp\/v2\/posts\/8941\/revisions"}],"predecessor-version":[{"id":8959,"href":"http:\/\/jornalismo.ufsj.edu.br\/van\/wp-json\/wp\/v2\/posts\/8941\/revisions\/8959"}],"wp:featuredmedia":[{"embeddable":true,"href":"http:\/\/jornalismo.ufsj.edu.br\/van\/wp-json\/wp\/v2\/media\/8942"}],"wp:attachment":[{"href":"http:\/\/jornalismo.ufsj.edu.br\/van\/wp-json\/wp\/v2\/media?parent=8941"}],"wp:term":[{"taxonomy":"category","embeddable":true,"href":"http:\/\/jornalismo.ufsj.edu.br\/van\/wp-json\/wp\/v2\/categories?post=8941"},{"taxonomy":"post_tag","embeddable":true,"href":"http:\/\/jornalismo.ufsj.edu.br\/van\/wp-json\/wp\/v2\/tags?post=8941"}],"curies":[{"name":"wp","href":"https:\/\/api.w.org\/{rel}","templated":true}]}}