{"id":8938,"date":"2018-04-04T17:45:20","date_gmt":"2018-04-04T20:45:20","guid":{"rendered":"http:\/\/jornalismo.ufsj.edu.br\/van\/?p=8938"},"modified":"2018-04-04T17:45:20","modified_gmt":"2018-04-04T20:45:20","slug":"peca-teatral-casa-de-bonecas-estreia-no-proximo-dia-13-em-tiradentes","status":"publish","type":"post","link":"http:\/\/jornalismo.ufsj.edu.br\/van\/peca-teatral-casa-de-bonecas-estreia-no-proximo-dia-13-em-tiradentes\/","title":{"rendered":"Pe\u00e7a teatral \u201cCasa de Bonecas\u201d estreia no pr\u00f3ximo dia 13, em Tiradentes"},"content":{"rendered":"<h4 style=\"text-align: center;\"><i><span style=\"font-weight: 400;\">O remake \u00a0da famosa pe\u00e7a norueguesa do s\u00e9culo XIX \u201cCasa de Bonecas\u201d \u00a0aborda um tema que ainda \u00e9 bastante atual: o papel da mulher na sociedade<\/span><\/i><\/h4>\n<p>&nbsp;<\/p>\n<p><span style=\"font-weight: 400;\">Na pr\u00f3xima semana, dias 13 e 14 de abril, ser\u00e1 estreada a pe\u00e7a \u201cCasa de Bonecas\u201d, \u00e0s 20hrs, no Centro Cultural Yves Alves, em Tiradentes. A pe\u00e7a ser\u00e1 a primeira produzida pelo grupo teatral LAB (Laborat\u00f3rio) e ir\u00e1 abordar temas atuais como o papel da mulher na sociedade e o casamento. Ap\u00f3s ser exibida em Tiradentes a pe\u00e7a ir\u00e1 percorrer a regi\u00e3o das vertentes, ainda sem datas definidas.<\/span><\/p>\n<p><span style=\"font-weight: 400;\">O grupo teatral LAB atualmente \u00e9 formado por cinco estudantes do curso de Teatro da UFSJ que est\u00e3o prestes a exibir seu primeiro trabalho, uma recria\u00e7\u00e3o da famosa pe\u00e7a do dramaturgo noruegu\u00eas Henrik Ibsen, que movimentou o cen\u00e1rio teatral no s\u00e9culo XIX. A pe\u00e7a original sofreu algumas adapta\u00e7\u00f5es em seu roteiro, uma delas foi traz\u00ea-la da Noruega de 1879 para o cen\u00e1rio do Brasil da d\u00e9cada de 80. Outras pequenas mudan\u00e7as foram feitas, no entanto n\u00e3o tirar\u00e3o o drama e o foco original da trama.<\/span><\/p>\n<p><span style=\"font-weight: 400;\">Para o diretor Diogo Brito Rezende, 21, a pe\u00e7a \u00e9 a realiza\u00e7\u00e3o de um sonho n\u00e3o s\u00f3 para ele, que vive a experi\u00eancia de dirigir uma pe\u00e7a pela primeira vez, mas tamb\u00e9m para o grupo que trabalhou muito para o espet\u00e1culo acontecer. Ap\u00f3s dois anos de forma\u00e7\u00e3o do LAB e mais de sete meses com a pe\u00e7a em produ\u00e7\u00e3o, \u00e9 o primeiro grande espet\u00e1culo que ser\u00e1 por eles apresentado. Sobre as expectativas diante do p\u00fablico, Diogo espera que a pe\u00e7a cause uma grande reflex\u00e3o: \u201cO t\u00e9rmino da pe\u00e7a vai ser um ponto para v\u00e1rias reflex\u00f5es, ainda mais pelos temas que a pe\u00e7a aborda. Se hoje eu acredito que o final da pe\u00e7a vai gerar conversas, eu imagino como foi na \u00e9poca original, uma explos\u00e3o.\u201d<\/span><\/p>\n<p><span style=\"font-weight: 400;\">O ator Lucas Leigh, 27, que faz o papel de Cristina, amiga de Nora (personagem principal) e vi\u00fava de um milion\u00e1rio, revela os desafios de viver seu personagem: \u201cEssa personagem foi um desafio ainda maior pela quest\u00e3o do g\u00eanero, eu tive que fazer o poss\u00edvel para entender como \u00e9 o ser mulher, e entender como era ser uma mulher na sociedade daquela \u00e9poca.\u201d revelou. A atriz Amanda Amaral, 19, interpreta a protagonista Nora, uma mulher forte que guarda um segredo sobre seu passado. Ela comenta como viver a personagem mexeu com a sua vida pessoal: \u201cMe trouxe muitas reflex\u00f5es sobre a minha vida, minha profiss\u00e3o e meu lugar nela. Sem d\u00favidas a personagem me traz essas quest\u00f5es de momentos felizes, dif\u00edceis e f\u00e1ceis.\u201d comentou. <\/span><\/p>\n<p><span style=\"font-weight: 400;\">Para finalizar, o diretor Diogo Rezende convida o p\u00fablico para prestigiar o grupo LAB em sua primeira apresenta\u00e7\u00e3o teatral na sexta-feira dia 13 e\/ou no s\u00e1bado dia 14 de abril, \u00e0s 20hrs, no Centro Cultural Yves Alves, em Tiradentes. Ser\u00e3o 120 lugares dispon\u00edveis em ambos os dias. O valor da entrada \u00e9 de R$ 20,00 (inteira) e R$ 10,00 (meia), haver\u00e1 ingressos dispon\u00edveis na portaria, mas para quem deseja comprar antecipado pode entrar em contato com o grupo pela p\u00e1gina do Facebook. <a href=\"https:\/\/goo.gl\/KRSHRa\">O evento<\/a> tem a classifica\u00e7\u00e3o indicativa para maiores de 12 anos.<\/span><\/p>\n<p>&nbsp;<\/p>\n<p><span style=\"font-weight: 400;\">Texto\/VAN: Emerson William<br \/>\n<\/span><span style=\"font-weight: 400;\">Foto\/Reprodu\u00e7\u00e3o: Divulga\u00e7\u00e3o<\/span><\/p>\n","protected":false},"excerpt":{"rendered":"<p>O remake \u00a0da famosa pe\u00e7a norueguesa do s\u00e9culo XIX \u201cCasa de Bonecas\u201d \u00a0aborda um tema que ainda \u00e9 bastante atual: o papel da mulher na sociedade &nbsp; Na pr\u00f3xima semana,<\/p>\n","protected":false},"author":2,"featured_media":8939,"comment_status":"open","ping_status":"open","sticky":false,"template":"","format":"standard","meta":{"_monsterinsights_skip_tracking":false,"_monsterinsights_sitenote_active":false,"_monsterinsights_sitenote_note":"","_monsterinsights_sitenote_category":0,"_themeisle_gutenberg_block_has_review":false,"cybocfi_hide_featured_image":"","footnotes":""},"categories":[13,19],"tags":[],"class_list":["post-8938","post","type-post","status-publish","format-standard","has-post-thumbnail","hentry","category-cultura","category-tiradentes"],"_links":{"self":[{"href":"http:\/\/jornalismo.ufsj.edu.br\/van\/wp-json\/wp\/v2\/posts\/8938","targetHints":{"allow":["GET"]}}],"collection":[{"href":"http:\/\/jornalismo.ufsj.edu.br\/van\/wp-json\/wp\/v2\/posts"}],"about":[{"href":"http:\/\/jornalismo.ufsj.edu.br\/van\/wp-json\/wp\/v2\/types\/post"}],"author":[{"embeddable":true,"href":"http:\/\/jornalismo.ufsj.edu.br\/van\/wp-json\/wp\/v2\/users\/2"}],"replies":[{"embeddable":true,"href":"http:\/\/jornalismo.ufsj.edu.br\/van\/wp-json\/wp\/v2\/comments?post=8938"}],"version-history":[{"count":1,"href":"http:\/\/jornalismo.ufsj.edu.br\/van\/wp-json\/wp\/v2\/posts\/8938\/revisions"}],"predecessor-version":[{"id":8940,"href":"http:\/\/jornalismo.ufsj.edu.br\/van\/wp-json\/wp\/v2\/posts\/8938\/revisions\/8940"}],"wp:featuredmedia":[{"embeddable":true,"href":"http:\/\/jornalismo.ufsj.edu.br\/van\/wp-json\/wp\/v2\/media\/8939"}],"wp:attachment":[{"href":"http:\/\/jornalismo.ufsj.edu.br\/van\/wp-json\/wp\/v2\/media?parent=8938"}],"wp:term":[{"taxonomy":"category","embeddable":true,"href":"http:\/\/jornalismo.ufsj.edu.br\/van\/wp-json\/wp\/v2\/categories?post=8938"},{"taxonomy":"post_tag","embeddable":true,"href":"http:\/\/jornalismo.ufsj.edu.br\/van\/wp-json\/wp\/v2\/tags?post=8938"}],"curies":[{"name":"wp","href":"https:\/\/api.w.org\/{rel}","templated":true}]}}