{"id":8933,"date":"2018-04-03T19:15:41","date_gmt":"2018-04-03T22:15:41","guid":{"rendered":"http:\/\/jornalismo.ufsj.edu.br\/van\/?p=8933"},"modified":"2018-04-03T19:15:41","modified_gmt":"2018-04-03T22:15:41","slug":"devotos-de-perdoes-celebram-o-triunfo-de-nossa-senhora","status":"publish","type":"post","link":"http:\/\/jornalismo.ufsj.edu.br\/van\/devotos-de-perdoes-celebram-o-triunfo-de-nossa-senhora\/","title":{"rendered":"Devotos de Perd\u00f5es celebram o Triunfo de Nossa Senhora"},"content":{"rendered":"<h4 style=\"text-align: center;\"><em><span style=\"font-weight: 400;\">Comemora\u00e7\u00e3o da P\u00e1scoa volta seu olhar para Maria e seu papel como m\u00e3e<\/span><\/em><\/h4>\n<p>&nbsp;<\/p>\n<p><span style=\"font-weight: 400;\">Na noite de domingo (1), a par\u00f3quia Bom Senhor Jesus dos Perd\u00f5es celebrou a P\u00e1scoa atrav\u00e9s de uma missa ao ar livre, seguida da prociss\u00e3o do Triunfo de Nossa Senhora. O cortejo teve in\u00edcio por volta das 19h00, na Igreja Matriz e seguiu at\u00e9 a Igreja do Ros\u00e1rio antes de retornar ao ponto de origem. <\/span><\/p>\n<p><span style=\"font-weight: 400;\">A celebra\u00e7\u00e3o eucar\u00edstica teve in\u00edcio \u00e0s 17h30 e foi presidida pelo Padre Ademir dos Santos, reunindo fi\u00e9is da cidade na pra\u00e7a Dr. Zoroastro Alvarenga. Ao final da solenidade, a imagem de Nossa Senhora foi apresentada em um andor e se deu in\u00edcio a prociss\u00e3o. De acordo com o p\u00e1roco, \u201ca prociss\u00e3o \u00e9 para exaltar este aspecto da m\u00e3e de Deus\u201d. <\/span><\/p>\n<p><span style=\"font-weight: 400;\">O cortejo do Triunfo se relaciona com As Dores de Nossa Senhora, celebra\u00e7\u00e3o que acontece na semana que antecede a p\u00e1scoa e busca relembrar o sofrimento de Maria ao lado de seu filho. \u201cMaria acompanhou o filho passo a passo, na sua preocupa\u00e7\u00e3o, no seu cuidado de m\u00e3e. [&#8230;] N\u00f3s celebramos hoje seu triunfo porque, com certeza, ningu\u00e9m mais do que Maria se alegrou com a ressurrei\u00e7\u00e3o de seu filho.\u201d, explica o Padre.<\/span><\/p>\n<figure id=\"attachment_8935\" aria-describedby=\"caption-attachment-8935\" style=\"width: 3872px\" class=\"wp-caption aligncenter\"><a href=\"http:\/\/jornalismo.ufsj.edu.br\/van\/wp-content\/uploads\/2018\/04\/Imagem-de-Nossa-Senhora-e-fi\u00e9is.jpg\"><img loading=\"lazy\" decoding=\"async\" class=\"size-full wp-image-8935\" src=\"http:\/\/jornalismo.ufsj.edu.br\/van\/wp-content\/uploads\/2018\/04\/Imagem-de-Nossa-Senhora-e-fi\u00e9is.jpg\" alt=\"\" width=\"3872\" height=\"2592\" srcset=\"http:\/\/jornalismo.ufsj.edu.br\/van\/wp-content\/uploads\/2018\/04\/Imagem-de-Nossa-Senhora-e-fi\u00e9is.jpg 3872w, http:\/\/jornalismo.ufsj.edu.br\/van\/wp-content\/uploads\/2018\/04\/Imagem-de-Nossa-Senhora-e-fi\u00e9is-300x201.jpg 300w, http:\/\/jornalismo.ufsj.edu.br\/van\/wp-content\/uploads\/2018\/04\/Imagem-de-Nossa-Senhora-e-fi\u00e9is-768x514.jpg 768w, http:\/\/jornalismo.ufsj.edu.br\/van\/wp-content\/uploads\/2018\/04\/Imagem-de-Nossa-Senhora-e-fi\u00e9is-1024x685.jpg 1024w\" sizes=\"auto, (max-width: 3872px) 100vw, 3872px\" \/><\/a><figcaption id=\"caption-attachment-8935\" class=\"wp-caption-text\">Imagem de Nossa Senhora e fi\u00e9is. &#8211; Foto\/VAN: Isabela Souza<\/figcaption><\/figure>\n<p><span style=\"font-weight: 400;\">A Corpora\u00e7\u00e3o Musical Lira Perdoense, regida pelo maestro Vadinho Silva, tamb\u00e9m acompanhou a caminhada. Durante todo o percurso, fi\u00e9is fizeram ora\u00e7\u00f5es em conjunto e carregaram velas. Para Maria Helena de Carvalho, ministra da eucaristia, a prociss\u00e3o, al\u00e9m de uma caminhada, tamb\u00e9m leva o fiel a reflex\u00e3o. \u201cA cada ano a gente vai se fortalecendo melhor. N\u00f3s podemos viver tamb\u00e9m momentos de ressurrei\u00e7\u00e3o, que \u00e9 quando h\u00e1 essa partilha entre irm\u00e3os. H\u00e1 ressurrei\u00e7\u00e3o.\u201d, afirma.<\/span><\/p>\n<p><span style=\"font-weight: 400;\">Segundo Elga Maria de Carvalho, professora aposentada, \u201cfoi maravilhoso acompanhar, n\u00e3o s\u00f3 a prociss\u00e3o, mas toda a Semana Santa\u201d declara. \u201cEla acontece n\u00e3o apenas como um teatro, uma encena\u00e7\u00e3o; tem que acontecer tamb\u00e9m de forma introspectiva, no cora\u00e7\u00e3o de cada um.\u201d. Ao final do cortejo, os fi\u00e9is se reuniram diante da Igreja Matriz, onde ocorreu um sorteio de rifas realizadas pela par\u00f3quia e a ben\u00e7\u00e3o final do padre, encerrando as programa\u00e7\u00f5es da semana.<\/span><\/p>\n<p>&nbsp;<\/p>\n<p><span style=\"font-weight: 400;\">Texto\/VAN: Isabela Souza<br \/>\n<\/span><span style=\"font-weight: 400;\">Foto\/VAN: Isabela Souza<\/span><\/p>\n","protected":false},"excerpt":{"rendered":"<p>Comemora\u00e7\u00e3o da P\u00e1scoa volta seu olhar para Maria e seu papel como m\u00e3e &nbsp; Na noite de domingo (1), a par\u00f3quia Bom Senhor Jesus dos Perd\u00f5es celebrou a P\u00e1scoa atrav\u00e9s<\/p>\n","protected":false},"author":2,"featured_media":8934,"comment_status":"open","ping_status":"open","sticky":false,"template":"","format":"standard","meta":{"_monsterinsights_skip_tracking":false,"_monsterinsights_sitenote_active":false,"_monsterinsights_sitenote_note":"","_monsterinsights_sitenote_category":0,"_themeisle_gutenberg_block_has_review":false,"cybocfi_hide_featured_image":"","footnotes":""},"categories":[13,7],"tags":[],"class_list":["post-8933","post","type-post","status-publish","format-standard","has-post-thumbnail","hentry","category-cultura","category-microrregiao-de-lavras"],"_links":{"self":[{"href":"http:\/\/jornalismo.ufsj.edu.br\/van\/wp-json\/wp\/v2\/posts\/8933","targetHints":{"allow":["GET"]}}],"collection":[{"href":"http:\/\/jornalismo.ufsj.edu.br\/van\/wp-json\/wp\/v2\/posts"}],"about":[{"href":"http:\/\/jornalismo.ufsj.edu.br\/van\/wp-json\/wp\/v2\/types\/post"}],"author":[{"embeddable":true,"href":"http:\/\/jornalismo.ufsj.edu.br\/van\/wp-json\/wp\/v2\/users\/2"}],"replies":[{"embeddable":true,"href":"http:\/\/jornalismo.ufsj.edu.br\/van\/wp-json\/wp\/v2\/comments?post=8933"}],"version-history":[{"count":1,"href":"http:\/\/jornalismo.ufsj.edu.br\/van\/wp-json\/wp\/v2\/posts\/8933\/revisions"}],"predecessor-version":[{"id":8936,"href":"http:\/\/jornalismo.ufsj.edu.br\/van\/wp-json\/wp\/v2\/posts\/8933\/revisions\/8936"}],"wp:featuredmedia":[{"embeddable":true,"href":"http:\/\/jornalismo.ufsj.edu.br\/van\/wp-json\/wp\/v2\/media\/8934"}],"wp:attachment":[{"href":"http:\/\/jornalismo.ufsj.edu.br\/van\/wp-json\/wp\/v2\/media?parent=8933"}],"wp:term":[{"taxonomy":"category","embeddable":true,"href":"http:\/\/jornalismo.ufsj.edu.br\/van\/wp-json\/wp\/v2\/categories?post=8933"},{"taxonomy":"post_tag","embeddable":true,"href":"http:\/\/jornalismo.ufsj.edu.br\/van\/wp-json\/wp\/v2\/tags?post=8933"}],"curies":[{"name":"wp","href":"https:\/\/api.w.org\/{rel}","templated":true}]}}