{"id":8923,"date":"2018-04-01T21:24:13","date_gmt":"2018-04-02T00:24:13","guid":{"rendered":"http:\/\/jornalismo.ufsj.edu.br\/van\/?p=8923"},"modified":"2018-04-01T21:24:13","modified_gmt":"2018-04-02T00:24:13","slug":"a-organista-elisa-freixo-apresentou-um-recital-dedicado-a-semana-santa-no-museu-regional","status":"publish","type":"post","link":"http:\/\/jornalismo.ufsj.edu.br\/van\/a-organista-elisa-freixo-apresentou-um-recital-dedicado-a-semana-santa-no-museu-regional\/","title":{"rendered":"A organista Elisa Freixo apresentou um recital dedicado \u00e0 Semana Santa no Museu Regional"},"content":{"rendered":"<h4 style=\"text-align: center;\"><em><span style=\"font-weight: 400;\">O evento, que ocorreu na galeria t\u00e9rrea do museu, contou com a presen\u00e7a de mais de 50 pessoas. Dentre elas, apreciadores da m\u00fasica, da cultura e religi\u00e3o al\u00e9m de curiosos<\/span><\/em><\/h4>\n<p>&nbsp;<\/p>\n<p><span style=\"font-weight: 400;\">Mundialmente famosa, Elisa Freixo apresentou nesta quinta-feira santa (29), no Museu Regional de S\u00e3o Jo\u00e3o del-Rei, \u00e0s 18:30 um recital de \u00f3rg\u00e3os de tubos, aberto ao p\u00fablico, em homenagem \u00e0 paix\u00e3o, morte e ressurrei\u00e7\u00e3o de Jesus Cristo.<\/span><span style=\"font-weight: 400;\"> O concerto durou cerca de 1 hora e 30 min. <\/span><span style=\"font-weight: 400;\">A organista introduziu o recital falando sobre o instrumento musical \u00f3rg\u00e3o de tubos, o qual mais utiliza em seus trabalhos. Ela escolheu um repert\u00f3rio com obras mais introspectivas no in\u00edcio, simbolizando a dor de Jesus Cristo e, depois, obras mais leves e alegres que d\u00e3o significado \u00e0 \u00a0p\u00e1scoa.<\/span><\/p>\n<p><span style=\"font-weight: 400;\">O \u00f3rg\u00e3o utilizado \u00e9 datado do s\u00e9culo XVIII, origin\u00e1rio de uma capela em uma fazenda no distrito de Cajuru- MG, pr\u00f3ximo a S\u00e3o Jo\u00e3o del-Rei e \u00e9 de manufatura local. Sua parte sonora foi restaurada e possui 250 flautas. A musicista conta que o \u00f3rg\u00e3o emite um som muito alto e por isso era levado para a parte externa da capela quando havia festas na fazenda.<\/span><\/p>\n<p><span style=\"font-weight: 400;\">Elisa come\u00e7ou cedo no ramo musical: \u201cA minha fam\u00edlia tem uma educa\u00e7\u00e3o musical cont\u00ednua, somos 5 m\u00fasicos profissionais e eu participava de um coro, tocava piano e comecei a tocar \u00f3rg\u00e3o aos 11 anos, bem cedo\u201d, contou. Hoje, aos 63 anos, ela, que estudou em S\u00e3o Paulo &#8211; estado de origem &#8211; e na Europa, \u00e9 respons\u00e1vel pelos \u00f3rg\u00e3os do Circuito de \u00d3rg\u00e3os Hist\u00f3ricos de Minas Gerais, al\u00e9m disso trabalha com a restaura\u00e7\u00e3o de \u00f3rg\u00e3os e a forma\u00e7\u00e3o de novos instrumentistas. Em Minas j\u00e1 s\u00e3o 4 \u00f3rg\u00e3os j\u00e1 restaurados e h\u00e1 mais em projeto. Ela diz gostar muito do que faz, no entanto, se houvesse mais divulga\u00e7\u00e3o, contato com o pessoal da universidade e da cidade ou algu\u00e9m que queira ajudar \u201cseria mais f\u00e1cil de trabalhar\u201d, questiona.<\/span><\/p>\n<figure id=\"attachment_8925\" aria-describedby=\"caption-attachment-8925\" style=\"width: 5184px\" class=\"wp-caption aligncenter\"><a href=\"http:\/\/jornalismo.ufsj.edu.br\/van\/wp-content\/uploads\/2018\/04\/Elisa-Freixo-em-conversa-com-f\u00e3-ap\u00f3s-recital.jpg\"><img loading=\"lazy\" decoding=\"async\" class=\"size-full wp-image-8925\" src=\"http:\/\/jornalismo.ufsj.edu.br\/van\/wp-content\/uploads\/2018\/04\/Elisa-Freixo-em-conversa-com-f\u00e3-ap\u00f3s-recital.jpg\" alt=\"\" width=\"5184\" height=\"3456\" srcset=\"http:\/\/jornalismo.ufsj.edu.br\/van\/wp-content\/uploads\/2018\/04\/Elisa-Freixo-em-conversa-com-f\u00e3-ap\u00f3s-recital.jpg 5184w, http:\/\/jornalismo.ufsj.edu.br\/van\/wp-content\/uploads\/2018\/04\/Elisa-Freixo-em-conversa-com-f\u00e3-ap\u00f3s-recital-300x200.jpg 300w, http:\/\/jornalismo.ufsj.edu.br\/van\/wp-content\/uploads\/2018\/04\/Elisa-Freixo-em-conversa-com-f\u00e3-ap\u00f3s-recital-768x512.jpg 768w, http:\/\/jornalismo.ufsj.edu.br\/van\/wp-content\/uploads\/2018\/04\/Elisa-Freixo-em-conversa-com-f\u00e3-ap\u00f3s-recital-1024x683.jpg 1024w\" sizes=\"auto, (max-width: 5184px) 100vw, 5184px\" \/><\/a><figcaption id=\"caption-attachment-8925\" class=\"wp-caption-text\">Elisa Freixo em conversa com f\u00e3 ap\u00f3s recital. &#8211; Foto\/VAN: Kamila Amaral<\/figcaption><\/figure>\n<p><span style=\"font-weight: 400;\">O funcion\u00e1rio do museu Jo\u00e3o Vitor Villas-Boas Militani, 32, ressalta a import\u00e2ncia de manter essa cultura: \u201cN\u00e3o existe outro \u00f3rg\u00e3o com as mesmas caracter\u00edsticas aqui no pa\u00eds, ele saiu daqui de S\u00e3o Jo\u00e3o del-Rei, foi \u00a0constru\u00eddo aqui e se mant\u00e9m at\u00e9 hoje, \u00e9 uma coisa \u00fanica\u201d.<\/span><\/p>\n<p><span style=\"font-weight: 400;\">Apesar disso, a organista fica feliz com o p\u00fablico: \u201cAs pessoas acham que n\u00e3o h\u00e1 plateia mas voc\u00eas viram que foi necess\u00e1rio arranjar mais cadeiras\u201d, observou. \u201cRealmente a vibra\u00e7\u00e3o sonora do \u00f3rg\u00e3o de tubos \u00e9 sentida na alma\u201d, disse o estudante de geografia Leonardo Xavier Dornellas, 21. A estudante de m\u00fasica Gabriela de C\u00e1ssia Vieira dos Santos, 21 anos, destaca que como musicista, assistir ao concerto de Elisa: \u201cuma organista mundialmente conhecida, \u00e9 uma oportunidade de aprendizado e aprecia\u00e7\u00e3o da hist\u00f3ria da m\u00fasica, pois ela fornece uma m\u00fasica de alto n\u00edvel e informa\u00e7\u00f5es \u00e0 respeito das obras\u201d.<\/span><\/p>\n<p><span style=\"font-weight: 400;\">\u00a0Elisa Freixo abre sua casa em Tiradentes ao p\u00fablico \u00a0durante todos os fins de semana e feriados para os que tiverem curiosidade em conhecer e tocar seus 8 instrumentos de teclado, dentre eles: espinetas, clavic\u00f3rdio, \u00f3rg\u00e3o de tubos, dentre outros instrumentos, sob uma taxa de R$ 40,00 reais.<\/span><\/p>\n<p>&nbsp;<\/p>\n<p><span style=\"font-weight: 400;\">Texto\/VAN: J\u00falia Ribeiro<br \/>\n<\/span><span style=\"font-weight: 400;\">Fotos\/VAN: Kamila Amaral<br \/>\n<\/span><span style=\"font-weight: 400;\">Colabora\u00e7\u00e3o: Emerson William, Kamila Amaral e Rafael Nascimento<\/span><\/p>\n","protected":false},"excerpt":{"rendered":"<p>O evento, que ocorreu na galeria t\u00e9rrea do museu, contou com a presen\u00e7a de mais de 50 pessoas. Dentre elas, apreciadores da m\u00fasica, da cultura e religi\u00e3o al\u00e9m de curiosos<\/p>\n","protected":false},"author":2,"featured_media":8924,"comment_status":"open","ping_status":"open","sticky":false,"template":"","format":"standard","meta":{"_monsterinsights_skip_tracking":false,"_monsterinsights_sitenote_active":false,"_monsterinsights_sitenote_note":"","_monsterinsights_sitenote_category":0,"_themeisle_gutenberg_block_has_review":false,"cybocfi_hide_featured_image":"","footnotes":""},"categories":[13,109],"tags":[],"class_list":["post-8923","post","type-post","status-publish","format-standard","has-post-thumbnail","hentry","category-cultura","category-sao-joao-del-rei-microrregiao-de-sao-joao-del-rei"],"_links":{"self":[{"href":"http:\/\/jornalismo.ufsj.edu.br\/van\/wp-json\/wp\/v2\/posts\/8923","targetHints":{"allow":["GET"]}}],"collection":[{"href":"http:\/\/jornalismo.ufsj.edu.br\/van\/wp-json\/wp\/v2\/posts"}],"about":[{"href":"http:\/\/jornalismo.ufsj.edu.br\/van\/wp-json\/wp\/v2\/types\/post"}],"author":[{"embeddable":true,"href":"http:\/\/jornalismo.ufsj.edu.br\/van\/wp-json\/wp\/v2\/users\/2"}],"replies":[{"embeddable":true,"href":"http:\/\/jornalismo.ufsj.edu.br\/van\/wp-json\/wp\/v2\/comments?post=8923"}],"version-history":[{"count":1,"href":"http:\/\/jornalismo.ufsj.edu.br\/van\/wp-json\/wp\/v2\/posts\/8923\/revisions"}],"predecessor-version":[{"id":8926,"href":"http:\/\/jornalismo.ufsj.edu.br\/van\/wp-json\/wp\/v2\/posts\/8923\/revisions\/8926"}],"wp:featuredmedia":[{"embeddable":true,"href":"http:\/\/jornalismo.ufsj.edu.br\/van\/wp-json\/wp\/v2\/media\/8924"}],"wp:attachment":[{"href":"http:\/\/jornalismo.ufsj.edu.br\/van\/wp-json\/wp\/v2\/media?parent=8923"}],"wp:term":[{"taxonomy":"category","embeddable":true,"href":"http:\/\/jornalismo.ufsj.edu.br\/van\/wp-json\/wp\/v2\/categories?post=8923"},{"taxonomy":"post_tag","embeddable":true,"href":"http:\/\/jornalismo.ufsj.edu.br\/van\/wp-json\/wp\/v2\/tags?post=8923"}],"curies":[{"name":"wp","href":"https:\/\/api.w.org\/{rel}","templated":true}]}}