{"id":879,"date":"2011-11-08T20:12:00","date_gmt":"2011-11-08T20:12:00","guid":{"rendered":"http:\/\/jornalismo.ufsj.edu.br\/van\/?p=879"},"modified":"2011-11-08T20:12:00","modified_gmt":"2011-11-08T20:12:00","slug":"produtores-rurais-de-barroso-protege","status":"publish","type":"post","link":"http:\/\/jornalismo.ufsj.edu.br\/van\/produtores-rurais-de-barroso-protege\/","title":{"rendered":"Produtores rurais de Barroso protegem seus mananciais"},"content":{"rendered":"<table cellpadding=\"0\" cellspacing=\"0\" class=\"tr-caption-container\" style=\"float: left; margin-right: 1em; text-align: left;\">\n<tbody>\n<tr>\n<td style=\"text-align: center;\"><a href=\"http:\/\/2.bp.blogspot.com\/-kbkaYHeuI84\/TrmLpfW1BLI\/AAAAAAAAAKs\/2bO2B7g-rWY\/s1600\/Alceu+Resende+e+uma+das+nascentes+protegidas.JPG\" imageanchor=\"1\" style=\"clear: left; margin-bottom: 1em; margin-left: auto; margin-right: auto;\"><img loading=\"lazy\" decoding=\"async\" border=\"0\" height=\"212\" src=\"http:\/\/2.bp.blogspot.com\/-kbkaYHeuI84\/TrmLpfW1BLI\/AAAAAAAAAKs\/2bO2B7g-rWY\/s320\/Alceu+Resende+e+uma+das+nascentes+protegidas.JPG\" width=\"320\" \/><\/a><\/td>\n<\/tr>\n<tr>\n<td class=\"tr-caption\" style=\"text-align: center;\">Fotos: Wanderson Nascimento<\/td>\n<\/tr>\n<\/tbody>\n<\/table>\n<p><\/p>\n<div class=\"MsoNormal\" style=\"line-height: 150%; text-align: justify;\">\n&nbsp;&nbsp; &nbsp; &nbsp; &nbsp; Os produtores rurais de Barroso t\u00eam acesso \u00e0 orienta\u00e7\u00e3o<br \/>\ne assist\u00eancia para protegerem as nascentes de suas propriedades. O trabalho \u00e9<br \/>\nrealizado com a media\u00e7\u00e3o da <a href=\"http:\/\/www.emater.mg.gov.br\/\">Emater<\/a><br \/>\n(Empresa de Assist\u00eancia T\u00e9cnica e Extens\u00e3o Rural de Minas Gerais) em parceria<br \/>\ncom a Sider\u00fargica Puiatti, de Barbacena e os produtores rurais de Barroso.<\/div>\n<div style=\"text-align: justify;\">\n&nbsp;&nbsp; &nbsp; &nbsp; &nbsp; &nbsp; &nbsp;&nbsp;O programa de cercamento e recupera\u00e7\u00e3o de nascentes, de<br \/>\nacordo com o Extensionista Agropecu\u00e1rio da Emater, Alceu Resende, tem, entre<br \/>\noutros, o objetivo de contribuir para a preserva\u00e7\u00e3o ambiental. \u201cEsse trabalho<br \/>\ntem a finalidade de manter a \u00e1gua e preservar sua qualidade. Com isso, tamb\u00e9m<br \/>\nestamos preservando a fauna e a flora, contribuindo para a preserva\u00e7\u00e3o<br \/>\nambiental\u201d, declara.<\/div>\n<div class=\"MsoNormal\" style=\"line-height: 150%; text-align: justify; text-indent: 35.45pt;\">\nDe acordo com Alceu, a parceria com a Sider\u00fargica<br \/>\nPuiatti faz parte da compensa\u00e7\u00e3o ambiental da empresa, que faz extra\u00e7\u00e3o de<br \/>\nmin\u00e9rios na regi\u00e3o do povoado de Caet\u00e9s, em Barroso. Dentro do programa, a<br \/>\nsider\u00fargica fornece os materiais necess\u00e1rios ao cercamento, como arame, mour\u00f5es<br \/>\ne grampos de cerca.<\/div>\n<table cellpadding=\"0\" cellspacing=\"0\" class=\"tr-caption-container\" style=\"float: right; margin-left: 1em; text-align: right;\">\n<tbody>\n<tr>\n<td style=\"text-align: center;\"><a href=\"http:\/\/2.bp.blogspot.com\/-Xgw1p6-QL98\/TrmLtLuGv5I\/AAAAAAAAAK0\/YK9jxahwb8g\/s1600\/Jos%25C3%25A9+Trindade+Gomes+-+Zel%25C3%25A3o.JPG\" imageanchor=\"1\" style=\"clear: right; margin-bottom: 1em; margin-left: auto; margin-right: auto;\"><img loading=\"lazy\" decoding=\"async\" border=\"0\" height=\"320\" src=\"http:\/\/2.bp.blogspot.com\/-Xgw1p6-QL98\/TrmLtLuGv5I\/AAAAAAAAAK0\/YK9jxahwb8g\/s320\/Jos%25C3%25A9+Trindade+Gomes+-+Zel%25C3%25A3o.JPG\" width=\"215\" \/><\/a><\/td>\n<\/tr>\n<tr>\n<td class=\"tr-caption\" style=\"text-align: center;\">Seu Zel\u00e3o ordenha sua cria\u00e7\u00e3o para<br \/>&nbsp;a produ\u00e7\u00e3o de derivados.<\/td>\n<\/tr>\n<\/tbody>\n<\/table>\n<div class=\"MsoNormal\" style=\"line-height: 150%; text-align: justify; text-indent: 35.45pt;\">\nO senhor Jos\u00e9 Trindade Gomes, seu Zel\u00e3o, tem uma<br \/>\npropriedade de cerca de 16 hectares no povoado de Caet\u00e9s, em Barroso. Na<br \/>\nfazenda, ele e seu filho produzem e comercializam leite, queijo minas, mu\u00e7arela<br \/>\ne queijo meia-cura e j\u00e1 est\u00e1 come\u00e7ando a produzir em maior escala, montando sua<br \/>\npr\u00f3pria agroind\u00fastria. Eles tamb\u00e9m criam aves e su\u00ednos para alimenta\u00e7\u00e3o da<br \/>\nfam\u00edlia e comercializa\u00e7\u00e3o. Seu Zel\u00e3o tamb\u00e9m produz doce-de-leite, que vende<br \/>\npara as escolas, por meio do programa de apoio \u00e0 agricultura familiar do<br \/>\ngoverno federal. De acordo com a lei criada j\u00e1 no governo Dilma, 30% dos<br \/>\nalimentos destinados \u00e0 merenda das escolas devem ser provenientes da<br \/>\nagricultura familiar.<\/div>\n<div class=\"MsoNormal\" style=\"line-height: 150%; text-align: justify;\">\n&nbsp;&nbsp;&nbsp;&nbsp;&nbsp;&nbsp;&nbsp;&nbsp;&nbsp;&nbsp;&nbsp; Seu Zel\u00e3o est\u00e1 satisfeito<br \/>\nem fazer parte desse trabalho e enfatiza a import\u00e2ncia de se preservar as<br \/>\nnascentes de sua propriedade, em virtude da maior parte de sua renda e da<br \/>\nfam\u00edlia ter origem em sua propriedade. \u201cA gente t\u00e1 cercando e plantando \u00e1rvores<br \/>\npara o gado n\u00e3o pisar onde nasce a \u00e1gua. \u00c9 muito importante proteger as<br \/>\nnascentes para a \u00e1gua n\u00e3o diminuir e n\u00e3o faltar depois\u201d, afirma.<\/div>\n<div class=\"MsoNormal\" style=\"line-height: 150%; text-align: justify; text-indent: 35.45pt;\">\nO extensionista agropecu\u00e1rio da Emater afirma que,<br \/>\napesar da desconfian\u00e7a inicial de alguns produtores, a aceita\u00e7\u00e3o do programa<br \/>\ntem sido excelente, pois eles reconhecem a import\u00e2ncia da \u00e1gua no meio rural.<br \/>\n\u201cO produtor oferece uma resist\u00eancia no sentido de poder sofrer algum tipo de<br \/>\nfiscaliza\u00e7\u00e3o por ordem dos \u00f3rg\u00e3os p\u00fablicos. Mas, apesar disso, eles sempre<br \/>\ndemonstram interesse em preservar a \u00e1gua, que \u00e9 muito importante no uso da<br \/>\npropriedade rural, tanto no uso dom\u00e9stico, quanto para a produ\u00e7\u00e3o<br \/>\nagropecu\u00e1ria\u201d, argumenta.<\/div>\n<div class=\"MsoNormal\" style=\"line-height: 150%; text-align: justify;\">\n<\/div>\n<div class=\"MsoNormal\" style=\"line-height: 150%;\">\n<b>Proteger as<br \/>\nnascentes \u00e9 preservar a vida<\/b><\/div>\n<div align=\"center\" class=\"MsoNormal\" style=\"line-height: 150%; text-align: center;\">\n<\/div>\n<table cellpadding=\"0\" cellspacing=\"0\" class=\"tr-caption-container\" style=\"float: left; margin-right: 1em; text-align: left;\">\n<tbody>\n<tr>\n<td style=\"text-align: center;\"><a href=\"http:\/\/4.bp.blogspot.com\/-kGsM3keMtUw\/TrmLwn2HECI\/AAAAAAAAAK8\/pgO_Xy70UVo\/s1600\/Cerca+que+protege+a+nascente.JPG\" imageanchor=\"1\" style=\"clear: left; margin-bottom: 1em; margin-left: auto; margin-right: auto;\"><img loading=\"lazy\" decoding=\"async\" border=\"0\" height=\"212\" src=\"http:\/\/4.bp.blogspot.com\/-kGsM3keMtUw\/TrmLwn2HECI\/AAAAAAAAAK8\/pgO_Xy70UVo\/s320\/Cerca+que+protege+a+nascente.JPG\" width=\"320\" \/><\/a><\/td>\n<\/tr>\n<tr>\n<td class=\"tr-caption\" style=\"text-align: center;\">Cerca utilizada para a preserva\u00e7\u00e3o de nascentes.<\/td>\n<\/tr>\n<\/tbody>\n<\/table>\n<div class=\"MsoNormal\" style=\"line-height: 150%; text-align: justify; text-indent: 35.45pt;\">\nA prote\u00e7\u00e3o das nascentes \u00e9 um dos fatores essenciais<br \/>\npara garantir a autossufici\u00eancia econ\u00f4mica da propriedade rural e para a<br \/>\nmanuten\u00e7\u00e3o da qualidade de vida do homem. Outras pr\u00e1ticas tamb\u00e9m s\u00e3o essenciais<br \/>\npara a sustentabilidade no meio rural, como a recupera\u00e7\u00e3o de \u00e1reas degradadas,<br \/>\na n\u00e3o utiliza\u00e7\u00e3o de queimadas para renova\u00e7\u00e3o de pastagens, a recupera\u00e7\u00e3o de<br \/>\n\u00e1reas verdes com plantio de esp\u00e9cies nativas, a preven\u00e7\u00e3o de eros\u00e3o e ado\u00e7\u00e3o de<br \/>\npr\u00e1ticas produtivas ao mesmo tempo ecol\u00f3gicas e rent\u00e1veis, entre outras.<\/div>\n<div class=\"MsoNormal\" style=\"line-height: 150%; text-align: justify; text-indent: 35.45pt;\">\nDe acordo com o bi\u00f3logo Paulo Henrique Pereira, em<br \/>\nartigo publicado no site <a href=\"http:\/\/www.vidaagropecuaria.com.br\/\">www.vidaagropecuaria.com.br<\/a>,<br \/>\no cercamento das nascentes \u00e9 o primeiro passo para preserv\u00e1-las. &#8220;\u00c9<br \/>\npreciso evitar que o gado passe por sobre as nascentes, pois o vai e vem dos<br \/>\nanimais compacta o solo dificultando a infiltra\u00e7\u00e3o das \u00e1guas da chuva. Se \u00e1rea<br \/>\nestiver degradada o simples fato de cercar a nascente ajudar\u00e1 muito, as vezes<br \/>\nn\u00e3o \u00e9 preciso nem plantar novas \u00e1rvores, como o solo no local e bastante \u00famido<br \/>\na natureza se encarrega de colocar tudo no lugar&#8221;, declara. Al\u00e9m disso, \u00e9<br \/>\nessencial preservar as matas dos morros e encostas, pois a \u00e1gua come\u00e7a a nascer<br \/>\ndas \u00e1guas da chuva retidas nos topos dos morros.<\/div>\n<div class=\"MsoNormal\" style=\"line-height: 150%; text-align: justify; text-indent: 35.45pt;\">\nA preserva\u00e7\u00e3o da mata ciliar tamb\u00e9m \u00e9 um dos fatores<br \/>\nmais importante para a preserva\u00e7\u00e3o n\u00e3o s\u00f3 dos mananciais, mas tamb\u00e9m dos cursos<br \/>\nd&#8217;\u00e1gua. Segundo o site da <a href=\"http:\/\/www.wwf.org.br\/\">ONG WWF-Brasil<\/a>,<br \/>\nevita o assoreamento das margens e ajuda a manter a qualidade das \u00e1guas da<br \/>\npropriedade. A mata ciliar \u00e9 uma \u00e1rea de preserva\u00e7\u00e3o permanente obrigat\u00f3ria. O<br \/>\nC\u00f3digo Florestal (<a href=\"http:\/\/www.planalto.gov.br\/ccivil_03\/leis\/L4771.htm\">Lei<br \/>\nn.\u00b0 4.771\/65<\/a>) inclui, desde 1965, as matas ciliares na categoria de \u00e1reas<br \/>\nde preserva\u00e7\u00e3o permanente (<a href=\"http:\/\/ambientes.ambientebrasil.com.br\/florestal\/artigos\/area_de_preservacao_permanente_-_app.html\">APP<\/a>).<\/div>\n<p><\/p>\n<div class=\"separator\" style=\"clear: both; text-align: center;\">\n<\/div>\n<p>\n&nbsp;&nbsp; &nbsp; &nbsp; &nbsp; Texto: Wanderson Nascimento<\/p>\n<p>&#8212;<\/p>\n<div style=\"text-align: center;\">\n<i>Para copiar e reproduzir qualquer conte\u00fado da VAN, envie e-mail para vanufsj@gmail.com, solicitando a reportagem desejada. \u00c9 simples e gratuito.<\/i><\/div>\n<p><\/p>\n<div class=\"separator\" style=\"clear: both; text-align: center;\">\n<\/div>\n<p><\/p>\n","protected":false},"excerpt":{"rendered":"<p>Fotos: Wanderson Nascimento &nbsp;&nbsp; &nbsp; &nbsp; &nbsp; Os produtores rurais de Barroso t\u00eam acesso \u00e0 orienta\u00e7\u00e3o e assist\u00eancia para protegerem as nascentes de suas propriedades. O trabalho \u00e9 realizado com<\/p>\n","protected":false},"author":2,"featured_media":0,"comment_status":"open","ping_status":"open","sticky":false,"template":"","format":"standard","meta":{"_monsterinsights_skip_tracking":false,"_monsterinsights_sitenote_active":false,"_monsterinsights_sitenote_note":"","_monsterinsights_sitenote_category":0,"_themeisle_gutenberg_block_has_review":false,"cybocfi_hide_featured_image":"","footnotes":""},"categories":[1],"tags":[170,156],"class_list":["post-879","post","type-post","status-publish","format-standard","hentry","category-sem-categoria","tag-barroso","tag-meio-ambiente"],"_links":{"self":[{"href":"http:\/\/jornalismo.ufsj.edu.br\/van\/wp-json\/wp\/v2\/posts\/879","targetHints":{"allow":["GET"]}}],"collection":[{"href":"http:\/\/jornalismo.ufsj.edu.br\/van\/wp-json\/wp\/v2\/posts"}],"about":[{"href":"http:\/\/jornalismo.ufsj.edu.br\/van\/wp-json\/wp\/v2\/types\/post"}],"author":[{"embeddable":true,"href":"http:\/\/jornalismo.ufsj.edu.br\/van\/wp-json\/wp\/v2\/users\/2"}],"replies":[{"embeddable":true,"href":"http:\/\/jornalismo.ufsj.edu.br\/van\/wp-json\/wp\/v2\/comments?post=879"}],"version-history":[{"count":0,"href":"http:\/\/jornalismo.ufsj.edu.br\/van\/wp-json\/wp\/v2\/posts\/879\/revisions"}],"wp:attachment":[{"href":"http:\/\/jornalismo.ufsj.edu.br\/van\/wp-json\/wp\/v2\/media?parent=879"}],"wp:term":[{"taxonomy":"category","embeddable":true,"href":"http:\/\/jornalismo.ufsj.edu.br\/van\/wp-json\/wp\/v2\/categories?post=879"},{"taxonomy":"post_tag","embeddable":true,"href":"http:\/\/jornalismo.ufsj.edu.br\/van\/wp-json\/wp\/v2\/tags?post=879"}],"curies":[{"name":"wp","href":"https:\/\/api.w.org\/{rel}","templated":true}]}}