{"id":878,"date":"2011-11-16T16:56:00","date_gmt":"2011-11-16T16:56:00","guid":{"rendered":"http:\/\/jornalismo.ufsj.edu.br\/van\/?p=878"},"modified":"2011-11-16T16:56:00","modified_gmt":"2011-11-16T16:56:00","slug":"projeto-estimula-reciclagem-em-sao-joao","status":"publish","type":"post","link":"http:\/\/jornalismo.ufsj.edu.br\/van\/projeto-estimula-reciclagem-em-sao-joao\/","title":{"rendered":"Projeto estimula reciclagem em S\u00e3o Jo\u00e3o del-Rei"},"content":{"rendered":"<table cellpadding=\"0\" cellspacing=\"0\" class=\"tr-caption-container\" style=\"float: left; margin-right: 1em; text-align: left;\">\n<tbody>\n<tr>\n<td style=\"text-align: center;\"><a href=\"http:\/\/2.bp.blogspot.com\/-7rnAQ7TS4_w\/TsPrR-YZjaI\/AAAAAAAAAL4\/p7mshEhPTbw\/s1600\/DSC04792.JPG\" imageanchor=\"1\" style=\"clear: left; margin-bottom: 1em; margin-left: auto; margin-right: auto;\"><img loading=\"lazy\" decoding=\"async\" border=\"0\" height=\"240\" src=\"http:\/\/2.bp.blogspot.com\/-7rnAQ7TS4_w\/TsPrR-YZjaI\/AAAAAAAAAL4\/p7mshEhPTbw\/s320\/DSC04792.JPG\" width=\"320\" \/><\/a><\/td>\n<\/tr>\n<tr>\n<td class=\"tr-caption\" style=\"text-align: center;\">Foto: Divulga\u00e7\u00e3o<\/td>\n<\/tr>\n<\/tbody>\n<\/table>\n<p><\/p>\n<div class=\"MsoNormal\" style=\"background: white; line-height: 150%; margin-bottom: .0001pt; margin-bottom: 0in; text-align: justify; text-indent: 35.4pt;\">\nDiminuir o volume de lixo enviado aos lix\u00f5es e aterros, al\u00e9m dos impactos<br \/>\nambientais causados pelos res\u00edduos, gerar receita para a Associa\u00e7\u00e3o dos<br \/>\nCatadores de Material Recicl\u00e1vel de S\u00e3o Jo\u00e3o del-Rei, auxiliar projetos de Organiza\u00e7\u00f5es<br \/>\nN\u00e3o Governamentais (ONGs) da cidade e formar profissionais com consci\u00eancia<br \/>\nambiental. Esses s\u00e3o os objetivos do projeto Rep\u00fablica Sustent\u00e1vel, que est\u00e1<br \/>\ndesenvolvendo projetos relacionados \u00e0 reciclagem do lixo. Na \u00faltima<br \/>\nquinta-feira, 10, 19 litros de \u00f3leo foram recolhidos em rep\u00fablicas na cidade.<br \/>\nNo total s\u00e3o 25 casas cadastradas e, segundo o estudante de Engenharia de<br \/>\nProdu\u00e7\u00e3o e idealizador da iniciativa, Marco T\u00falio Guimar\u00e3es Freire, a inten\u00e7\u00e3o<br \/>\n\u00e9 recolher mais 21 litros nos pr\u00f3ximos dias. \u201cAinda n\u00e3o passamos em todas.<br \/>\nDividimos em duas datas\u201d, disse.<\/div>\n<div class=\"MsoNormal\" style=\"background: white; line-height: 150%; margin-bottom: .0001pt; margin-bottom: 0in; text-align: justify; text-indent: 35.4pt;\">\nEle contou que sua inten\u00e7\u00e3o no in\u00edcio era produzir telhas a partir de<br \/>\nembalagens longa vida. \u201cFui em busca de um meio para obter as mesmas e assim<br \/>\nsurgiu a ideia de recolher o lixo nas rep\u00fablicas. Pesquisando mais a fundo<br \/>\ndescobri que S\u00e3o Jo\u00e3o del-Rei n\u00e3o tinha coleta seletiva e que o material<br \/>\nrecolhido nas lixeiras coloridas era todo misturado ap\u00f3s o caminh\u00e3o passar.<br \/>\nEscrevi um projeto piloto e apresentei \u00e0 RUA (Rep\u00fablicas Universit\u00e1rias<br \/>\nAssociadas). Gostaram da ideia e pediram para que eu formasse uma equipe\u201d, disse.<b style=\"mso-bidi-font-weight: normal;\"> <\/b>Sendo assim, os estudantes de Economia<br \/>\nAna Lu\u00edsa Ferraz e Thiago F\u00e9lix, e o aluno de Engenharia El\u00e9trica Eduardo<br \/>\nLazzarini foram convidados para integrarem a equipe do projeto, que tem a RUA<br \/>\ncomo parceira.<\/div>\n<div class=\"MsoNoSpacing\" style=\"line-height: 150%; text-align: justify; text-indent: 35.4pt;\">\nSegundo<br \/>\nAna Lu\u00edsa, a ideia \u00e9 fazer a partir do pr\u00f3ximo ano uma competi\u00e7\u00e3o entre as<br \/>\nrep\u00fablicas. \u201cVamos colocar lixeiras de coleta seletiva naquelas que quiserem<br \/>\nparticipar. Toda semana recolheremos o lixo separado, al\u00e9m disso, iremos olhar<br \/>\na economia de energia pela conta de luz. De acordo com as a\u00e7\u00f5es, cada rep\u00fablica<br \/>\nreceber\u00e1 uma pontua\u00e7\u00e3o. A cada dois meses vamos premiar as cinco com maior<br \/>\npontua\u00e7\u00e3o\u201d, comentou.<\/div>\n<div class=\"MsoNormal\" style=\"line-height: 150%; text-align: justify; text-indent: 35.4pt;\">\nSegundo<br \/>\nMarco T\u00falio, a equipe est\u00e1 trabalhando na arrecada\u00e7\u00e3o de dinheiro para comprar<br \/>\nas lixeiras que ser\u00e3o instaladas em todas as rep\u00fablicas que se cadastrarem.<br \/>\n\u201cEstamos fazendo tamb\u00e9m um estudo de viabilidade e or\u00e7amentos para ver qual a<br \/>\nmelhor maneira de recolhermos o lixo, que ser\u00e1 doado para a Associa\u00e7\u00e3o dos<br \/>\nCatadores de Material Reciclado de S\u00e3o Jo\u00e3o. Eles ir\u00e3o repassar o lixo para a<br \/>\nreciclagem e, dessa forma, gerar\u00e3o renda\u201d, contou o idealizador do projeto.<\/div>\n<div class=\"MsoNoSpacing\" style=\"line-height: 150%; text-align: justify; text-indent: 35.4pt;\">\nEnquanto<br \/>\nisso, a\u00e7\u00f5es como recolhimento de \u00f3leo de cozinha j\u00e1 est\u00e3o sendo realizadas. \u201cJ\u00e1<br \/>\nfizemos as inscri\u00e7\u00f5es das rep\u00fablicas participantes e, toda semana vamos recolher<br \/>\nos \u00f3leos, que devem ser acomodados em garrafas pets. O material ser\u00e1 destinado<br \/>\npara uma ONG s\u00e3o-joanense que fabrica sabonetes\u201d, disse Ana Lu\u00edsa. Segundo ela,<br \/>\nquem quiser ainda pode se inscrever atrav\u00e9s do e-mail projetorepublicasustentavel@gmail.com,<br \/>\nmandando o nome da rep\u00fablica, o endere\u00e7o, o n\u00famero de moradores e o<br \/>\nrespons\u00e1vel.<\/div>\n<div class=\"MsoNoSpacing\" style=\"line-height: 150%; text-align: justify; text-indent: 35.4pt;\">\nOs<br \/>\npanfletos distribu\u00eddos na universidade tamb\u00e9m ser\u00e3o aproveitados. Eles ser\u00e3o<br \/>\ndestinados \u00e0 confec\u00e7\u00e3o de produtos artesanais. \u201cPretendemos fazer bloquinhos de<br \/>\nanota\u00e7\u00e3o, porta-retrato e caixas de presentes, por\u00e9m ainda precisamos encontrar<br \/>\nparceiros que confeccionem os produtos. Enquanto isso, j\u00e1 recolhemos um pouco<br \/>\nde flyer e, junto com folhas do Xerox que seriam descartadas, estamos fazendo<br \/>\ncaixas para colocar nos pontos de coleta de pilhas e baterias\u201d, contou Freire.<\/div>\n<div class=\"MsoNormal\" style=\"background: white; line-height: 150%; margin-bottom: .0001pt; margin-bottom: 0in; text-align: justify; text-indent: 35.4pt;\">\nSegundo ele, ainda h\u00e1 a inten\u00e7\u00e3o de produzir as telhas, que devem ser de<br \/>\nboa qualidade e baixo pre\u00e7o. \u201cEsse processo \u00e9 muito interessante pois iria<br \/>\nsubstituir as telhas de amianto, que t\u00eam tend\u00eancia de sair do mercado, uma vez<br \/>\nque seu manuseio \u00e9 cancer\u00edgeno. Apesar disso, esse processo n\u00e3o est\u00e1 em um<br \/>\nfuturo pr\u00f3ximo, pois estamos focalizando por enquanto a forma de recolher o<br \/>\nmaterial recicl\u00e1vel nas rep\u00fablicas \u201d, disse.<\/div>\n<div class=\"MsoNormal\" style=\"line-height: 150%; text-align: justify;\">\n<\/div>\n<div class=\"MsoNormal\" style=\"line-height: 150%; text-align: justify;\">\nParceria<\/div>\n<div class=\"MsoNoSpacing\" style=\"line-height: 150%; text-align: justify; text-indent: 35.4pt;\">\nSegundo<br \/>\no presidente da RUA, Luiz Henrique \u00c9sper, em uma assembleia da associa\u00e7\u00e3o<br \/>\nsurgiu a ideia de reciclar o lixo produzido pela rep\u00fablicas. \u201cFicamos sabendo<br \/>\nque o Marco T\u00falio tinha um projeto neste sentido, ent\u00e3o procuramos ele\u201d, disse.<\/div>\n<div class=\"MsoNoSpacing\" style=\"line-height: 150%; text-align: justify; text-indent: 35.4pt;\">\nPara<br \/>\n\u00c9sper, a a\u00e7\u00e3o \u00e9 de grande import\u00e2ncia. \u201cAl\u00e9m de ajudar os catadores de lixo,<br \/>\nestamos ajudando a sociedade local onde n\u00f3s, republicanos, estamos inseridos.<br \/>\nDessa forma estamos tamb\u00e9m desenvolvendo o pensamento sustent\u00e1vel nos<br \/>\nuniversit\u00e1rios. Nossa gera\u00e7\u00e3o herdou um planeta sem responsabilidade ambiental.<br \/>\nTemos por obriga\u00e7\u00e3o mudar essa situa\u00e7\u00e3o. Se cada segmento da sociedade tiver<br \/>\nesse pensamento, conseguiremos tornar as pessoas mais respons\u00e1veis\u201d, disse. E<br \/>\ncompletou. \u201cEstamos tentando ser agentes de mudan\u00e7a e esperamos que a<br \/>\niniciativa mostre aos \u00f3rg\u00e3os competentes de S\u00e3o Jo\u00e3o del-Rei que iniciativas<br \/>\ncomo esta s\u00e3o vi\u00e1veis. Queremos tamb\u00e9m que a popula\u00e7\u00e3o s\u00e3o-joanense adote a<br \/>\nideia\u201d.<\/div>\n<div class=\"MsoNoSpacing\" style=\"line-height: 150%; text-align: justify; text-indent: 35.4pt;\">\n<\/div>\n<div class=\"MsoNoSpacing\" style=\"line-height: 150%; text-align: justify; text-indent: 35.4pt;\">\nReportagem: Ana Pessoa Santos<\/div>\n<div class=\"MsoNoSpacing\" style=\"line-height: 150%; text-align: justify; text-indent: 35.4pt;\">\n<\/div>\n<div class=\"MsoNoSpacing\" style=\"line-height: 150%; text-align: justify; text-indent: 35.4pt;\">\n&#8212;<\/div>\n<div class=\"MsoNoSpacing\" style=\"line-height: 150%; text-align: center; text-indent: 35.4pt;\">\n<i>Para copiar e reproduzir qualquer conte\u00fado da VAN, envie e-mail para vanufsj@gmail.com solicitando a reportagem desejada. \u00c9 simples e gratuito!<\/i><\/div>\n","protected":false},"excerpt":{"rendered":"<p>Foto: Divulga\u00e7\u00e3o Diminuir o volume de lixo enviado aos lix\u00f5es e aterros, al\u00e9m dos impactos ambientais causados pelos res\u00edduos, gerar receita para a Associa\u00e7\u00e3o dos Catadores de Material Recicl\u00e1vel de<\/p>\n","protected":false},"author":2,"featured_media":0,"comment_status":"open","ping_status":"open","sticky":false,"template":"","format":"standard","meta":{"_monsterinsights_skip_tracking":false,"_monsterinsights_sitenote_active":false,"_monsterinsights_sitenote_note":"","_monsterinsights_sitenote_category":0,"_themeisle_gutenberg_block_has_review":false,"cybocfi_hide_featured_image":"","footnotes":""},"categories":[1],"tags":[156],"class_list":["post-878","post","type-post","status-publish","format-standard","hentry","category-sem-categoria","tag-meio-ambiente"],"_links":{"self":[{"href":"http:\/\/jornalismo.ufsj.edu.br\/van\/wp-json\/wp\/v2\/posts\/878","targetHints":{"allow":["GET"]}}],"collection":[{"href":"http:\/\/jornalismo.ufsj.edu.br\/van\/wp-json\/wp\/v2\/posts"}],"about":[{"href":"http:\/\/jornalismo.ufsj.edu.br\/van\/wp-json\/wp\/v2\/types\/post"}],"author":[{"embeddable":true,"href":"http:\/\/jornalismo.ufsj.edu.br\/van\/wp-json\/wp\/v2\/users\/2"}],"replies":[{"embeddable":true,"href":"http:\/\/jornalismo.ufsj.edu.br\/van\/wp-json\/wp\/v2\/comments?post=878"}],"version-history":[{"count":0,"href":"http:\/\/jornalismo.ufsj.edu.br\/van\/wp-json\/wp\/v2\/posts\/878\/revisions"}],"wp:attachment":[{"href":"http:\/\/jornalismo.ufsj.edu.br\/van\/wp-json\/wp\/v2\/media?parent=878"}],"wp:term":[{"taxonomy":"category","embeddable":true,"href":"http:\/\/jornalismo.ufsj.edu.br\/van\/wp-json\/wp\/v2\/categories?post=878"},{"taxonomy":"post_tag","embeddable":true,"href":"http:\/\/jornalismo.ufsj.edu.br\/van\/wp-json\/wp\/v2\/tags?post=878"}],"curies":[{"name":"wp","href":"https:\/\/api.w.org\/{rel}","templated":true}]}}