{"id":875,"date":"2011-11-21T01:36:00","date_gmt":"2011-11-21T01:36:00","guid":{"rendered":"http:\/\/jornalismo.ufsj.edu.br\/van\/?p=875"},"modified":"2011-11-21T01:36:00","modified_gmt":"2011-11-21T01:36:00","slug":"lavras-realiza-evento-de-combate","status":"publish","type":"post","link":"http:\/\/jornalismo.ufsj.edu.br\/van\/lavras-realiza-evento-de-combate\/","title":{"rendered":"Lavras realiza evento de combate \u00e0 crueldade animal"},"content":{"rendered":"<div style=\"text-align: justify;\">\nNo<br \/>\ndia 08 de outubro de 2011 aconteceu o <i style=\"mso-bidi-font-style: normal;\">World<br \/>\nEvent to End Animal Cruelty (WEEAC),<\/i> evento mundial pelo fim da crueldade<br \/>\nanimal. Ocorreram manifesta\u00e7\u00f5es em diversos pa\u00edses, inclusive no Brasil.<br \/>\nMembros da Sociedade Lavrense de Prote\u00e7\u00e3o aos Animais (SLPA) fizeram uma<br \/>\nmanifesta\u00e7\u00e3o no dia 09 de outubro na pra\u00e7a central de Lavras. <\/div>\n<div class=\"MsoNormal\" style=\"line-height: 150%; margin: 0cm 0cm 0pt; text-align: justify; text-indent: 35.4pt;\">\n<a href=\"http:\/\/3.bp.blogspot.com\/-VWFhK5Xm0mo\/TsqzQULN37I\/AAAAAAAAAOI\/BjSOjNneC1I\/s1600\/035.JPG\" imageanchor=\"1\" style=\"clear: left; float: left; margin-bottom: 1em; margin-right: 1em;\"><img loading=\"lazy\" decoding=\"async\" border=\"0\" height=\"240\" src=\"http:\/\/3.bp.blogspot.com\/-VWFhK5Xm0mo\/TsqzQULN37I\/AAAAAAAAAOI\/BjSOjNneC1I\/s320\/035.JPG\" width=\"320\" \/><\/a>Drielly Cristina<br \/>\nBurgarelli Flor, participante da SLPA e uma das organizadoras do projeto,<br \/>\nafirma que teve a id\u00e9ia de criar a manifesta\u00e7\u00e3o na cidade quando teve acesso a<br \/>\ndivulga\u00e7\u00e3o do evento mundial na internet. Ela afirma que o foco da campanha foi<br \/>\na conscientiza\u00e7\u00e3o a respeito do alto \u00edndice de abandono de animais verificado<br \/>\nem Lavras, pois o canil municipal j\u00e1 n\u00e3o est\u00e1 mais comportando a grande demanda<br \/>\nde animais desabrigados. A import\u00e2ncia da ado\u00e7\u00e3o dos animais que se encontram<br \/>\nno canil tamb\u00e9m foi bastante divulgada. As pessoas foram convidadas a<br \/>\nparticiparem do acontecimento usando camisas pretas, de prefer\u00eancia, para<br \/>\ndemonstrarem o descontentamento com essa situa\u00e7\u00e3o.<\/div>\n<div class=\"MsoNormal\" style=\"line-height: 150%; margin: 0cm 0cm 0pt; text-align: justify; text-indent: 35.4pt;\">\nDe acordo com a<br \/>\norganizadora, alunos de uma escola municipal receberam uma cartilha infantil da<br \/>\nUni\u00e3o Libert\u00e1ria Animal (ULA). Por meio desse material, eles foram informados<br \/>\nsobre os cuidados que um animal de estima\u00e7\u00e3o precisa receber. Depois da leitura<br \/>\nda cartilha, as crian\u00e7as fizeram cartazes com frases e desenhos que pudessem<br \/>\nmostrar a popula\u00e7\u00e3o o verdadeiro valor dos animais. Estes cartazes ficaram<br \/>\nexpostos na pra\u00e7a ao lado da banca que foi utilizada para a distribui\u00e7\u00e3o de<br \/>\nfolhetos explicativos da campanha. A manifesta\u00e7\u00e3o contou com o apoio de<br \/>\norganizadores do evento das cidades de Campinas e Blumenau, afirma Drielly.<br \/>\nAl\u00e9m disso, os pr\u00f3prios lavrenses se mobilizaram em prol da causa e ajudaram no<br \/>\nmovimento. <\/div>\n<div class=\"MsoNormal\" style=\"line-height: 150%; margin: 0cm 0cm 0pt; text-align: justify; text-indent: 35.4pt;\">\n<a href=\"http:\/\/2.bp.blogspot.com\/-8ifgyBKnMF4\/TsqzRmUw8KI\/AAAAAAAAAOQ\/iKBbd0DnZWk\/s1600\/037.JPG\" imageanchor=\"1\" style=\"clear: right; float: right; margin-bottom: 1em; margin-left: 1em;\"><img loading=\"lazy\" decoding=\"async\" border=\"0\" height=\"183\" src=\"http:\/\/2.bp.blogspot.com\/-8ifgyBKnMF4\/TsqzRmUw8KI\/AAAAAAAAAOQ\/iKBbd0DnZWk\/s320\/037.JPG\" width=\"320\" \/><\/a>O professor de ingl\u00eas Nilmar<br \/>\nDiogo dos Reis \u00e9 um destes colaboradores. Ele explica que a campanha \u00e9<br \/>\nimportante para conscientizar a comunidade sobre os problemas que os animais<br \/>\nenfrentam, uma vez que, as pessoas n\u00e3o param para pensar sobre a crueldade que<br \/>\neles v\u00eaem sofrendo. Como forma de tentar minimizar essas atrocidades, Nilmar<br \/>\nresolveu se tornar vegetariano. Isto porque ele acredita que a sociedade j\u00e1 n\u00e3o<br \/>\nprecisa matar tantos animais para o pr\u00f3prio sustento, pois a tecnologia j\u00e1 est\u00e1<br \/>\navan\u00e7ada suficiente a ponto conseguir encontrar formas de substituir a prote\u00edna<br \/>\nanimal. O professor tamb\u00e9m afirma que prefere consumir ovos e leite de pequenos<br \/>\nprodutores porque os processos mais industrializados acabam estressando os<br \/>\nanimais. J\u00e1 a estudante Nath\u00e1lia Carvalho Silva achou a iniciativa da SLPA bem<br \/>\nlegal, principalmente pelo trabalho de incentiva\u00e7\u00e3o das crian\u00e7as sobre os<br \/>\nvalores dos animais.<\/div>\n<div class=\"MsoNormal\" style=\"line-height: 150%; margin: 0cm 0cm 0pt; text-align: justify; text-indent: 35.4pt;\">\nDiversas pessoas<br \/>\npassaram pelo local, al\u00e9m das que n\u00e3o puderam comparecer pessoalmente, cerca de<br \/>\n255 usu\u00e1rios de uma rede social adicionaram o evento `as suas redes sociais<br \/>\ncomo forma de apoiarem a manifesta\u00e7\u00e3o, explica Drielly.<\/div>\n<div style=\"text-align: justify;\">\n<\/div>\n<div style=\"text-align: justify;\">\nTexto e Fotos: Karen Abreu<\/div>\n<div class=\"MsoNormal\" style=\"line-height: 150%; margin: 0cm 0cm 0pt; text-align: justify; text-indent: 35.4pt;\">\n<div class=\"MsoNoSpacing\" style=\"line-height: 150%; text-indent: 35.4pt;\">\n<br \/>\n&#8212;<\/div>\n<div class=\"MsoNoSpacing\" style=\"line-height: 150%; text-indent: 35.4pt;\">\n<i>Para<br \/>\n copiar e reproduzir qualquer conte\u00fado da VAN, envie e-mail para<br \/>\nvanufsj@gmail.com, solicitando a reportagem desejada. \u00c9 simples e<br \/>\ngratuito.<\/i><\/div>\n<\/div>\n<p><\/p>\n<div class=\"MsoNormal\" style=\"line-height: 150%; margin: 0cm 0cm 0pt; tab-stops: 148.85pt; text-align: justify; text-indent: 35.4pt;\">\n<b style=\"mso-bidi-font-weight: normal;\"><\/b><\/div>\n","protected":false},"excerpt":{"rendered":"<p>No dia 08 de outubro de 2011 aconteceu o World Event to End Animal Cruelty (WEEAC), evento mundial pelo fim da crueldade animal. Ocorreram manifesta\u00e7\u00f5es em diversos pa\u00edses, inclusive no<\/p>\n","protected":false},"author":2,"featured_media":0,"comment_status":"open","ping_status":"open","sticky":false,"template":"","format":"standard","meta":{"_monsterinsights_skip_tracking":false,"_monsterinsights_sitenote_active":false,"_monsterinsights_sitenote_note":"","_monsterinsights_sitenote_category":0,"_themeisle_gutenberg_block_has_review":false,"cybocfi_hide_featured_image":"","footnotes":""},"categories":[1],"tags":[149,156],"class_list":["post-875","post","type-post","status-publish","format-standard","hentry","category-sem-categoria","tag-cidades","tag-meio-ambiente"],"_links":{"self":[{"href":"http:\/\/jornalismo.ufsj.edu.br\/van\/wp-json\/wp\/v2\/posts\/875","targetHints":{"allow":["GET"]}}],"collection":[{"href":"http:\/\/jornalismo.ufsj.edu.br\/van\/wp-json\/wp\/v2\/posts"}],"about":[{"href":"http:\/\/jornalismo.ufsj.edu.br\/van\/wp-json\/wp\/v2\/types\/post"}],"author":[{"embeddable":true,"href":"http:\/\/jornalismo.ufsj.edu.br\/van\/wp-json\/wp\/v2\/users\/2"}],"replies":[{"embeddable":true,"href":"http:\/\/jornalismo.ufsj.edu.br\/van\/wp-json\/wp\/v2\/comments?post=875"}],"version-history":[{"count":0,"href":"http:\/\/jornalismo.ufsj.edu.br\/van\/wp-json\/wp\/v2\/posts\/875\/revisions"}],"wp:attachment":[{"href":"http:\/\/jornalismo.ufsj.edu.br\/van\/wp-json\/wp\/v2\/media?parent=875"}],"wp:term":[{"taxonomy":"category","embeddable":true,"href":"http:\/\/jornalismo.ufsj.edu.br\/van\/wp-json\/wp\/v2\/categories?post=875"},{"taxonomy":"post_tag","embeddable":true,"href":"http:\/\/jornalismo.ufsj.edu.br\/van\/wp-json\/wp\/v2\/tags?post=875"}],"curies":[{"name":"wp","href":"https:\/\/api.w.org\/{rel}","templated":true}]}}