{"id":7749,"date":"2017-10-31T13:38:52","date_gmt":"2017-10-31T15:38:52","guid":{"rendered":"http:\/\/jornalismo.ufsj.edu.br\/van\/?p=7749"},"modified":"2017-10-31T13:38:52","modified_gmt":"2017-10-31T15:38:52","slug":"plenario-de-sao-joao-del-rei-aprova-projeto-bueiro-inteligente","status":"publish","type":"post","link":"http:\/\/jornalismo.ufsj.edu.br\/van\/plenario-de-sao-joao-del-rei-aprova-projeto-bueiro-inteligente\/","title":{"rendered":"Plen\u00e1rio de S\u00e3o Jo\u00e3o del-Rei aprova projeto \u201cBueiro Inteligente\u201d"},"content":{"rendered":"<p style=\"text-align: center;\"><em><span style=\"font-weight: 400;\">Projeto tem como objetivo diminuir a incid\u00eancia de alagamentos nas ruas por causa de bueiros entupidos<\/span><\/em><\/p>\n<p>&nbsp;<\/p>\n<p><span style=\"font-weight: 400;\">O Plen\u00e1rio aprovou, na \u00faltima semana, o projeto do vereador Jorginho Hannas denominado \u201cBueiro Inteligente\u201d. A proposta consiste na instala\u00e7\u00e3o de uma caixa coletora de material termopl\u00e1stico que filtra todo material s\u00f3lido, sem obstru\u00e7\u00e3o da passagem das \u00e1guas das chuvas nos bueiros e bocas de lobo situados em locais onde ocorrem ou possam ocorrer entupimento e alagamento nos dias de chuva.<\/span><\/p>\n<p><span style=\"font-weight: 400;\"> \u00a0\u00a0\u00a0\u00a0\u00a0\u00a0\u00a0\u00a0\u00a0\u00a0\u00a0<\/span> <span style=\"font-weight: 400;\">O vereador Jorge Hannas conta que que o projeto j\u00e1 est\u00e1 em funcionamento em outras cidades, e que participou da cria\u00e7\u00e3o do mesmo em Belo Horizonte enquanto trabalhava com o presidente da c\u00e2mara da cidade. Ele conta que \u00e9 um projeto muito simples: as caixas utilizadas podem ser fornecidas por supermercados, por meio de doa\u00e7\u00f5es, ou compradas a baixo custo, e a limpeza seria feita quinzenalmente, como j\u00e1 \u00e9 normalmente. Sua inten\u00e7\u00e3o, com a implanta\u00e7\u00e3o do \u201cbueiro inteligente\u201d, \u00e9 diminuir os alagamentos nas ruas causadas por entupimentos de bueiros e bocas de lobo: \u201cQuando n\u00e3o h\u00e1 res\u00edduos entupindo as redes, obviamente n\u00e3o vai ter o retorno da \u00e1gua. \u00c9 um projeto sustent\u00e1vel, \u00e9 um projeto de ganho ambiental, e uma coisa que vale ressaltar: n\u00e3o h\u00e1 impacto financeiro algum ao munic\u00edpio.\u201d<\/span><\/p>\n<figure id=\"attachment_7753\" aria-describedby=\"caption-attachment-7753\" style=\"width: 320px\" class=\"wp-caption aligncenter\"><img loading=\"lazy\" decoding=\"async\" class=\" size-full wp-image-7753 aligncenter\" src=\"http:\/\/jornalismo.ufsj.edu.br\/van\/wp-content\/uploads\/2017\/10\/bueiro-entupido-em-SJDR.jpg\" alt=\"bueiro entupido em SJDR\" width=\"320\" height=\"240\" srcset=\"http:\/\/jornalismo.ufsj.edu.br\/van\/wp-content\/uploads\/2017\/10\/bueiro-entupido-em-SJDR.jpg 320w, http:\/\/jornalismo.ufsj.edu.br\/van\/wp-content\/uploads\/2017\/10\/bueiro-entupido-em-SJDR-300x225.jpg 300w\" sizes=\"auto, (max-width: 320px) 100vw, 320px\" \/><figcaption id=\"caption-attachment-7753\" class=\"wp-caption-text\">Bueiro entupido em S\u00e3o Jo\u00e3o del-Rei. &#8211; Foto: Reprodu\u00e7\u00e3o<\/figcaption><\/figure>\n<p><span style=\"font-weight: 400;\"> \u00a0\u00a0\u00a0\u00a0\u00a0\u00a0\u00a0\u00a0\u00a0\u00a0\u00a0<\/span> <span style=\"font-weight: 400;\">O assessor de comunica\u00e7\u00e3o do 2\u00b0 Pelot\u00e3o de Bombeiros de S\u00e3o Jo\u00e3o del-Rei, Cabo Giovanni, conta que quando come\u00e7a o per\u00edodo de chuvas h\u00e1 muitos casos de alagamentos e inunda\u00e7\u00f5es em v\u00e1rios pontos da cidade, como Santa Cruz de Minas, Vila Nossa Senhora de F\u00e1tima e, em algumas ocasi\u00f5es, na ponte da Col\u00f4nia. Ele conta que a iniciativa vai ajudar a diminuir consideravelmente o problema dos alagamentos. Ele ressalta tamb\u00e9m a import\u00e2ncia da conscientiza\u00e7\u00e3o da popula\u00e7\u00e3o para n\u00e3o jogar lixo nas ruas: \u201cEu acho importante tamb\u00e9m ter campanhas educativas a respeito de da quest\u00e3o do lixo. Muitas vezes a gente percebe que as pessoas jogam lixo na rua como uma coisa natural. E isso \u00e9 muito ruim, isso tamb\u00e9m prejudica muito.\u201d<\/span><\/p>\n<p><span style=\"font-weight: 400;\"> \u00a0\u00a0\u00a0\u00a0\u00a0\u00a0\u00a0\u00a0\u00a0\u00a0\u00a0<\/span> <span style=\"font-weight: 400;\">A aposentada Maria Auxiliadora Carvalho mora na cidade faz mais de 30 anos, e conta que j\u00e1 teve problemas de invas\u00e3o de \u00e1gua por outros motivos, mas que teme que o sistema de esgoto atual n\u00e3o aguente a press\u00e3o da \u00e1gua quando as chuvas chegarem. Ela conta tamb\u00e9m da falta de colabora\u00e7\u00e3o da popula\u00e7\u00e3o: \u201cOs bueiros est\u00e3o muito entupidos, \u00e9 muito lixo. O pessoal \u00e9 muito folgado, n\u00e3o tem coragem de pegar. T\u00e1 cheio de cesto para voc\u00ea jogar, n\u00e3o, jogam na rua, joga no jardim. Na hora que a chuva vem, taca no bueiro, a\u00ed n\u00e3o tem como.\u201d Para ela, o projeto do vereador vai ajudar a diminuir consideravelmente os alagamentos da rua onde mora, e acredita tamb\u00e9m que a prefeitura deva fazer melhoramentos nos esgotos antigos, para faz\u00ea-los aguentar o fluxo de \u00e1gua.<\/span><\/p>\n<p>&nbsp;<\/p>\n<p><span style=\"font-weight: 400;\">Texto\/VAN: Clara Mattoso<br \/>\n<\/span><span style=\"font-weight: 400;\">Fotos: Reprodu\u00e7\u00e3o<\/span><\/p>\n","protected":false},"excerpt":{"rendered":"<p>Projeto tem como objetivo diminuir a incid\u00eancia de alagamentos nas ruas por causa de bueiros entupidos &nbsp; O Plen\u00e1rio aprovou, na \u00faltima semana, o projeto do vereador Jorginho Hannas denominado<\/p>\n","protected":false},"author":2,"featured_media":7754,"comment_status":"open","ping_status":"open","sticky":false,"template":"","format":"standard","meta":{"_monsterinsights_skip_tracking":false,"_monsterinsights_sitenote_active":false,"_monsterinsights_sitenote_note":"","_monsterinsights_sitenote_category":0,"_themeisle_gutenberg_block_has_review":false,"cybocfi_hide_featured_image":"","footnotes":""},"categories":[17,109],"tags":[],"class_list":["post-7749","post","type-post","status-publish","format-standard","has-post-thumbnail","hentry","category-cidade","category-sao-joao-del-rei-microrregiao-de-sao-joao-del-rei"],"_links":{"self":[{"href":"http:\/\/jornalismo.ufsj.edu.br\/van\/wp-json\/wp\/v2\/posts\/7749","targetHints":{"allow":["GET"]}}],"collection":[{"href":"http:\/\/jornalismo.ufsj.edu.br\/van\/wp-json\/wp\/v2\/posts"}],"about":[{"href":"http:\/\/jornalismo.ufsj.edu.br\/van\/wp-json\/wp\/v2\/types\/post"}],"author":[{"embeddable":true,"href":"http:\/\/jornalismo.ufsj.edu.br\/van\/wp-json\/wp\/v2\/users\/2"}],"replies":[{"embeddable":true,"href":"http:\/\/jornalismo.ufsj.edu.br\/van\/wp-json\/wp\/v2\/comments?post=7749"}],"version-history":[{"count":8,"href":"http:\/\/jornalismo.ufsj.edu.br\/van\/wp-json\/wp\/v2\/posts\/7749\/revisions"}],"predecessor-version":[{"id":7759,"href":"http:\/\/jornalismo.ufsj.edu.br\/van\/wp-json\/wp\/v2\/posts\/7749\/revisions\/7759"}],"wp:featuredmedia":[{"embeddable":true,"href":"http:\/\/jornalismo.ufsj.edu.br\/van\/wp-json\/wp\/v2\/media\/7754"}],"wp:attachment":[{"href":"http:\/\/jornalismo.ufsj.edu.br\/van\/wp-json\/wp\/v2\/media?parent=7749"}],"wp:term":[{"taxonomy":"category","embeddable":true,"href":"http:\/\/jornalismo.ufsj.edu.br\/van\/wp-json\/wp\/v2\/categories?post=7749"},{"taxonomy":"post_tag","embeddable":true,"href":"http:\/\/jornalismo.ufsj.edu.br\/van\/wp-json\/wp\/v2\/tags?post=7749"}],"curies":[{"name":"wp","href":"https:\/\/api.w.org\/{rel}","templated":true}]}}