{"id":7729,"date":"2017-10-29T20:28:35","date_gmt":"2017-10-29T22:28:35","guid":{"rendered":"http:\/\/jornalismo.ufsj.edu.br\/van\/?p=7729"},"modified":"2017-10-29T20:28:35","modified_gmt":"2017-10-29T22:28:35","slug":"simposio-de-artes-tecendo-conexoes","status":"publish","type":"post","link":"http:\/\/jornalismo.ufsj.edu.br\/van\/simposio-de-artes-tecendo-conexoes\/","title":{"rendered":"Simp\u00f3sio de Artes tecendo Conex\u00f5es"},"content":{"rendered":"<p style=\"text-align: center;\"><span style=\"font-weight: 400;\">Evento foi marcado por ampla programa\u00e7\u00e3o com foco na transdisciplinaridade<\/span><\/p>\n<p>&nbsp;<\/p>\n<p><span style=\"font-weight: 400;\"> Alemanha, Portugal e Col\u00f4mbia, s\u00e3o exemplos dos pa\u00edses que estiveram presentes no 1\u00b0 Simp\u00f3sio de Artes, Urbanidades e Sustentabilidade da Universidade Federal de S\u00e3o Jo\u00e3o del-Rei (UFSJ). Conferencistas, artistas, professores e estudantes estiveram reunidos em um evento com ampla programa\u00e7\u00e3o que iniciou oficialmente no \u00faltimo domingo, 22, e encerrou na sexta-feira, 27. Nomes consagrados nacional e internacionalmente na \u00e1rea do ensino, como os pesquisadores, Dr. Sacha Kagan, Dr. Luiz Belivacqua e Dr. J\u00f4natas Manzolli, estiveram presente e deixaram suas contribui\u00e7\u00f5es. <\/span><\/p>\n<p><span style=\"font-weight: 400;\"> \u00a0Aproximadamente 150 artigos nos mais variados ramos do conhecimento foram apresentados, em maioria relacionados \u00e0 Arte Popular, Pol\u00edticas P\u00fablicas e ao design. A professora de mestrado e integrante do Comit\u00ea Cient\u00edfico do Encontro, Luciana Beatriz Chagas, ressalta que o Simp\u00f3sio de uma forma geral foi extremamente importante para a discuss\u00e3o sobre a interdisciplinaridade no \u00e2mbito acad\u00eamico. \u201cEm todos os grupos de trabalho e nas mesas de apresenta\u00e7\u00e3o, conseguimos fazer pontes muito interessantes em abordagens aparentemente diferentes. \u00c9 um exerc\u00edcio de tecer conex\u00f5es\u201d, conclui a docente. \u00a0Luciana ainda destaca que a participa\u00e7\u00e3o de alunos e volunt\u00e1rios foi fundamental para o \u00eaxito do evento.<\/span><\/p>\n<p><span style=\"font-weight: 400;\"> \u00a0O Centro Cultural, tamb\u00e9m conhecido como Solar da Baronesa, foi palco de apresenta\u00e7\u00f5es musicais e uma exposi\u00e7\u00e3o coletiva. A mostra com curadoria de Adilson Siqueira, Luciana Chagas e Zandra Miranda, teve sua abertura na quarta-feira, 25, e reuniu diversas vertentes art\u00edsticas, incluindo fotografias, poemas, v\u00eddeos e pinturas. A mostra segue aberta \u00e0 visita\u00e7\u00e3o at\u00e9 o dia 5 de novembro. O espa\u00e7o est\u00e1 aberto ao p\u00fablico diariamente, de 8h \u00e0s 20h, inclusive nos finais de semana e feriados.<\/span><\/p>\n<p><span style=\"font-weight: 400;\"> \u00a0O Simp\u00f3sio contou ainda com uma s\u00e9rie de viv\u00eancias, sendo uma delas, a intitulada \u201cOlhares (Im)poss\u00edveis\u201d, que foi ministrada por Arthur Ara\u00fajo e Raquel Salazar. A atividade aconteceu entre a manh\u00e3 do \u00faltimo domingo, 22 e teve encerramento na quarta-feira, dia 24. A proposta contemplava as experi\u00eancias e rela\u00e7\u00f5es afetivas dentro dos espa\u00e7os da cidade, utilizando como dispositivo principal a produ\u00e7\u00e3o de um audiovisual denominado \u201cPode passar\u201d, que foi gravado nas ruas s\u00e3o-joanenses, e exibido durante a Exposi\u00e7\u00e3o Coletiva no Solar. <\/span><\/p>\n<p><span style=\"font-weight: 400;\"> \u00a0O Evento foi promovido pelo Programa Interdepartamental de P\u00f3s-Gradua\u00e7\u00e3o Interdisciplinar em Artes, Urbanidades e Sustentabilidade (PIPAUS), mestrado acad\u00eamico interdisciplinar resultado de um processo coletivo iniciado em 2013 na institui\u00e7\u00e3o.<\/span><\/p>\n<p>&nbsp;<\/p>\n<p><span style=\"font-weight: 400;\">Texto\/VAN: Thais Andressa e Agnes Monteiro<br \/>\n<\/span><span style=\"font-weight: 400;\">Fotos\/VAN: Thais Andressa<\/span><\/p>\n","protected":false},"excerpt":{"rendered":"<p>Evento foi marcado por ampla programa\u00e7\u00e3o com foco na transdisciplinaridade &nbsp; Alemanha, Portugal e Col\u00f4mbia, s\u00e3o exemplos dos pa\u00edses que estiveram presentes no 1\u00b0 Simp\u00f3sio de Artes, Urbanidades e Sustentabilidade<\/p>\n","protected":false},"author":2,"featured_media":7712,"comment_status":"open","ping_status":"open","sticky":false,"template":"","format":"standard","meta":{"_monsterinsights_skip_tracking":false,"_monsterinsights_sitenote_active":false,"_monsterinsights_sitenote_note":"","_monsterinsights_sitenote_category":0,"_themeisle_gutenberg_block_has_review":false,"cybocfi_hide_featured_image":"","footnotes":""},"categories":[387,109],"tags":[],"class_list":["post-7729","post","type-post","status-publish","format-standard","has-post-thumbnail","hentry","category-educacao","category-sao-joao-del-rei-microrregiao-de-sao-joao-del-rei"],"_links":{"self":[{"href":"http:\/\/jornalismo.ufsj.edu.br\/van\/wp-json\/wp\/v2\/posts\/7729","targetHints":{"allow":["GET"]}}],"collection":[{"href":"http:\/\/jornalismo.ufsj.edu.br\/van\/wp-json\/wp\/v2\/posts"}],"about":[{"href":"http:\/\/jornalismo.ufsj.edu.br\/van\/wp-json\/wp\/v2\/types\/post"}],"author":[{"embeddable":true,"href":"http:\/\/jornalismo.ufsj.edu.br\/van\/wp-json\/wp\/v2\/users\/2"}],"replies":[{"embeddable":true,"href":"http:\/\/jornalismo.ufsj.edu.br\/van\/wp-json\/wp\/v2\/comments?post=7729"}],"version-history":[{"count":6,"href":"http:\/\/jornalismo.ufsj.edu.br\/van\/wp-json\/wp\/v2\/posts\/7729\/revisions"}],"predecessor-version":[{"id":7735,"href":"http:\/\/jornalismo.ufsj.edu.br\/van\/wp-json\/wp\/v2\/posts\/7729\/revisions\/7735"}],"wp:featuredmedia":[{"embeddable":true,"href":"http:\/\/jornalismo.ufsj.edu.br\/van\/wp-json\/wp\/v2\/media\/7712"}],"wp:attachment":[{"href":"http:\/\/jornalismo.ufsj.edu.br\/van\/wp-json\/wp\/v2\/media?parent=7729"}],"wp:term":[{"taxonomy":"category","embeddable":true,"href":"http:\/\/jornalismo.ufsj.edu.br\/van\/wp-json\/wp\/v2\/categories?post=7729"},{"taxonomy":"post_tag","embeddable":true,"href":"http:\/\/jornalismo.ufsj.edu.br\/van\/wp-json\/wp\/v2\/tags?post=7729"}],"curies":[{"name":"wp","href":"https:\/\/api.w.org\/{rel}","templated":true}]}}