{"id":7359,"date":"2017-09-24T20:01:42","date_gmt":"2017-09-24T23:01:42","guid":{"rendered":"http:\/\/jornalismo.ufsj.edu.br\/van\/?p=7359"},"modified":"2017-09-24T20:02:12","modified_gmt":"2017-09-24T23:02:12","slug":"ensaio-fotografico-felit","status":"publish","type":"post","link":"http:\/\/jornalismo.ufsj.edu.br\/van\/ensaio-fotografico-felit\/","title":{"rendered":"Ensaio Fotogr\u00e1fico: Felit"},"content":{"rendered":"<p>Para finalizar o \u00faltimo dia de Felit, que homenageia o escritor Ronaldo Sim\u00f5es Coelho, aconteceram duas atividades na sede da Academia de Letras de S\u00e3o Jo\u00e3o del-Rei: Uma homenagem ao escritor Asterack Germano de Lima e o Lan\u00e7amento do livro \u201cFantasma de Joana D\u2019Arc\u201d de Evaldo Balbino. Pouco depois, na Taberna D\u2019Omar, tivemos o Recital Po\u00e9tico Lesmapoesia, Grupo LESMA de Conselheiro Lafaiete com apresenta\u00e7\u00f5es de m\u00fasica e poesia.<\/p>\n<div id='gallery-1' class='gallery galleryid-7359 gallery-columns-3 gallery-size-thumbnail'><figure class='gallery-item'>\n\t\t\t<div class='gallery-icon landscape'>\n\t\t\t\t<a href='http:\/\/jornalismo.ufsj.edu.br\/van\/ensaio-fotografico-felit\/clara-mattoso-2\/'><img loading=\"lazy\" decoding=\"async\" width=\"150\" height=\"150\" src=\"http:\/\/jornalismo.ufsj.edu.br\/van\/wp-content\/uploads\/2017\/09\/Clara-Mattoso-2-150x150.jpg\" class=\"attachment-thumbnail size-thumbnail\" alt=\"\" srcset=\"http:\/\/jornalismo.ufsj.edu.br\/van\/wp-content\/uploads\/2017\/09\/Clara-Mattoso-2-150x150.jpg 150w, http:\/\/jornalismo.ufsj.edu.br\/van\/wp-content\/uploads\/2017\/09\/Clara-Mattoso-2-60x60.jpg 60w, http:\/\/jornalismo.ufsj.edu.br\/van\/wp-content\/uploads\/2017\/09\/Clara-Mattoso-2-80x80.jpg 80w\" sizes=\"auto, (max-width: 150px) 100vw, 150px\" \/><\/a>\n\t\t\t<\/div><\/figure><figure class='gallery-item'>\n\t\t\t<div class='gallery-icon landscape'>\n\t\t\t\t<a href='http:\/\/jornalismo.ufsj.edu.br\/van\/ensaio-fotografico-felit\/clara-mattoso\/'><img loading=\"lazy\" decoding=\"async\" width=\"150\" height=\"150\" src=\"http:\/\/jornalismo.ufsj.edu.br\/van\/wp-content\/uploads\/2017\/09\/Clara-Mattoso-150x150.jpg\" class=\"attachment-thumbnail size-thumbnail\" alt=\"\" srcset=\"http:\/\/jornalismo.ufsj.edu.br\/van\/wp-content\/uploads\/2017\/09\/Clara-Mattoso-150x150.jpg 150w, http:\/\/jornalismo.ufsj.edu.br\/van\/wp-content\/uploads\/2017\/09\/Clara-Mattoso-60x60.jpg 60w, http:\/\/jornalismo.ufsj.edu.br\/van\/wp-content\/uploads\/2017\/09\/Clara-Mattoso-80x80.jpg 80w\" sizes=\"auto, (max-width: 150px) 100vw, 150px\" \/><\/a>\n\t\t\t<\/div><\/figure><figure class='gallery-item'>\n\t\t\t<div class='gallery-icon landscape'>\n\t\t\t\t<a href='http:\/\/jornalismo.ufsj.edu.br\/van\/ensaio-fotografico-felit\/marcos-coelho2\/'><img loading=\"lazy\" decoding=\"async\" width=\"150\" height=\"150\" src=\"http:\/\/jornalismo.ufsj.edu.br\/van\/wp-content\/uploads\/2017\/09\/Marcos-Coelho2-150x150.jpg\" class=\"attachment-thumbnail size-thumbnail\" alt=\"\" srcset=\"http:\/\/jornalismo.ufsj.edu.br\/van\/wp-content\/uploads\/2017\/09\/Marcos-Coelho2-150x150.jpg 150w, http:\/\/jornalismo.ufsj.edu.br\/van\/wp-content\/uploads\/2017\/09\/Marcos-Coelho2-60x60.jpg 60w, http:\/\/jornalismo.ufsj.edu.br\/van\/wp-content\/uploads\/2017\/09\/Marcos-Coelho2-80x80.jpg 80w\" sizes=\"auto, (max-width: 150px) 100vw, 150px\" \/><\/a>\n\t\t\t<\/div><\/figure><figure class='gallery-item'>\n\t\t\t<div class='gallery-icon landscape'>\n\t\t\t\t<a href='http:\/\/jornalismo.ufsj.edu.br\/van\/ensaio-fotografico-felit\/scarlet-1\/'><img loading=\"lazy\" decoding=\"async\" width=\"150\" height=\"150\" src=\"http:\/\/jornalismo.ufsj.edu.br\/van\/wp-content\/uploads\/2017\/09\/Scarlet-1-150x150.jpg\" class=\"attachment-thumbnail size-thumbnail\" alt=\"\" srcset=\"http:\/\/jornalismo.ufsj.edu.br\/van\/wp-content\/uploads\/2017\/09\/Scarlet-1-150x150.jpg 150w, http:\/\/jornalismo.ufsj.edu.br\/van\/wp-content\/uploads\/2017\/09\/Scarlet-1-60x60.jpg 60w, http:\/\/jornalismo.ufsj.edu.br\/van\/wp-content\/uploads\/2017\/09\/Scarlet-1-80x80.jpg 80w\" sizes=\"auto, (max-width: 150px) 100vw, 150px\" \/><\/a>\n\t\t\t<\/div><\/figure><figure class='gallery-item'>\n\t\t\t<div class='gallery-icon landscape'>\n\t\t\t\t<a href='http:\/\/jornalismo.ufsj.edu.br\/van\/ensaio-fotografico-felit\/scarlet-2\/'><img loading=\"lazy\" decoding=\"async\" width=\"150\" height=\"150\" src=\"http:\/\/jornalismo.ufsj.edu.br\/van\/wp-content\/uploads\/2017\/09\/Scarlet-2-150x150.jpg\" class=\"attachment-thumbnail size-thumbnail\" alt=\"\" srcset=\"http:\/\/jornalismo.ufsj.edu.br\/van\/wp-content\/uploads\/2017\/09\/Scarlet-2-150x150.jpg 150w, http:\/\/jornalismo.ufsj.edu.br\/van\/wp-content\/uploads\/2017\/09\/Scarlet-2-60x60.jpg 60w, http:\/\/jornalismo.ufsj.edu.br\/van\/wp-content\/uploads\/2017\/09\/Scarlet-2-80x80.jpg 80w\" sizes=\"auto, (max-width: 150px) 100vw, 150px\" \/><\/a>\n\t\t\t<\/div><\/figure><figure class='gallery-item'>\n\t\t\t<div class='gallery-icon landscape'>\n\t\t\t\t<a href='http:\/\/jornalismo.ufsj.edu.br\/van\/ensaio-fotografico-felit\/scarlet-3\/'><img loading=\"lazy\" decoding=\"async\" width=\"150\" height=\"150\" src=\"http:\/\/jornalismo.ufsj.edu.br\/van\/wp-content\/uploads\/2017\/09\/Scarlet-3-150x150.jpg\" class=\"attachment-thumbnail size-thumbnail\" alt=\"\" srcset=\"http:\/\/jornalismo.ufsj.edu.br\/van\/wp-content\/uploads\/2017\/09\/Scarlet-3-150x150.jpg 150w, http:\/\/jornalismo.ufsj.edu.br\/van\/wp-content\/uploads\/2017\/09\/Scarlet-3-60x60.jpg 60w, http:\/\/jornalismo.ufsj.edu.br\/van\/wp-content\/uploads\/2017\/09\/Scarlet-3-80x80.jpg 80w\" sizes=\"auto, (max-width: 150px) 100vw, 150px\" \/><\/a>\n\t\t\t<\/div><\/figure><figure class='gallery-item'>\n\t\t\t<div class='gallery-icon landscape'>\n\t\t\t\t<a href='http:\/\/jornalismo.ufsj.edu.br\/van\/ensaio-fotografico-felit\/scarlet-4\/'><img loading=\"lazy\" decoding=\"async\" width=\"150\" height=\"150\" src=\"http:\/\/jornalismo.ufsj.edu.br\/van\/wp-content\/uploads\/2017\/09\/Scarlet-4-150x150.jpg\" class=\"attachment-thumbnail size-thumbnail\" alt=\"\" srcset=\"http:\/\/jornalismo.ufsj.edu.br\/van\/wp-content\/uploads\/2017\/09\/Scarlet-4-150x150.jpg 150w, http:\/\/jornalismo.ufsj.edu.br\/van\/wp-content\/uploads\/2017\/09\/Scarlet-4-60x60.jpg 60w, http:\/\/jornalismo.ufsj.edu.br\/van\/wp-content\/uploads\/2017\/09\/Scarlet-4-80x80.jpg 80w\" sizes=\"auto, (max-width: 150px) 100vw, 150px\" \/><\/a>\n\t\t\t<\/div><\/figure><figure class='gallery-item'>\n\t\t\t<div class='gallery-icon landscape'>\n\t\t\t\t<a href='http:\/\/jornalismo.ufsj.edu.br\/van\/ensaio-fotografico-felit\/scarlet-5\/'><img loading=\"lazy\" decoding=\"async\" width=\"150\" height=\"150\" src=\"http:\/\/jornalismo.ufsj.edu.br\/van\/wp-content\/uploads\/2017\/09\/Scarlet-5-150x150.jpg\" class=\"attachment-thumbnail size-thumbnail\" alt=\"\" srcset=\"http:\/\/jornalismo.ufsj.edu.br\/van\/wp-content\/uploads\/2017\/09\/Scarlet-5-150x150.jpg 150w, http:\/\/jornalismo.ufsj.edu.br\/van\/wp-content\/uploads\/2017\/09\/Scarlet-5-60x60.jpg 60w, http:\/\/jornalismo.ufsj.edu.br\/van\/wp-content\/uploads\/2017\/09\/Scarlet-5-80x80.jpg 80w\" sizes=\"auto, (max-width: 150px) 100vw, 150px\" \/><\/a>\n\t\t\t<\/div><\/figure><figure class='gallery-item'>\n\t\t\t<div class='gallery-icon landscape'>\n\t\t\t\t<a href='http:\/\/jornalismo.ufsj.edu.br\/van\/ensaio-fotografico-felit\/scarlet-6\/'><img loading=\"lazy\" decoding=\"async\" width=\"150\" height=\"150\" src=\"http:\/\/jornalismo.ufsj.edu.br\/van\/wp-content\/uploads\/2017\/09\/Scarlet-6-150x150.jpg\" class=\"attachment-thumbnail size-thumbnail\" alt=\"\" srcset=\"http:\/\/jornalismo.ufsj.edu.br\/van\/wp-content\/uploads\/2017\/09\/Scarlet-6-150x150.jpg 150w, http:\/\/jornalismo.ufsj.edu.br\/van\/wp-content\/uploads\/2017\/09\/Scarlet-6-60x60.jpg 60w, http:\/\/jornalismo.ufsj.edu.br\/van\/wp-content\/uploads\/2017\/09\/Scarlet-6-80x80.jpg 80w\" sizes=\"auto, (max-width: 150px) 100vw, 150px\" \/><\/a>\n\t\t\t<\/div><\/figure><figure class='gallery-item'>\n\t\t\t<div class='gallery-icon landscape'>\n\t\t\t\t<a href='http:\/\/jornalismo.ufsj.edu.br\/van\/ensaio-fotografico-felit\/scarlet\/'><img loading=\"lazy\" decoding=\"async\" width=\"150\" height=\"150\" src=\"http:\/\/jornalismo.ufsj.edu.br\/van\/wp-content\/uploads\/2017\/09\/Scarlet-150x150.jpg\" class=\"attachment-thumbnail size-thumbnail\" alt=\"\" srcset=\"http:\/\/jornalismo.ufsj.edu.br\/van\/wp-content\/uploads\/2017\/09\/Scarlet-150x150.jpg 150w, http:\/\/jornalismo.ufsj.edu.br\/van\/wp-content\/uploads\/2017\/09\/Scarlet-60x60.jpg 60w, http:\/\/jornalismo.ufsj.edu.br\/van\/wp-content\/uploads\/2017\/09\/Scarlet-80x80.jpg 80w\" sizes=\"auto, (max-width: 150px) 100vw, 150px\" \/><\/a>\n\t\t\t<\/div><\/figure>\n\t\t<\/div>\n\n<p>Fotos\/VAN: Clara Mattoso, Marcos Coelho e Scarlet Freitas<\/p>\n","protected":false},"excerpt":{"rendered":"<p>Para finalizar o \u00faltimo dia de Felit, que homenageia o escritor Ronaldo Sim\u00f5es Coelho, aconteceram duas atividades na sede da Academia de Letras de S\u00e3o Jo\u00e3o del-Rei: Uma homenagem ao<\/p>\n","protected":false},"author":2,"featured_media":7363,"comment_status":"open","ping_status":"open","sticky":false,"template":"","format":"standard","meta":{"_monsterinsights_skip_tracking":false,"_monsterinsights_sitenote_active":false,"_monsterinsights_sitenote_note":"","_monsterinsights_sitenote_category":0,"_themeisle_gutenberg_block_has_review":false,"cybocfi_hide_featured_image":"","footnotes":""},"categories":[13,689,109,19],"tags":[],"class_list":["post-7359","post","type-post","status-publish","format-standard","has-post-thumbnail","hentry","category-cultura","category-ensaio-fotografico","category-sao-joao-del-rei-microrregiao-de-sao-joao-del-rei","category-tiradentes"],"_links":{"self":[{"href":"http:\/\/jornalismo.ufsj.edu.br\/van\/wp-json\/wp\/v2\/posts\/7359","targetHints":{"allow":["GET"]}}],"collection":[{"href":"http:\/\/jornalismo.ufsj.edu.br\/van\/wp-json\/wp\/v2\/posts"}],"about":[{"href":"http:\/\/jornalismo.ufsj.edu.br\/van\/wp-json\/wp\/v2\/types\/post"}],"author":[{"embeddable":true,"href":"http:\/\/jornalismo.ufsj.edu.br\/van\/wp-json\/wp\/v2\/users\/2"}],"replies":[{"embeddable":true,"href":"http:\/\/jornalismo.ufsj.edu.br\/van\/wp-json\/wp\/v2\/comments?post=7359"}],"version-history":[{"count":5,"href":"http:\/\/jornalismo.ufsj.edu.br\/van\/wp-json\/wp\/v2\/posts\/7359\/revisions"}],"predecessor-version":[{"id":7374,"href":"http:\/\/jornalismo.ufsj.edu.br\/van\/wp-json\/wp\/v2\/posts\/7359\/revisions\/7374"}],"wp:featuredmedia":[{"embeddable":true,"href":"http:\/\/jornalismo.ufsj.edu.br\/van\/wp-json\/wp\/v2\/media\/7363"}],"wp:attachment":[{"href":"http:\/\/jornalismo.ufsj.edu.br\/van\/wp-json\/wp\/v2\/media?parent=7359"}],"wp:term":[{"taxonomy":"category","embeddable":true,"href":"http:\/\/jornalismo.ufsj.edu.br\/van\/wp-json\/wp\/v2\/categories?post=7359"},{"taxonomy":"post_tag","embeddable":true,"href":"http:\/\/jornalismo.ufsj.edu.br\/van\/wp-json\/wp\/v2\/tags?post=7359"}],"curies":[{"name":"wp","href":"https:\/\/api.w.org\/{rel}","templated":true}]}}