{"id":676,"date":"2013-05-28T02:35:00","date_gmt":"2013-05-28T02:35:00","guid":{"rendered":"http:\/\/jornalismo.ufsj.edu.br\/van\/?p=676"},"modified":"2013-05-28T02:35:00","modified_gmt":"2013-05-28T02:35:00","slug":"mes-de-maio-nao-e-mais-o-favorito-das","status":"publish","type":"post","link":"http:\/\/jornalismo.ufsj.edu.br\/van\/mes-de-maio-nao-e-mais-o-favorito-das\/","title":{"rendered":"M\u00eas de maio n\u00e3o \u00e9 mais o favorito das noivas"},"content":{"rendered":"<p><\/p>\n<div class=\"separator\" style=\"clear: both; text-align: center;\">\n<a href=\"http:\/\/4.bp.blogspot.com\/-CY9cLCfJCEM\/UaQXtJWiFwI\/AAAAAAAABuE\/fflj9NIyRPo\/s1600\/972024_421083817990754_548567602_n.jpg\" imageanchor=\"1\" style=\"margin-left: 1em; margin-right: 1em;\"><img loading=\"lazy\" decoding=\"async\" border=\"0\" height=\"300\" src=\"http:\/\/4.bp.blogspot.com\/-CY9cLCfJCEM\/UaQXtJWiFwI\/AAAAAAAABuE\/fflj9NIyRPo\/s400\/972024_421083817990754_548567602_n.jpg\" width=\"400\" \/><\/a><\/div>\n<div class=\"separator\" style=\"clear: both; text-align: center;\">\n<\/div>\n<p>Durante o m\u00eas de maio, por influ\u00eancia da religi\u00e3o cat\u00f3lica, comemora-se a consagra\u00e7\u00e3o de Maria, m\u00e3e de Jesus, e o Dia das M\u00e3es. Por isso, tornou-se tradi\u00e7\u00e3o este m\u00eas ser tamb\u00e9m considerado o m\u00eas das noivas.&nbsp;<\/p>\n<p>Segundo Cl\u00e1udia Vitor, propriet\u00e1ria de uma loja de noivas em S\u00e3o Jo\u00e3o del-Rei, \u201co movimento em maio sempre foi bom, porque \u00e9 o m\u00eas considerado das noivas e muitas delas gostam de casar neste per\u00edodo. A gente tem de quatro a cinco noivas, por fim de semana, neste m\u00eas\u201d, afirma.&nbsp;<\/p>\n<p>A comerciante ainda declara que, por causa das supersti\u00e7\u00f5es relativas ao m\u00eas de agosto, considerado o \u201cm\u00eas do desgosto\u201d, esta \u00e9 a \u00e9poca de pior movimento. \u201cO m\u00eas de agosto e o per\u00edodo da quaresma s\u00e3o as \u00e9pocas de movimento mais fraco\u201d, ressalta.<\/p>\n<p>J\u00e1 a cerimonialista Cl\u00e1udia Sim\u00f5es afirma que os casamentos est\u00e3o acontecendo muito mais no segundo semestre do ano e considera uma \u201cbobagem\u201d a supersti\u00e7\u00e3o. \u201cEu falo para as noivas que agosto \u00e9 um m\u00eas \u00f3timo para conseguir uma redu\u00e7\u00e3o de custos, porque a maioria ainda tem certo receio e considera um m\u00eas de mau agouro, o que, para mim, \u00e9 a maior bobagem\u201d, opina.<\/p>\n<p>Segundo ela, \u201cagosto \u00e9 um m\u00eas \u00f3timo, porque d\u00e1 para conseguir os profissionais mais liberados. Tanto em agosto quanto em fevereiro, pr\u00f3ximo ao carnaval, que n\u00e3o tem tantos casamentos e nem igrejas t\u00e3o lotadas. Em mar\u00e7o, por causa da quaresma, muitas igrejas de S\u00e3o Jo\u00e3o del-Rei n\u00e3o abrem para casamentos\u201d, assegura Cl\u00e1udia Sim\u00f5es.<\/p>\n<p>A noiva Rosana Carvalho, que est\u00e1 com o casamento marcado para julho deste ano, acredita que n\u00e3o existe uma f\u00f3rmula para se preparar o casamento. \u201c\u00c9 s\u00f3 juntar os sonhos de uma vida e tentar faz\u00ea-los acontecer\u201d, declara.&nbsp;<\/p>\n<p>\u00c9 muito comum as noivas se prepararem para a celebra\u00e7\u00e3o pensando em cada detalhe. Rosana afirma que, mesmo sendo \u201cuma experi\u00eancia maravilhosa, planejar o casamento tamb\u00e9m cansa\u201d. Por isso, ela programou o dia da noiva para relaxar.<\/p>\n<p>Dentre os preparativos, muitas noivas buscam analisar as tend\u00eancias do momento, tanto relativas \u00e0 moda quanto \u00e0s inova\u00e7\u00f5es para a cerim\u00f4nia. \u201cA moda entre as noivas, agora, \u00e9 usar o sapato colorido, combinando com o buqu\u00ea\u201d, ressalta a comerciante Cl\u00e1udia Vitor.&nbsp;<\/p>\n<p>Ela diz ainda que \u201coutra tend\u00eancia \u00e9 colocar o buqu\u00ea em uma caixa de vidro trancada com cadeado e dar uma chave para cada convidada solteira ou amarrar v\u00e1rias fitas coloridas no buqu\u00ea e ir cortando at\u00e9 a pen\u00faltima fita. Assim, a convidada que tiver a \u00faltima fita sem cortar fica com o buqu\u00ea\u201d.<\/p>\n<p>Outro fator moderno das celebra\u00e7\u00f5es \u00e9 a necessidade de se registrar cada detalhe por fotografia. \u201c\u00c9 um dos maiores exageros do setor, pois tudo tem que ser fotografado e, \u00e0s vezes, filmado nos m\u00ednimos detalhes. Hoje, existe um sofisticado pacote de casamento, que inclui equipe de fot\u00f3grafos, que far\u00e3o o registro dos noivos em diversos momentos &#8211; antes, durante e at\u00e9 depois do casamento\u201d, afirma Cl\u00e1udia Sim\u00f5es.&nbsp;<\/p>\n<p>\u201cExistem profissionais especializados em fotografar noivos em viagem ao exterior. Por exemplo, um casal s\u00e3o-joanense em lua de mel em Paris contratou esse servi\u00e7o e foi fotografado em trajes de casamento pelas ruas da capital francesa\u201d, declara a cerimonialista.<\/p>\n<p>\nVAN\/Marina Ratton<br \/>\nFoto: Reprodu\u00e7\u00e3o<\/p>\n","protected":false},"excerpt":{"rendered":"<p>Durante o m\u00eas de maio, por influ\u00eancia da religi\u00e3o cat\u00f3lica, comemora-se a consagra\u00e7\u00e3o de Maria, m\u00e3e de Jesus, e o Dia das M\u00e3es. Por isso, tornou-se tradi\u00e7\u00e3o este m\u00eas ser<\/p>\n","protected":false},"author":2,"featured_media":0,"comment_status":"open","ping_status":"open","sticky":false,"template":"","format":"standard","meta":{"_monsterinsights_skip_tracking":false,"_monsterinsights_sitenote_active":false,"_monsterinsights_sitenote_note":"","_monsterinsights_sitenote_category":0,"_themeisle_gutenberg_block_has_review":false,"cybocfi_hide_featured_image":"","footnotes":""},"categories":[1],"tags":[81,74,161],"class_list":["post-676","post","type-post","status-publish","format-standard","hentry","category-sem-categoria","tag-celebracao","tag-costumes","tag-economia"],"_links":{"self":[{"href":"http:\/\/jornalismo.ufsj.edu.br\/van\/wp-json\/wp\/v2\/posts\/676","targetHints":{"allow":["GET"]}}],"collection":[{"href":"http:\/\/jornalismo.ufsj.edu.br\/van\/wp-json\/wp\/v2\/posts"}],"about":[{"href":"http:\/\/jornalismo.ufsj.edu.br\/van\/wp-json\/wp\/v2\/types\/post"}],"author":[{"embeddable":true,"href":"http:\/\/jornalismo.ufsj.edu.br\/van\/wp-json\/wp\/v2\/users\/2"}],"replies":[{"embeddable":true,"href":"http:\/\/jornalismo.ufsj.edu.br\/van\/wp-json\/wp\/v2\/comments?post=676"}],"version-history":[{"count":0,"href":"http:\/\/jornalismo.ufsj.edu.br\/van\/wp-json\/wp\/v2\/posts\/676\/revisions"}],"wp:attachment":[{"href":"http:\/\/jornalismo.ufsj.edu.br\/van\/wp-json\/wp\/v2\/media?parent=676"}],"wp:term":[{"taxonomy":"category","embeddable":true,"href":"http:\/\/jornalismo.ufsj.edu.br\/van\/wp-json\/wp\/v2\/categories?post=676"},{"taxonomy":"post_tag","embeddable":true,"href":"http:\/\/jornalismo.ufsj.edu.br\/van\/wp-json\/wp\/v2\/tags?post=676"}],"curies":[{"name":"wp","href":"https:\/\/api.w.org\/{rel}","templated":true}]}}