{"id":674,"date":"2013-06-01T23:04:00","date_gmt":"2013-06-01T23:04:00","guid":{"rendered":"http:\/\/jornalismo.ufsj.edu.br\/van\/?p=674"},"modified":"2013-06-01T23:04:00","modified_gmt":"2013-06-01T23:04:00","slug":"nagib-uma-heranca-viva","status":"publish","type":"post","link":"http:\/\/jornalismo.ufsj.edu.br\/van\/nagib-uma-heranca-viva\/","title":{"rendered":"Nagib: Uma heran\u00e7a viva"},"content":{"rendered":"<div class=\"NoSpacing\">\n<\/div>\n<div class=\"separator\" style=\"clear: both; text-align: center;\">\n<a href=\"http:\/\/3.bp.blogspot.com\/-ThU1_mOHh8E\/Uap934QESfI\/AAAAAAAABuk\/pL2W8iplnPw\/s1600\/482440_432613660146595_2048836887_n.jpg\" imageanchor=\"1\" style=\"margin-left: 1em; margin-right: 1em;\"><img loading=\"lazy\" decoding=\"async\" border=\"0\" height=\"335\" src=\"http:\/\/3.bp.blogspot.com\/-ThU1_mOHh8E\/Uap934QESfI\/AAAAAAAABuk\/pL2W8iplnPw\/s400\/482440_432613660146595_2048836887_n.jpg\" width=\"400\" \/><\/a><\/div>\n<div class=\"separator\" style=\"clear: both; text-align: center;\">\n<\/div>\n<div class=\"NoSpacing\">\nNascido no dia 1\u00ba de Agosto de 1929, em Novo Cruzeiro, pequena cidade do Nordeste de Minas Gerais, Nagib Barbosa Lauar guarda mem\u00f3rias de uma vida de entrega e paix\u00e3o pela literatura. As adversidades que a vida lhe imp\u00f4s nunca foram empecilhos para aquisi\u00e7\u00e3o de conhecimento e, aos 83 anos, sua lucidez \u00e9 refletida em escritos que re\u00fanem experi\u00eancia no interesse pela express\u00e3o atrav\u00e9s das palavras.<\/div>\n<div class=\"NoSpacing\">\n<\/div>\n<div class=\"NoSpacing\">\nEm 1937, aos sete anos de idade, o falecimento de sua m\u00e3e deixou Nagib e mais seis irm\u00e3os \u00f3rf\u00e3os. Filho de libaneses, mudou-se, juntamente com seu pai, para a cidade de Carlos Chagas. Mas foi em Ladainha &#8211; MG que completou seu curso prim\u00e1rio. O \u201cgin\u00e1sio\u201d, no entanto, foi cursado na cidade de S\u00e3o Jo\u00e3o del-Rei, no col\u00e9gio Santo Ant\u00f4nio, onde, hoje, se estabelece uma das unidades da Universidade Federal da cidade, o campus Santo Ant\u00f4nio.<\/div>\n<div class=\"NoSpacing\">\n<\/div>\n<div class=\"NoSpacing\">\nFoi nessa \u00e9poca que despontou o seu interesse por poesia e literatura. A cidade, detentora de vasta heran\u00e7a patrimonial, era modelo de propaga\u00e7\u00e3o do movimento barroco. \u201cEu admirava poetas como Carlos Drummond de Andrade, Olavo Bilac, Casimiro de Abreu, Castro Alves, Raimundo Correia e muitos outros\u201d, declara.&nbsp;<\/div>\n<div class=\"NoSpacing\">\n&nbsp; <\/div>\n<div class=\"NoSpacing\">\nAt\u00e9 o curso ginasial, sempre foi sustentado pelo pai, um negociante de posses. Mas foi nessa \u00e9poca que se deu o seu fracasso financeiro, obrigando Nagib a come\u00e7ar a trabalhar para seu sustento e de seus estudos.&nbsp;<\/div>\n<div class=\"NoSpacing\">\n&nbsp; &nbsp; &nbsp;<\/div>\n<div class=\"NoSpacing\">\nTrabalhou em v\u00e1rias empresas, mas em nenhum de seus empregos conseguiu exercer sua paix\u00e3o pela poesia e literatura. Em 1958, casou-se com Maria dos Anjos, mais conhecida como Lilita por amigos e familiares, que com quem teve quatro filhos.&nbsp;<\/div>\n<div class=\"NoSpacing\">\n<\/div>\n<div class=\"NoSpacing\">\nAtualmente morando em Belo Horizonte, Nagib conta que j\u00e1 leu toda a cole\u00e7\u00e3o de Machado de Assis. Al\u00e9m do autor carioca, Jorge Amado comp\u00f5e a lista de cole\u00e7\u00f5es quase completas. O leitor tamb\u00e9m cita autores como Joaquim Manoel de Macedo, Jos\u00e9 de Alencar e Dan Brown. Grande admirador do ex-presidente Get\u00falio Vargas, exalta sua biografia, \u00faltima obra lida, de Lira Neto.&nbsp;<\/div>\n<div class=\"NoSpacing\">\n<\/div>\n<div class=\"NoSpacing\">\nVi\u00favo e av\u00f4 de seis netos, Nagib aproveita a ociosidade para explorar os livros que l\u00ea, sequioso, e compartilha alguns de seus versos, produzidos ap\u00f3s a morte de sua esposa, em abril de 2012:<\/div>\n<div class=\"NoSpacing\">\n<\/div>\n<div class=\"NoSpacing\">\n<i>Saudade<\/i><\/div>\n<div class=\"NoSpacing\">\n<i><br \/><\/i><\/div>\n<div class=\"NoSpacing\">\n<i>S\u00f3.<\/i><\/div>\n<div class=\"NoSpacing\">\n<i>Para al\u00e9m da janela,<\/i><\/div>\n<div class=\"NoSpacing\">\n<i>nem uma nuvem, nem uma folha amarela<\/i><\/div>\n<div class=\"NoSpacing\">\n<i>manchando o dia de ouro p\u00f3&#8230;<\/i><\/div>\n<div class=\"NoSpacing\">\n<i>Mas aqui dentro, querendo bruma,<\/i><\/div>\n<div class=\"NoSpacing\">\n<i>quanta folha caindo, uma por uma<\/i><\/div>\n<div class=\"NoSpacing\">\n<i>dentro da vida de quem vive s\u00f3.<\/i><\/div>\n<div class=\"NoSpacing\">\n<i><br \/><\/i><\/div>\n<div class=\"NoSpacing\">\n<i>S\u00f3. Palavra fingida, palavra in\u00fatil.<\/i><\/div>\n<div class=\"NoSpacing\">\n<i>Pois quem sente saudade,<\/i><\/div>\n<div class=\"NoSpacing\">\n<i>nunca est\u00e1 sozinho.<\/i><\/div>\n<div class=\"NoSpacing\">\n<i>E a gente tem saudade de tudo nesta vida.<\/i><\/div>\n<div class=\"NoSpacing\">\n<i>De tudo! Da Lita;&nbsp;<\/i><\/div>\n<div class=\"NoSpacing\">\n<i>De uma espera por uma tarde azul de primavera;<\/i><\/div>\n<div class=\"NoSpacing\">\n<i>De um sil\u00eancio;&nbsp;<\/i><\/div>\n<div class=\"NoSpacing\">\n<i>Da m\u00fasica de um p\u00e9<\/i><\/div>\n<div class=\"NoSpacing\">\n<i>cantando pela escada;&nbsp;<\/i><\/div>\n<div class=\"NoSpacing\">\n<i>De um v\u00e9u erguido;<\/i><\/div>\n<div class=\"NoSpacing\">\n<i>De uma boca abandonada;<\/i><\/div>\n<div class=\"NoSpacing\">\n<i>De um div\u00e3;<\/i><\/div>\n<div class=\"NoSpacing\">\n<i>De um adeus;<\/i><\/div>\n<div class=\"NoSpacing\">\n<i>De uma l\u00e1grima at\u00e9.<\/i><\/div>\n<div class=\"NoSpacing\">\n<i>No entanto, neste momento<\/i><\/div>\n<div class=\"NoSpacing\">\n<i>tudo isso passa na asa de um vento<\/i><\/div>\n<div class=\"NoSpacing\">\n<i>Como um simples rolo de fuma\u00e7a<\/i><\/div>\n<div class=\"NoSpacing\">\n<i>E \u00e9 s\u00f3 depois de velho,&nbsp;<\/i><\/div>\n<div class=\"NoSpacing\">\n<i>numa tarde esquecida<\/i><\/div>\n<div class=\"NoSpacing\">\n<i>que a gente se surpreende a resmungar:<\/i><\/div>\n<div class=\"NoSpacing\">\n<i>\u201cFoi tudo o que eu fiz de toda a minha vida\u201d<\/i><\/div>\n<div class=\"NoSpacing\">\n<i>E come\u00e7o a chorar&#8230;<\/i><\/div>\n<div class=\"NoSpacing\">\n<i><br \/><\/i><\/div>\n<div class=\"NoSpacing\">\n<i>Nagib Barbosa Lauar<\/i><br \/>\n<i><br \/><\/i><br \/>\n<i><br \/><\/i><br \/>\nVAN\/&nbsp;Bruno Marques,&nbsp;Isabela Fonseca,&nbsp;Maria Clara Lauar&nbsp;<br \/>\nFoto: Arquivo pessoal<\/div>\n","protected":false},"excerpt":{"rendered":"<p>Nascido no dia 1\u00ba de Agosto de 1929, em Novo Cruzeiro, pequena cidade do Nordeste de Minas Gerais, Nagib Barbosa Lauar guarda mem\u00f3rias de uma vida de entrega e paix\u00e3o<\/p>\n","protected":false},"author":2,"featured_media":0,"comment_status":"open","ping_status":"open","sticky":false,"template":"","format":"standard","meta":{"_monsterinsights_skip_tracking":false,"_monsterinsights_sitenote_active":false,"_monsterinsights_sitenote_note":"","_monsterinsights_sitenote_category":0,"_themeisle_gutenberg_block_has_review":false,"cybocfi_hide_featured_image":"","footnotes":""},"categories":[1],"tags":[152,56,72],"class_list":["post-674","post","type-post","status-publish","format-standard","hentry","category-sem-categoria","tag-cultura","tag-literatura","tag-perfil"],"_links":{"self":[{"href":"http:\/\/jornalismo.ufsj.edu.br\/van\/wp-json\/wp\/v2\/posts\/674","targetHints":{"allow":["GET"]}}],"collection":[{"href":"http:\/\/jornalismo.ufsj.edu.br\/van\/wp-json\/wp\/v2\/posts"}],"about":[{"href":"http:\/\/jornalismo.ufsj.edu.br\/van\/wp-json\/wp\/v2\/types\/post"}],"author":[{"embeddable":true,"href":"http:\/\/jornalismo.ufsj.edu.br\/van\/wp-json\/wp\/v2\/users\/2"}],"replies":[{"embeddable":true,"href":"http:\/\/jornalismo.ufsj.edu.br\/van\/wp-json\/wp\/v2\/comments?post=674"}],"version-history":[{"count":0,"href":"http:\/\/jornalismo.ufsj.edu.br\/van\/wp-json\/wp\/v2\/posts\/674\/revisions"}],"wp:attachment":[{"href":"http:\/\/jornalismo.ufsj.edu.br\/van\/wp-json\/wp\/v2\/media?parent=674"}],"wp:term":[{"taxonomy":"category","embeddable":true,"href":"http:\/\/jornalismo.ufsj.edu.br\/van\/wp-json\/wp\/v2\/categories?post=674"},{"taxonomy":"post_tag","embeddable":true,"href":"http:\/\/jornalismo.ufsj.edu.br\/van\/wp-json\/wp\/v2\/tags?post=674"}],"curies":[{"name":"wp","href":"https:\/\/api.w.org\/{rel}","templated":true}]}}