{"id":673,"date":"2013-06-02T18:25:00","date_gmt":"2013-06-02T18:25:00","guid":{"rendered":"http:\/\/jornalismo.ufsj.edu.br\/van\/?p=673"},"modified":"2013-06-02T18:25:00","modified_gmt":"2013-06-02T18:25:00","slug":"profissao-inovadora","status":"publish","type":"post","link":"http:\/\/jornalismo.ufsj.edu.br\/van\/profissao-inovadora\/","title":{"rendered":"Profiss\u00e3o Inovadora"},"content":{"rendered":"<p><\/p>\n<div class=\"separator\" style=\"clear: both; text-align: center;\">\n<a href=\"http:\/\/3.bp.blogspot.com\/-_qTd40gnCog\/Ua5aVcxfTqI\/AAAAAAAABwg\/EjHRSTKTX_k\/s1600\/940840_368802746559101_1004026446_n.jpg\" imageanchor=\"1\" style=\"margin-left: 1em; margin-right: 1em;\"><img loading=\"lazy\" decoding=\"async\" border=\"0\" height=\"400\" src=\"http:\/\/3.bp.blogspot.com\/-_qTd40gnCog\/Ua5aVcxfTqI\/AAAAAAAABwg\/EjHRSTKTX_k\/s400\/940840_368802746559101_1004026446_n.jpg\" width=\"400\" \/><\/a><\/div>\n<div class=\"separator\" style=\"clear: both; text-align: center;\">\n<\/div>\n<div class=\"separator\" style=\"clear: both; text-align: center;\">\n<\/div>\n<p>Natural da cidade de S\u00e3o Jos\u00e9 dos Campos &#8211; SP, o designer gr\u00e1fico Marcos Vinicius Oliveira Fonseca, de 21 anos, come\u00e7ou suas experi\u00eancias na \u00e1rea ainda bem jovem. J\u00e1 atuou em diversas empresas e hoje trabalha com Marketing Digital da Recominte, empresa do ramo de avia\u00e7\u00e3o.&nbsp;<\/p>\n<p>O designer gr\u00e1fico \u00e9 um profissional que desempenha fun\u00e7\u00f5es fundamentais dentro de v\u00e1rios setores. \u00c9 o respons\u00e1vel por estabelecer a comunica\u00e7\u00e3o entre o ve\u00edculo jornal\u00edstico e o leitor, a empresa e o p\u00fablico alvo, al\u00e9m de ser tamb\u00e9m aquele que harmoniza imagem e texto dentro dos an\u00fancios e ve\u00edculos de comunica\u00e7\u00e3o.<\/p>\n<p>\u201cEmpurrado\u201d para a \u00e1rea quando ainda n\u00e3o conhecia muito a respeito, Marcos iniciou na profiss\u00e3o quando recebeu a proposta de um amigo, que trabalhava no ramo, para trabalhar em uma gr\u00e1fica e aprender o servi\u00e7o dos designers.&nbsp;<\/p>\n<p>Com menos de um m\u00eas de experi\u00eancia, j\u00e1 dominava todo o conte\u00fado, passando, assim, a ser o respons\u00e1vel por toda a parte de design da gr\u00e1fica em quest\u00e3o. Ap\u00f3s isso, Marcos come\u00e7ou a gostar mais da profiss\u00e3o e resolveu, ent\u00e3o, se aprofundar nos estudos, ampliando, assim, as op\u00e7\u00f5es na \u00e1rea.<\/p>\n<p>Trabalhando h\u00e1 cinco anos como designer, Marcos Vinicius n\u00e3o tem uma rotina fixa de trabalho. Para ele, sempre pode acontecer algo, e tudo o que est\u00e1 sendo feito pode mudar. \u201cVoc\u00ea pode come\u00e7ar a montar a estrutura do trabalho e ir modelando aos poucos. Durante esse tempo, sempre aparece algum outro servi\u00e7o para ser colocado na frente, por conta de alguma urg\u00eancia.\u201d<\/p>\n<p>Durante a realiza\u00e7\u00e3o de seus trabalhos, Marcos percebeu as dificuldades enfrentadas pelo designer. \u201cAcho que a maior dificuldade \u00e9 que, muitas vezes, voc\u00ea tem que fazer a vontade do cliente\/chefe e n\u00e3o a correta. Mudar sempre seu jeito de elaborar as artes, pois cada cliente tem seu gosto, discreto ou n\u00e3o\u201d, opina.&nbsp;<br \/>\nOs programas utilizados por ele para diagrama\u00e7\u00e3o s\u00e3o Corel Draw e Photoshop. Para Marcos Vinicius, quem deseja atuar nesta \u00e1rea deve ter grande criatividade, praticidade, paci\u00eancia e ser inovador. Marcos se forma em junho de 2013 no curso de Marketing, na Faculdade ETEP, em S\u00e3o Jos\u00e9 dos Campos.<\/p>\n<p>\nVAN\/&nbsp;Carol Araujo<br \/>\nFoto: Arquivo pessoal<\/p>\n","protected":false},"excerpt":{"rendered":"<p>Natural da cidade de S\u00e3o Jos\u00e9 dos Campos &#8211; SP, o designer gr\u00e1fico Marcos Vinicius Oliveira Fonseca, de 21 anos, come\u00e7ou suas experi\u00eancias na \u00e1rea ainda bem jovem. J\u00e1 atuou<\/p>\n","protected":false},"author":2,"featured_media":0,"comment_status":"open","ping_status":"open","sticky":false,"template":"","format":"standard","meta":{"_monsterinsights_skip_tracking":false,"_monsterinsights_sitenote_active":false,"_monsterinsights_sitenote_note":"","_monsterinsights_sitenote_category":0,"_themeisle_gutenberg_block_has_review":false,"cybocfi_hide_featured_image":"","footnotes":""},"categories":[1],"tags":[59,58],"class_list":["post-673","post","type-post","status-publish","format-standard","hentry","category-sem-categoria","tag-arte","tag-trabalho"],"_links":{"self":[{"href":"http:\/\/jornalismo.ufsj.edu.br\/van\/wp-json\/wp\/v2\/posts\/673","targetHints":{"allow":["GET"]}}],"collection":[{"href":"http:\/\/jornalismo.ufsj.edu.br\/van\/wp-json\/wp\/v2\/posts"}],"about":[{"href":"http:\/\/jornalismo.ufsj.edu.br\/van\/wp-json\/wp\/v2\/types\/post"}],"author":[{"embeddable":true,"href":"http:\/\/jornalismo.ufsj.edu.br\/van\/wp-json\/wp\/v2\/users\/2"}],"replies":[{"embeddable":true,"href":"http:\/\/jornalismo.ufsj.edu.br\/van\/wp-json\/wp\/v2\/comments?post=673"}],"version-history":[{"count":0,"href":"http:\/\/jornalismo.ufsj.edu.br\/van\/wp-json\/wp\/v2\/posts\/673\/revisions"}],"wp:attachment":[{"href":"http:\/\/jornalismo.ufsj.edu.br\/van\/wp-json\/wp\/v2\/media?parent=673"}],"wp:term":[{"taxonomy":"category","embeddable":true,"href":"http:\/\/jornalismo.ufsj.edu.br\/van\/wp-json\/wp\/v2\/categories?post=673"},{"taxonomy":"post_tag","embeddable":true,"href":"http:\/\/jornalismo.ufsj.edu.br\/van\/wp-json\/wp\/v2\/tags?post=673"}],"curies":[{"name":"wp","href":"https:\/\/api.w.org\/{rel}","templated":true}]}}