{"id":672,"date":"2013-06-02T18:27:00","date_gmt":"2013-06-02T18:27:00","guid":{"rendered":"http:\/\/jornalismo.ufsj.edu.br\/van\/?p=672"},"modified":"2013-06-02T18:27:00","modified_gmt":"2013-06-02T18:27:00","slug":"de-quadrinho-em-quadrinho","status":"publish","type":"post","link":"http:\/\/jornalismo.ufsj.edu.br\/van\/de-quadrinho-em-quadrinho\/","title":{"rendered":"De quadrinho em quadrinho"},"content":{"rendered":"<p><\/p>\n<div class=\"separator\" style=\"clear: both; text-align: center;\">\n<\/div>\n<div class=\"separator\" style=\"clear: both; text-align: center;\">\n<a href=\"http:\/\/1.bp.blogspot.com\/-xZlQ5nGzrAk\/UauOewHVs0I\/AAAAAAAABu8\/FZ46w0xweS4\/s1600\/704751_513626912037055_449802933_o.jpg\" imageanchor=\"1\" style=\"margin-left: 1em; margin-right: 1em;\"><img loading=\"lazy\" decoding=\"async\" border=\"0\" height=\"300\" src=\"http:\/\/1.bp.blogspot.com\/-xZlQ5nGzrAk\/UauOewHVs0I\/AAAAAAAABu8\/FZ46w0xweS4\/s400\/704751_513626912037055_449802933_o.jpg\" width=\"400\" \/><\/a><\/div>\n<div class=\"separator\" style=\"clear: both; text-align: center;\">\n<\/div>\n<p>Glauco Soares \u00e9 um cartunista aut\u00f4nomo de Barbacena. Ingressou para o mundo dos quadrinhos em 2010, sendo que, em 2012, assumiu uma linguagem pr\u00f3pria para a sua produ\u00e7\u00e3o. Jovem, Glauco procura divulgar seus trabalhos em seu blog \u201cDebique di Boutique\u201d e nas redes sociais.&nbsp;<\/p>\n<p>O cartunista conta que o seu primeiro interesse em rela\u00e7\u00e3o a quadrinhos surgiu ainda na inf\u00e2ncia, lendo gibis de Maur\u00edcio de Souza. No entanto, n\u00e3o os percebia ainda como g\u00eanero. &nbsp;Isso s\u00f3 aconteceu quando conheceu os trabalhos do Laerte, Angeli e Glauco, que foram suas refer\u00eancias.&nbsp;<\/p>\n<p>Hoje, como cartunista, Glauco acredita que o campo est\u00e1 sendo limitado. \u201cEu acho que o espa\u00e7o para um trabalho autoral, com personagens complexos, personagens com biografia, diminuiu muito. O que prevalece agora \u00e9 um trabalho autobiogr\u00e1fico. O cartunista se tornou objeto de seu trabalho. Eu n\u00e3o gosto disso.\u201d<\/p>\n<p>Glauco opina sobre os cartunistas da atualidade. \u201cEu sou um produto mal acabado dos anos 80. Minha refer\u00eancia ainda \u00e9 aquela turma que surgiu nessa d\u00e9cada. Eu n\u00e3o gosto dos cartunistas atuais. N\u00e3o h\u00e1 mais personagens, n\u00e3o h\u00e1 mais um cuidado com o desenho. E n\u00e3o quero dizer que as pessoas devam fazer um desenho elaborado, com tra\u00e7os refinados, mas um desenho cuja identidade do cartunista esteja patente.\u201d E declara sobre o humor: \u201co humor se tornou v\u00edtima da ditadura do &#8216;politicamente correto&#8217;\u201d.<\/p>\n<p>O artista explica que o processo de cria\u00e7\u00e3o das suas tiras se mostra moroso e \u00e1rduo, por dois motivos: o medo da cria\u00e7\u00e3o e a pregui\u00e7a. \u201cAnoto ideias que ficam esquecidas durante um bom tempo. Retomo, refa\u00e7o, descarto. A verdade \u00e9 que tenho mais ideias anotadas que desenhos feitos.\u201d, admite. Suas cria\u00e7\u00f5es surgem da inspira\u00e7\u00e3o das ruas, quando realiza as suas caminhadas e observa as mais diversas hist\u00f3rias e pessoas.<\/p>\n<p>Para Glauco, a internet tem sido uma ferramenta de extrema funcionalidade. O cartunista conta que, atrav\u00e9s das redes sociais, p\u00f4de apresentar parte da sua produ\u00e7\u00e3o para grandes cartunistas como Laerte, Ad\u00e3o, Mike Deodato, que gostaram do que lhes foi apresentado.&nbsp;<\/p>\n<p>Para ele, jornais e revistas j\u00e1 t\u00eam espa\u00e7o fixo de talentos, o que dificulta o espa\u00e7o para os novatos. A internet tamb\u00e9m promoveu eventos curiosos e reconhecimento para o artista. \u201cUma vez, uma de minhas tiras foi compartilhada por mais de 4 mil pessoas. Mas o que me chamou mais a aten\u00e7\u00e3o foi um coment\u00e1rio supostamente negativo em rela\u00e7\u00e3o ao desenho. Imediatamente entrei em contato com o autor da cr\u00edtica. Meses depois, ele me respondeu, e disse que n\u00e3o se referia \u00e0 tira. Ele me parabenizou pelo trabalho. Eis a\u00ed um defeito grav\u00edssimo meu: sou muito sens\u00edvel a cr\u00edticas negativas\u201d. &nbsp;Mesmo com os obst\u00e1culos e dificuldades, Glauco deseja continuar nesse caminho \u201c at\u00e9 que algu\u00e9m descubra minha genialidade \u201c, brinca.<\/p>\n<p>\nVAN\/&nbsp;Bruna de Faria<br \/>\nFoto: Arquivo pessoal<\/p>\n","protected":false},"excerpt":{"rendered":"<p>Glauco Soares \u00e9 um cartunista aut\u00f4nomo de Barbacena. Ingressou para o mundo dos quadrinhos em 2010, sendo que, em 2012, assumiu uma linguagem pr\u00f3pria para a sua produ\u00e7\u00e3o. Jovem, Glauco<\/p>\n","protected":false},"author":2,"featured_media":0,"comment_status":"open","ping_status":"open","sticky":false,"template":"","format":"standard","meta":{"_monsterinsights_skip_tracking":false,"_monsterinsights_sitenote_active":false,"_monsterinsights_sitenote_note":"","_monsterinsights_sitenote_category":0,"_themeisle_gutenberg_block_has_review":false,"cybocfi_hide_featured_image":"","footnotes":""},"categories":[1],"tags":[59,158],"class_list":["post-672","post","type-post","status-publish","format-standard","hentry","category-sem-categoria","tag-arte","tag-barbacena"],"_links":{"self":[{"href":"http:\/\/jornalismo.ufsj.edu.br\/van\/wp-json\/wp\/v2\/posts\/672","targetHints":{"allow":["GET"]}}],"collection":[{"href":"http:\/\/jornalismo.ufsj.edu.br\/van\/wp-json\/wp\/v2\/posts"}],"about":[{"href":"http:\/\/jornalismo.ufsj.edu.br\/van\/wp-json\/wp\/v2\/types\/post"}],"author":[{"embeddable":true,"href":"http:\/\/jornalismo.ufsj.edu.br\/van\/wp-json\/wp\/v2\/users\/2"}],"replies":[{"embeddable":true,"href":"http:\/\/jornalismo.ufsj.edu.br\/van\/wp-json\/wp\/v2\/comments?post=672"}],"version-history":[{"count":0,"href":"http:\/\/jornalismo.ufsj.edu.br\/van\/wp-json\/wp\/v2\/posts\/672\/revisions"}],"wp:attachment":[{"href":"http:\/\/jornalismo.ufsj.edu.br\/van\/wp-json\/wp\/v2\/media?parent=672"}],"wp:term":[{"taxonomy":"category","embeddable":true,"href":"http:\/\/jornalismo.ufsj.edu.br\/van\/wp-json\/wp\/v2\/categories?post=672"},{"taxonomy":"post_tag","embeddable":true,"href":"http:\/\/jornalismo.ufsj.edu.br\/van\/wp-json\/wp\/v2\/tags?post=672"}],"curies":[{"name":"wp","href":"https:\/\/api.w.org\/{rel}","templated":true}]}}