{"id":671,"date":"2013-06-03T21:22:00","date_gmt":"2013-06-03T21:22:00","guid":{"rendered":"http:\/\/jornalismo.ufsj.edu.br\/van\/?p=671"},"modified":"2013-06-03T21:22:00","modified_gmt":"2013-06-03T21:22:00","slug":"banda-sambo-e-seu-ritmo-que-conquistou","status":"publish","type":"post","link":"http:\/\/jornalismo.ufsj.edu.br\/van\/banda-sambo-e-seu-ritmo-que-conquistou\/","title":{"rendered":"Banda Samb\u00f4 e seu ritmo que conquistou o Brasil"},"content":{"rendered":"<p><\/p>\n<div class=\"separator\" style=\"clear: both; text-align: center;\">\n<a href=\"http:\/\/2.bp.blogspot.com\/-ACUDQ3oH2QQ\/Ua0IsG7a-qI\/AAAAAAAABvY\/svPCPzrwt5E\/s1600\/943300_608620969150501_694724149_n.jpg\" imageanchor=\"1\" style=\"margin-left: 1em; margin-right: 1em;\"><img loading=\"lazy\" decoding=\"async\" border=\"0\" height=\"266\" src=\"http:\/\/2.bp.blogspot.com\/-ACUDQ3oH2QQ\/Ua0IsG7a-qI\/AAAAAAAABvY\/svPCPzrwt5E\/s400\/943300_608620969150501_694724149_n.jpg\" width=\"400\" \/><\/a><\/div>\n<div class=\"separator\" style=\"clear: both; text-align: center;\">\n<\/div>\n<p>Formado em 2006 na cidade paulista de Ribeir\u00e3o Preto, o grupo Samb\u00f4 alcan\u00e7ou reconhecimento nacional ao criar um novo conceito musical. A mescla entre g\u00eaneros e escolas musicais \u00e9 a grande respons\u00e1vel por todo esse sucesso. A banda adota o denominado rock-samba nas suas composi\u00e7\u00f5es e produz releituras de grandes sucessos do rock, como U2, Beatles e Legi\u00e3o Urbana.<\/p>\n<p>Composta por sete integrantes, o grupo \u00e9 formado por Daniel San nos vocais e percuss\u00e3o, Sudu Lisi na bateria, Ricardo Gama nos teclados, Z\u00e9 da Paz no pandeiro e vocais e J\u00falio Fejuca no cavaquinho, guitarra, banjo e vocais.<\/p>\n<p>De acordo com San, eles n\u00e3o tinham \u201ca menor inten\u00e7\u00e3o de montar um grupo de m\u00fasica naquele momento, mesmo porque cada um tinha o seu projeto musical, em segmentos diferentes. O Gama tinha o est\u00fadio, eu j\u00e1 tinha o meu trabalho\u201d, relata o vocalista.<\/p>\n<p>A banda, que surgiu em meio a uma brincadeira, come\u00e7ou sem ensaios e sem repert\u00f3rio. \u201cFomos convidados para animar uma festa de anivers\u00e1rio de um amigo em comum e nos reunimos pela primeira vez. Em volta de uma mesa, sem saber o que ir\u00edamos tocar. Isso h\u00e1 oito anos, em Ribeir\u00e3o Preto. E, a\u00ed, come\u00e7amos a lembrar de m\u00fasicas, a princ\u00edpio sambas, j\u00e1 que disp\u00fanhamos de v\u00e1rios instrumentos. Era uma roda de samba com bateria e teclado, o que nos possibilitava tocar qualquer coisa. Come\u00e7amos a trazer o samba de compositores que a gente gosta: Arlindo Cruz, Zeca Pagodinho, Fundo de Quintal\u201d, continua San.<\/p>\n<p>Em 2009, a banda lan\u00e7ou seu primeiro disco, \u201cGrupo Samb\u00f4\u201d. O segundo album, &#8220;Esta\u00e7\u00e3o Samb\u00f4 &#8211; Ao vivo&#8221;, possibilitou \u00e0 banda realizar, em 2012, uma m\u00e9dia de 25 shows por m\u00eas. O \u00e1lbum iniciou 2013 como o mais vendido no iTunes Brasil. \u201cEm 2013, estamos fazendo bastantes shows, uma m\u00e9dia de cinco por semana. Estamos sempre presentes nas redes sociais, postando fotos e datas\u201d, ressalta o vocalista.<\/p>\n<p><b>Samb\u00f4 chega \u00e0s Vertentes<\/b><br \/>\n<b><br \/><\/b><br \/>\n<\/p>\n<div class=\"separator\" style=\"clear: both; text-align: center;\">\n<a href=\"http:\/\/2.bp.blogspot.com\/-pUVzhFlc8Xo\/Ua0I32mCQ8I\/AAAAAAAABvg\/YAGc3Vy-kBU\/s1600\/954847_608625759150022_515644696_n.jpg\" imageanchor=\"1\" style=\"margin-left: 1em; margin-right: 1em;\"><img loading=\"lazy\" decoding=\"async\" border=\"0\" height=\"266\" src=\"http:\/\/2.bp.blogspot.com\/-pUVzhFlc8Xo\/Ua0I32mCQ8I\/AAAAAAAABvg\/YAGc3Vy-kBU\/s400\/954847_608625759150022_515644696_n.jpg\" width=\"400\" \/><\/a><\/div>\n<div class=\"separator\" style=\"clear: both; text-align: center;\">\n<\/div>\n<p>A banda j\u00e1 se apresentou ao lado de m\u00fasicos consagrados como Seu Jorge, Jair Rodrigues, Luciana Mello, Di Ferrero, P\u00e9ricles, Thiaguinho, Wilson Simoninha e Sidney Magal. No dia 29 de maio, v\u00e9spera de feriado, o grupo esteve na pousada Lagos de Minas, em Santa Cruz de Minas. O evento foi promovido pela empresa \u00c9 SHOW! Entretenimento. Para San, \u201cO Brasil \u00e9 muito grande, temos muitos lugares para explorar. Hoje, a gente est\u00e1 aqui, mas amanh\u00e3 estaremos em Cambori\u00fa, fazendo a turn\u00ea pelo Rio Grande do Sul\u201c, analisa.<\/p>\n<p>A gerente de vendas Adriana conheceu a banda atrav\u00e9s das redes sociais e conferiu a exibi\u00e7\u00e3o do grupo pela primeira vez. \u201cAdoro a inova\u00e7\u00e3o. Eles sabem escolher o repert\u00f3rio, fazem a melhor escolha\u201d, disse. J\u00e1 Laura Melo, natural de S\u00e3o Jo\u00e3o del-Rei, conheceu o grupo na sua cidade de origem, Ribeir\u00e3o Preto, e admitiu gostar da mistura que eles criaram.<\/p>\n<p>A apresenta\u00e7\u00e3o, que durou cerca de uma hora e quinze minutos, contou com sucessos interpretados pela banda, como &#8220;Sunday, bloody sunday&#8221;, \u201cThis Love\u201d, \u201cPais e Filhos\u201d e o sucesso de Lulu Santos, \u201cToda forma de amor\u201d. Hits de autoria da banda tamb\u00e9m foram aclamados pelo p\u00fablico presente, caso de \u201cMinha Vida\u201d e \u201cJos\u00e9\u201d.<\/p>\n<p>Daniel San, que j\u00e1 conhecia a regi\u00e3o das vertentes, ainda relatou: \u201cVim pra c\u00e1 h\u00e1 muito tempo atr\u00e1s, com outra banda que eu tinha, chamada Unidade 2, banda de baile. Isso faz uns 15 anos, mas deu pra conhecer bastante. Fomos at\u00e9 Tiradentes, fizemos o passeio de Maria Fuma\u00e7a e, hoje, j\u00e1 pude andar de bike pela cidade\u201d, finaliza o cantor.<\/p>\n<p>\nVAN\/&nbsp;Bruno Marques,&nbsp;Maria Clara Lauar<br \/>\nFoto: Bruno Marques<\/p>\n","protected":false},"excerpt":{"rendered":"<p>Formado em 2006 na cidade paulista de Ribeir\u00e3o Preto, o grupo Samb\u00f4 alcan\u00e7ou reconhecimento nacional ao criar um novo conceito musical. A mescla entre g\u00eaneros e escolas musicais \u00e9 a<\/p>\n","protected":false},"author":2,"featured_media":0,"comment_status":"open","ping_status":"open","sticky":false,"template":"","format":"standard","meta":{"_monsterinsights_skip_tracking":false,"_monsterinsights_sitenote_active":false,"_monsterinsights_sitenote_note":"","_monsterinsights_sitenote_category":0,"_themeisle_gutenberg_block_has_review":false,"cybocfi_hide_featured_image":"","footnotes":""},"categories":[1],"tags":[57,14],"class_list":["post-671","post","type-post","status-publish","format-standard","hentry","category-sem-categoria","tag-musica","tag-sao-joao-del-rei"],"_links":{"self":[{"href":"http:\/\/jornalismo.ufsj.edu.br\/van\/wp-json\/wp\/v2\/posts\/671","targetHints":{"allow":["GET"]}}],"collection":[{"href":"http:\/\/jornalismo.ufsj.edu.br\/van\/wp-json\/wp\/v2\/posts"}],"about":[{"href":"http:\/\/jornalismo.ufsj.edu.br\/van\/wp-json\/wp\/v2\/types\/post"}],"author":[{"embeddable":true,"href":"http:\/\/jornalismo.ufsj.edu.br\/van\/wp-json\/wp\/v2\/users\/2"}],"replies":[{"embeddable":true,"href":"http:\/\/jornalismo.ufsj.edu.br\/van\/wp-json\/wp\/v2\/comments?post=671"}],"version-history":[{"count":0,"href":"http:\/\/jornalismo.ufsj.edu.br\/van\/wp-json\/wp\/v2\/posts\/671\/revisions"}],"wp:attachment":[{"href":"http:\/\/jornalismo.ufsj.edu.br\/van\/wp-json\/wp\/v2\/media?parent=671"}],"wp:term":[{"taxonomy":"category","embeddable":true,"href":"http:\/\/jornalismo.ufsj.edu.br\/van\/wp-json\/wp\/v2\/categories?post=671"},{"taxonomy":"post_tag","embeddable":true,"href":"http:\/\/jornalismo.ufsj.edu.br\/van\/wp-json\/wp\/v2\/tags?post=671"}],"curies":[{"name":"wp","href":"https:\/\/api.w.org\/{rel}","templated":true}]}}