{"id":670,"date":"2013-06-04T21:01:00","date_gmt":"2013-06-04T21:01:00","guid":{"rendered":"http:\/\/jornalismo.ufsj.edu.br\/van\/?p=670"},"modified":"2015-05-25T21:55:05","modified_gmt":"2015-05-25T21:55:05","slug":"acontece-em-resende-costa-tao-sonhada","status":"publish","type":"post","link":"http:\/\/jornalismo.ufsj.edu.br\/van\/acontece-em-resende-costa-tao-sonhada\/","title":{"rendered":"Acontece em Resende Costa a t\u00e3o sonhada Mostra de Artesanato"},"content":{"rendered":"<p>&nbsp;<\/p>\n<div class=\"separator\" style=\"clear: both; text-align: center;\"><a style=\"margin-left: 1em; margin-right: 1em;\" href=\"http:\/\/3.bp.blogspot.com\/-Adsmkd8Nvc8\/Ua5VOcSOI6I\/AAAAAAAABvw\/e-PQiX376gA\/s1600\/mostra.jpg\"><img loading=\"lazy\" decoding=\"async\" src=\"http:\/\/3.bp.blogspot.com\/-Adsmkd8Nvc8\/Ua5VOcSOI6I\/AAAAAAAABvw\/e-PQiX376gA\/s320\/mostra.jpg\" alt=\"\" width=\"320\" height=\"278\" border=\"0\" \/><\/a><\/div>\n<div class=\"separator\" style=\"clear: both; text-align: center;\">Mostra valorizou atividades voltadas para o artes\u00e3o e empreendedor<\/div>\n<div class=\"separator\" style=\"clear: both; text-align: center;\"><\/div>\n<p>Resende Costa recebe, de 29 de maio a 2 de junho, a primeira Mostra de Artesanato e Cultura, visando valorizar a principal atividade econ\u00f4mica do munic\u00edpio. Shows, oficinas, palestras, atividades culturais e intelectuais fazem parte do evento. Confira a entrevista com o respons\u00e1vel pelo Setor de Artesanato, Turismo e Cultura da Prefeitura Municipal de Resende Costa, Lu\u00eds Cl\u00e1udio dos Reis:<\/p>\n<p><b style=\"font-family: Arial, Helvetica, sans-serif;\">VAN:\u00a0<\/b>A Mostra de Artesanato \u00e9 um evento sonhado h\u00e1 muitos anos em Resende Costa. Qual o objetivo desse primeiro evento?<br \/>\n<b>Lu\u00eds Cl\u00e1udio dos Reis:\u00a0<\/b>Tivemos uma particularidade esse ano, que \u00e9 o anivers\u00e1rio da cidade, no dia 2 de junho, fechando o feriado de Corpus Christi. A inten\u00e7\u00e3o foi aproveitar o movimento natural da cidade e regi\u00e3o. Como t\u00ednhamos a previs\u00e3o das comemora\u00e7\u00f5es dos 101 anos de Resende Costa, reunimos as duas ideias. Pretendemos aproveitar essa data nos pr\u00f3ximos anos e fazer com que a Mostra integre a agenda de eventos do munic\u00edpio. Contratamos alguns shows interessantes, atraentes, mas o foco principal da Mostra n\u00e3o \u00e9 esse. Queremos apresentar nossos movimentos culturais e t\u00e9cnicas de artesanato. Resende Costa \u00e9, hoje, al\u00e9m de produtora, fornecedora de artesanato a n\u00edvel nacional e at\u00e9 internacional. Tivemos a preocupa\u00e7\u00e3o de antecipar a programa\u00e7\u00e3o de palestras e oficinas para dois dias antes da abertura oficial, para valorizar o resende-costense, nosso artes\u00e3o, empres\u00e1rio. \u00c9 um grande presente de anivers\u00e1rio a realiza\u00e7\u00e3o da primeira Mostra de Artesanato e Cultura de Resende Costa.<\/p>\n<p><b style=\"font-family: Arial, Helvetica, sans-serif;\">VAN:\u00a0<\/b>A Mostra \u00e9 uma promessa de campanha do prefeito Aur\u00e9lio. A inten\u00e7\u00e3o era mesmo promover o evento nesse primeiro ano de governo?<br \/>\n<b style=\"font-family: Arial, Helvetica, sans-serif;\">Lu\u00eds Cl\u00e1udio dos Reis:\u00a0<\/b>No primeiro ano de uma administra\u00e7\u00e3o se trabalha com o or\u00e7amento da administra\u00e7\u00e3o anterior. O que havia previsto eram os recursos para o anivers\u00e1rio da cidade. Um fator que contribuiu \u00e9 que esse ano estamos recebendo o ICMS Tur\u00edstico, o que ajudou a complementar. Al\u00e9m disso, nossos parceiros, como Sebrae, Estrada Real, Sicoob Brasel, \u00a0ACI del-Rei, foram fundamentais na realiza\u00e7\u00e3o da Mostra. Nosso recurso \u00e9 restrito e n\u00e3o haveria tempo de realizar todo o processo. A quest\u00e3o do tempo tamb\u00e9m nos impediu de trabalhar com patroc\u00ednios. Mas, no fim, conseguimos usar o recurso \u00e0 disposi\u00e7\u00e3o e fazer esse evento t\u00e3o esperado.<\/p>\n<p><b style=\"font-family: Arial, Helvetica, sans-serif;\">VAN:\u00a0<\/b>Como aproximar o turista da t\u00e9cnica de produ\u00e7\u00e3o?<br \/>\n<b style=\"font-family: Arial, Helvetica, sans-serif;\">Lu\u00eds Cl\u00e1udio dos Reis:\u00a0<\/b>Montamos um tear na Tenda Show, na Avenida Alfredo Penido, onde foi realizado o evento, para que as pessoas que n\u00e3o conheciam pudessem ter esse contato. Colocamos uma roca tamb\u00e9m como ilustra\u00e7\u00e3o, decora\u00e7\u00e3o do espa\u00e7o produtivo. Al\u00e9m disso, escolhemos a rua principal do artesanato como palco do evento. \u00c9 uma feira permanente de artesanato.<\/p>\n<p>VAN\/\u00a0Emanuelle Ribeiro<br \/>\nFoto: Fernando Chaves<\/p>\n","protected":false},"excerpt":{"rendered":"<p>&nbsp; Mostra valorizou atividades voltadas para o artes\u00e3o e empreendedor Resende Costa recebe, de 29 de maio a 2 de junho, a primeira Mostra de Artesanato e Cultura, visando valorizar<\/p>\n","protected":false},"author":2,"featured_media":1104,"comment_status":"open","ping_status":"open","sticky":false,"template":"","format":"standard","meta":{"_monsterinsights_skip_tracking":false,"_monsterinsights_sitenote_active":false,"_monsterinsights_sitenote_note":"","_monsterinsights_sitenote_category":0,"_themeisle_gutenberg_block_has_review":false,"cybocfi_hide_featured_image":"","footnotes":""},"categories":[13,29],"tags":[77],"class_list":["post-670","post","type-post","status-publish","format-standard","has-post-thumbnail","hentry","category-cultura","category-resende-costa","tag-entrevista"],"_links":{"self":[{"href":"http:\/\/jornalismo.ufsj.edu.br\/van\/wp-json\/wp\/v2\/posts\/670","targetHints":{"allow":["GET"]}}],"collection":[{"href":"http:\/\/jornalismo.ufsj.edu.br\/van\/wp-json\/wp\/v2\/posts"}],"about":[{"href":"http:\/\/jornalismo.ufsj.edu.br\/van\/wp-json\/wp\/v2\/types\/post"}],"author":[{"embeddable":true,"href":"http:\/\/jornalismo.ufsj.edu.br\/van\/wp-json\/wp\/v2\/users\/2"}],"replies":[{"embeddable":true,"href":"http:\/\/jornalismo.ufsj.edu.br\/van\/wp-json\/wp\/v2\/comments?post=670"}],"version-history":[{"count":1,"href":"http:\/\/jornalismo.ufsj.edu.br\/van\/wp-json\/wp\/v2\/posts\/670\/revisions"}],"predecessor-version":[{"id":1106,"href":"http:\/\/jornalismo.ufsj.edu.br\/van\/wp-json\/wp\/v2\/posts\/670\/revisions\/1106"}],"wp:featuredmedia":[{"embeddable":true,"href":"http:\/\/jornalismo.ufsj.edu.br\/van\/wp-json\/wp\/v2\/media\/1104"}],"wp:attachment":[{"href":"http:\/\/jornalismo.ufsj.edu.br\/van\/wp-json\/wp\/v2\/media?parent=670"}],"wp:term":[{"taxonomy":"category","embeddable":true,"href":"http:\/\/jornalismo.ufsj.edu.br\/van\/wp-json\/wp\/v2\/categories?post=670"},{"taxonomy":"post_tag","embeddable":true,"href":"http:\/\/jornalismo.ufsj.edu.br\/van\/wp-json\/wp\/v2\/tags?post=670"}],"curies":[{"name":"wp","href":"https:\/\/api.w.org\/{rel}","templated":true}]}}