{"id":669,"date":"2013-06-04T21:16:00","date_gmt":"2013-06-04T21:16:00","guid":{"rendered":"http:\/\/jornalismo.ufsj.edu.br\/van\/?p=669"},"modified":"2015-05-25T21:55:21","modified_gmt":"2015-05-25T21:55:21","slug":"evaldo-balbino-e-alair-coelho-lanca","status":"publish","type":"post","link":"http:\/\/jornalismo.ufsj.edu.br\/van\/evaldo-balbino-e-alair-coelho-lanca\/","title":{"rendered":"Evaldo Balbino e Alair Co\u00ealho lan\u00e7am livros em Resende Costa"},"content":{"rendered":"<p>&nbsp;<\/p>\n<div class=\"separator\" style=\"clear: both; text-align: center;\"><a style=\"margin-left: 1em; margin-right: 1em;\" href=\"http:\/\/1.bp.blogspot.com\/-2u7V5bJnKFg\/Ua5X88lR2tI\/AAAAAAAABwA\/eVS7sa-07rc\/s1600\/Evaldo.JPG\"><img loading=\"lazy\" decoding=\"async\" src=\"http:\/\/1.bp.blogspot.com\/-2u7V5bJnKFg\/Ua5X88lR2tI\/AAAAAAAABwA\/eVS7sa-07rc\/s400\/Evaldo.JPG\" alt=\"\" width=\"400\" height=\"300\" border=\"0\" \/><\/a><\/div>\n<div class=\"separator\" style=\"clear: both; text-align: center;\">Evaldo autografando livro<\/div>\n<div class=\"separator\" style=\"clear: both; text-align: center;\"><\/div>\n<p>A Associa\u00e7\u00e3o dos Amigos da Cultura de Resende Costa (Amirco) aproveitou a comemora\u00e7\u00e3o dos 101 anos do munic\u00edpio e a primeira Mostra de Artesanato e Cultura para lan\u00e7ar livros de dois resende-costenses. Nos dias 31 de maio e 1\u00ba de junho, respectivamente, Evaldo Balbino e Alair Co\u00ealho apresentaram suas obras no Teatro Municipal de Resende Costa.<\/p>\n<p>O quarto livro de Evaldo Balbino, \u201cAmores obl\u00edquos\u201d, foi vencedor do Pr\u00eamio Nacional Braskem\/Academia de Letras da Bahia \u2013 Conto 2012. O autor e professor da UFMG lan\u00e7ou-o pela primeira vez ap\u00f3s a premia\u00e7\u00e3o em Resende Costa, sua terra natal, com o apoio da Amirco.<\/p>\n<p>Conforme a diretora de comunica\u00e7\u00e3o da Amirco, Elaine Martins, a obra concorreu com outros 76 originais, de treze estados brasileiros. Evaldo comentou sobre a premia\u00e7\u00e3o: \u201cN\u00e3o \u00e9 porque outros n\u00e3o ganharam o pr\u00eamio que n\u00e3o s\u00e3o t\u00e3o bons. Julgar arte \u00e9 muito dif\u00edcil. O povo baiano me recebeu muito bem, assim como a Academia de Letras da Bahia. O presidente da Academia comentou, inclusive, que sou o primeiro mineiro a ganhar esse pr\u00eamio, que existe desde 1983\u201d.<\/p>\n<p>O autor j\u00e1 lan\u00e7ou outras publica\u00e7\u00f5es, como poemas e cr\u00f4nicas, mas essa \u00e9 a primeira composta por contos. A obra possui 12 contos e, no entanto, Evaldo Balbino afirma que \u201cn\u00e3o h\u00e1 nenhum conto com o nome de \u2018Amores obl\u00edquos\u2019, mas todos falam de amor e todos os amores retratados s\u00e3o obl\u00edquos\u201d. O livro foi lan\u00e7ado pela renomada editora 7Letras, no Rio de Janeiro.<\/p>\n<p>&nbsp;<\/p>\n<div class=\"separator\" style=\"clear: both; text-align: center;\"><a style=\"margin-left: 1em; margin-right: 1em;\" href=\"http:\/\/4.bp.blogspot.com\/-gxir8k51Tic\/Ua5Y0ibxTwI\/AAAAAAAABwQ\/MUJtuCwNYdE\/s1600\/Alair.jpg\"><img loading=\"lazy\" decoding=\"async\" src=\"http:\/\/4.bp.blogspot.com\/-gxir8k51Tic\/Ua5Y0ibxTwI\/AAAAAAAABwQ\/MUJtuCwNYdE\/s400\/Alair.jpg\" alt=\"\" width=\"400\" height=\"265\" border=\"0\" \/><\/a><\/div>\n<div class=\"separator\" style=\"clear: both; text-align: center;\">Alair no centro<\/div>\n<p>Entretanto, a participa\u00e7\u00e3o da Amirco foi al\u00e9m na primeira Mostra de Artesanato. No dia 1\u00ba de junho, o historiador Rosalvo Pinto ministrou uma palestra a respeito dos inconfidentes Jos\u00e9 de Resende Costa, pai e filho, tamb\u00e9m no Teatro Municipal. Em seguida, o resende-costense Alair Co\u00ealho lan\u00e7ou o romance \u201cO embu\u00e7ado\u201d, que trata da Inconfid\u00eancia Mineira.<\/p>\n<p>O autor empreendeu pesquisas a respeito do movimento e percorreu a Estrada Real em busca de informa\u00e7\u00f5es. Depois de escrever bastante e reunir alguns documentos, \u00a0decidiu que escreveria um romance. Esta foi a quinta publica\u00e7\u00e3o da Cole\u00e7\u00e3o Lageana.<\/p>\n<p>Alair Co\u00ealho participou do Grupo Teatral Agenor Gomes, na era de ouro do Teatro Municipal de Resende Costa, e trouxe um pouco disso para a obra. \u201cO embu\u00e7ado\u201d combina ma\u00e7onaria, hist\u00f3ria, amor e mist\u00e9rio. \u201cO livro tem muito de teatralidade. N\u00e3o fugi de minhas origens. Quem ler, perceber\u00e1 que toda a hist\u00f3ria tem como centro a laje\u201d, concluiu Alair.<\/p>\n<p>VAN\/Emanuelle Ribeiro<br \/>\nFoto: Emanuelle Ribeiro e Fernando Chaves<\/p>\n","protected":false},"excerpt":{"rendered":"<p>&nbsp; Evaldo autografando livro A Associa\u00e7\u00e3o dos Amigos da Cultura de Resende Costa (Amirco) aproveitou a comemora\u00e7\u00e3o dos 101 anos do munic\u00edpio e a primeira Mostra de Artesanato e Cultura<\/p>\n","protected":false},"author":2,"featured_media":1105,"comment_status":"open","ping_status":"open","sticky":false,"template":"","format":"standard","meta":{"_monsterinsights_skip_tracking":false,"_monsterinsights_sitenote_active":false,"_monsterinsights_sitenote_note":"","_monsterinsights_sitenote_category":0,"_themeisle_gutenberg_block_has_review":false,"cybocfi_hide_featured_image":"","footnotes":""},"categories":[13,29],"tags":[56],"class_list":["post-669","post","type-post","status-publish","format-standard","has-post-thumbnail","hentry","category-cultura","category-resende-costa","tag-literatura"],"_links":{"self":[{"href":"http:\/\/jornalismo.ufsj.edu.br\/van\/wp-json\/wp\/v2\/posts\/669","targetHints":{"allow":["GET"]}}],"collection":[{"href":"http:\/\/jornalismo.ufsj.edu.br\/van\/wp-json\/wp\/v2\/posts"}],"about":[{"href":"http:\/\/jornalismo.ufsj.edu.br\/van\/wp-json\/wp\/v2\/types\/post"}],"author":[{"embeddable":true,"href":"http:\/\/jornalismo.ufsj.edu.br\/van\/wp-json\/wp\/v2\/users\/2"}],"replies":[{"embeddable":true,"href":"http:\/\/jornalismo.ufsj.edu.br\/van\/wp-json\/wp\/v2\/comments?post=669"}],"version-history":[{"count":1,"href":"http:\/\/jornalismo.ufsj.edu.br\/van\/wp-json\/wp\/v2\/posts\/669\/revisions"}],"predecessor-version":[{"id":1107,"href":"http:\/\/jornalismo.ufsj.edu.br\/van\/wp-json\/wp\/v2\/posts\/669\/revisions\/1107"}],"wp:featuredmedia":[{"embeddable":true,"href":"http:\/\/jornalismo.ufsj.edu.br\/van\/wp-json\/wp\/v2\/media\/1105"}],"wp:attachment":[{"href":"http:\/\/jornalismo.ufsj.edu.br\/van\/wp-json\/wp\/v2\/media?parent=669"}],"wp:term":[{"taxonomy":"category","embeddable":true,"href":"http:\/\/jornalismo.ufsj.edu.br\/van\/wp-json\/wp\/v2\/categories?post=669"},{"taxonomy":"post_tag","embeddable":true,"href":"http:\/\/jornalismo.ufsj.edu.br\/van\/wp-json\/wp\/v2\/tags?post=669"}],"curies":[{"name":"wp","href":"https:\/\/api.w.org\/{rel}","templated":true}]}}