{"id":668,"date":"2013-06-06T02:27:00","date_gmt":"2013-06-06T02:27:00","guid":{"rendered":"http:\/\/jornalismo.ufsj.edu.br\/van\/?p=668"},"modified":"2013-06-06T02:27:00","modified_gmt":"2013-06-06T02:27:00","slug":"concerto-alma-brasileira-mistura-o","status":"publish","type":"post","link":"http:\/\/jornalismo.ufsj.edu.br\/van\/concerto-alma-brasileira-mistura-o\/","title":{"rendered":"Concerto Alma Brasileira mistura o popular e o erudito e atrai diversos p\u00fablicos"},"content":{"rendered":"<p><\/p>\n<div class=\"separator\" style=\"clear: both; text-align: center;\">\n<a href=\"http:\/\/1.bp.blogspot.com\/-FbAIMAujVmA\/Ua_yjjQZzMI\/AAAAAAAABww\/7odjGif3VaA\/s1600\/DSC_3049.JPG\" imageanchor=\"1\" style=\"margin-left: 1em; margin-right: 1em;\"><img loading=\"lazy\" decoding=\"async\" border=\"0\" height=\"265\" src=\"http:\/\/1.bp.blogspot.com\/-FbAIMAujVmA\/Ua_yjjQZzMI\/AAAAAAAABww\/7odjGif3VaA\/s400\/DSC_3049.JPG\" width=\"400\" \/><\/a><\/div>\n<div class=\"separator\" style=\"clear: both; text-align: center;\">\n<\/div>\n<div class=\"separator\" style=\"clear: both; text-align: center;\">\n<\/div>\n<p>Na \u00faltima sexta (31), o projeto Corpo Musical Vertentes apresentou o concerto Alma Brasileira, na Sociedade de Concertos Sinf\u00f4nicos. O evento reuniu v\u00e1rios expectadores e teve parceria com o Programa M\u00fasica XXI, da Universidade Federal de S\u00e3o Jo\u00e3o del-Rei (UFSJ). O M\u00fasica XXI atua a partir de projetos, a\u00e7\u00f5es did\u00e1ticas, cursos e eventos art\u00edsticos. Tamb\u00e9m abriga e fomenta manifesta\u00e7\u00f5es musicais do departamento de m\u00fasica (DMUSI), da Pr\u00f3-Reitoria de Extens\u00e3o e da comunidade, com abrang\u00eancia regional e inser\u00e7\u00e3o internacional.<\/p>\n<p>O professor Ant\u00f4nio Carlos Guimar\u00e3es, coordenador do Programa M\u00fasica XXI, afirmou que o Projeto Corpo Musical Vertentes, financiado pelo fundo estadual de cultura, surgiu depois de seis anos do curso de m\u00fasica, atuando na comunidade junto com o programa M\u00fasica XXI. \u201cS\u00e3o 15 apresenta\u00e7\u00f5es e sete oficinas, passando por v\u00e1rios munic\u00edpios do estado, todos eles mapeados pelo N\u00facleo de Interioriza\u00e7\u00e3o da cultura de Minas Gerais\u201d, declara o flautista do concerto.&nbsp;<\/p>\n<p>Ele ressalta ainda que o \u201cCorpo Musical Vertentes \u00e9 um projeto regional que traz fomento para v\u00e1rias entidades musicais, tais como a Sociedade de Concertos Sinf\u00f4nicos e a Banda Ramalho, de Tiradentes, e tamb\u00e9m para outras cidades, como Ouro Branco, Mariana e Bar\u00e3o de Cocais\u201d. O concerto \u00e9 composto por Elenis Guimar\u00e3es (canto), Jayme Guimar\u00e3es (piano), Ant\u00f4nio Carlos Guimar\u00e3es (flauta), Guilherme Vincens (viol\u00e3o), Isabele Alves Guimar\u00e3es (violoncelo) e Jonas Fernando de Souza (clarineta).<\/p>\n<p>O repert\u00f3rio de Alma Brasileira baseou-se em can\u00e7\u00f5es de compositores nacionalistas. Seu objetivo era trazer elementos da m\u00fasica popular brasileira para a m\u00fasica de concertos, como obras de Villa Lobos, Marlos Nobre, Tom Jobim, entre outros. \u201cUm programa bem leve, f\u00e1cil de ouvir e bastante representativo de uma vertente dos compositores eruditos brasileiros\u201d, opina a cantora Elenis Guimar\u00e3es. \u201cChamados assim eruditos, mas o p\u00fablico percebe bem claramente que todos eles, sem exce\u00e7\u00e3o, t\u00eam os dois p\u00e9s na m\u00fasica popular, e \u00e9 bem gostoso de ouvir\u201d, explica.&nbsp;<\/p>\n<p>Elenis, que canta em concertos h\u00e1 mais de 20 anos, tamb\u00e9m acredita que uma boa execu\u00e7\u00e3o nesse tipo de evento est\u00e1 relacionada a \u201cum trabalho cumulativo, porque o que voc\u00ea faz hoje depende do que voc\u00ea fez antes. N\u00e3o \u00e9 uma coisa que se realiza de uma hora para a outra. Para este concerto, especificamente, foram umas tr\u00eas semanas ensaiando\u201d, declara. A soprano Elenis ainda comenta que \u201cnas prepara\u00e7\u00f5es para esses concertos, a gente aprende as m\u00fasicas, ensaia, marca bem a voz, vem e manda bala\u201d.<\/p>\n<p>A apresenta\u00e7\u00e3o atraiu p\u00fablicos distintos, desde moradores da cidade at\u00e9 pessoas que vieram de outros estados para prestigiar os m\u00fasicos do concerto. \u201cN\u00f3s cantamos em um coral l\u00e1 em S\u00e3o Paulo. Foi o pianista Jayme Guimar\u00e3es quem o fundou, ele foi o nosso maestro. N\u00f3s cantamos recentemente e o Jayme foi l\u00e1 nos prestigiar. Agora, n\u00f3s viemos aqui retribuir\u201d, declara a expectadora Elisabeth Franceschelle.<\/p>\n<p>\u201cUm dos m\u00fasicos \u00e9 da minha fam\u00edlia e, sempre que poss\u00edvel, a gente vem prestigiar. Al\u00e9m disso, \u00e9 um evento muito bom. Achei muito rica a escolha das m\u00fasicas tamb\u00e9m, foi muito interessante. Eu acredito que \u00e9 um tipo de evento importante, que vai formando um p\u00fablico que, a cada vez, aumenta mais e torna mais consistente a atividade musical na cidade\u201d, opina Paulo Guimar\u00e3es, expectador do concerto Alma Brasileira.<\/p>\n<p>\nVAN\/ Marina Ratton<br \/>\nFoto: Suellen Jacques<\/p>\n","protected":false},"excerpt":{"rendered":"<p>Na \u00faltima sexta (31), o projeto Corpo Musical Vertentes apresentou o concerto Alma Brasileira, na Sociedade de Concertos Sinf\u00f4nicos. O evento reuniu v\u00e1rios expectadores e teve parceria com o Programa<\/p>\n","protected":false},"author":2,"featured_media":0,"comment_status":"open","ping_status":"open","sticky":false,"template":"","format":"standard","meta":{"_monsterinsights_skip_tracking":false,"_monsterinsights_sitenote_active":false,"_monsterinsights_sitenote_note":"","_monsterinsights_sitenote_category":0,"_themeisle_gutenberg_block_has_review":false,"cybocfi_hide_featured_image":"","footnotes":""},"categories":[1],"tags":[152,57],"class_list":["post-668","post","type-post","status-publish","format-standard","hentry","category-sem-categoria","tag-cultura","tag-musica"],"_links":{"self":[{"href":"http:\/\/jornalismo.ufsj.edu.br\/van\/wp-json\/wp\/v2\/posts\/668","targetHints":{"allow":["GET"]}}],"collection":[{"href":"http:\/\/jornalismo.ufsj.edu.br\/van\/wp-json\/wp\/v2\/posts"}],"about":[{"href":"http:\/\/jornalismo.ufsj.edu.br\/van\/wp-json\/wp\/v2\/types\/post"}],"author":[{"embeddable":true,"href":"http:\/\/jornalismo.ufsj.edu.br\/van\/wp-json\/wp\/v2\/users\/2"}],"replies":[{"embeddable":true,"href":"http:\/\/jornalismo.ufsj.edu.br\/van\/wp-json\/wp\/v2\/comments?post=668"}],"version-history":[{"count":0,"href":"http:\/\/jornalismo.ufsj.edu.br\/van\/wp-json\/wp\/v2\/posts\/668\/revisions"}],"wp:attachment":[{"href":"http:\/\/jornalismo.ufsj.edu.br\/van\/wp-json\/wp\/v2\/media?parent=668"}],"wp:term":[{"taxonomy":"category","embeddable":true,"href":"http:\/\/jornalismo.ufsj.edu.br\/van\/wp-json\/wp\/v2\/categories?post=668"},{"taxonomy":"post_tag","embeddable":true,"href":"http:\/\/jornalismo.ufsj.edu.br\/van\/wp-json\/wp\/v2\/tags?post=668"}],"curies":[{"name":"wp","href":"https:\/\/api.w.org\/{rel}","templated":true}]}}