{"id":667,"date":"2013-06-07T00:34:00","date_gmt":"2013-06-07T00:34:00","guid":{"rendered":"http:\/\/jornalismo.ufsj.edu.br\/van\/?p=667"},"modified":"2013-06-07T00:34:00","modified_gmt":"2013-06-07T00:34:00","slug":"alunos-de-jornalismo-da-ufsj-fica","status":"publish","type":"post","link":"http:\/\/jornalismo.ufsj.edu.br\/van\/alunos-de-jornalismo-da-ufsj-fica\/","title":{"rendered":"Alunos de jornalismo da UFSJ ficam entre os finalistas em pr\u00eamio nacional"},"content":{"rendered":"<p><\/p>\n<div class=\"separator\" style=\"clear: both; text-align: center;\">\n<a href=\"http:\/\/4.bp.blogspot.com\/-YhdglCinBfA\/UbEpsX30IDI\/AAAAAAAABxA\/NMKAoN7msjc\/s1600\/7.jpg\" imageanchor=\"1\" style=\"margin-left: 1em; margin-right: 1em;\"><img loading=\"lazy\" decoding=\"async\" border=\"0\" height=\"266\" src=\"http:\/\/4.bp.blogspot.com\/-YhdglCinBfA\/UbEpsX30IDI\/AAAAAAAABxA\/NMKAoN7msjc\/s400\/7.jpg\" width=\"400\" \/><\/a><\/div>\n<div class=\"separator\" style=\"clear: both; text-align: center;\">\nStands e Exposi\u00e7\u00f5es no Encontro Nacional de Hist\u00f3ria M\u00eddia<\/div>\n<div class=\"separator\" style=\"clear: both; text-align: center;\">\n<\/div>\n<p>Alunos do curso de gradua\u00e7\u00e3o em Jornalismo da Universidade Federal de S\u00e3o Jo\u00e3o del-Rei (UFSJ) ficaram entre os finalistas no 2\u00ba Pr\u00eamio Nacional de Hist\u00f3ria da M\u00eddia Jos\u00e9 Marques de Melo. O pr\u00eamio aconteceu durante o 9\u00ba Encontro Nacional de Hist\u00f3ria da M\u00eddia, nos dias 30 de maio e 1\u00ba de junho, em Ouro Preto (MG). Seu objetivo foi reconhecer os melhores trabalhos em pesquisa de inicia\u00e7\u00e3o cient\u00edfica, com tem\u00e1ticas pertinentes \u00e0 hist\u00f3ria da m\u00eddia brasileira.<\/p>\n<p>O artigo &#8220;A Hist\u00f3ria da Imprensa de Lavras Atrav\u00e9s das Eras Pol\u00edticas Brasileiras&#8221;, escrito por Ian Agostini, Mario S\u00e1, Moema Vianna, Ricardo Rios e Thallyson Eliseu, come\u00e7ou a ser desenvolvido em 2011.<\/p>\n<p>Inicialmente, como atividade em sala de aula na disciplina de Hist\u00f3ria do Jornalismo, era um trabalho sem grandes aspira\u00e7\u00f5es. Por\u00e9m, diante da qualidade do mesmo, a professora e orientadora, Filomena Bonfim, sugeriu que se transformasse em um artigo cient\u00edfico. O trabalho foi tamb\u00e9m apresentado no 2\u00ba Encontro Regional Sudeste de Hist\u00f3ria da M\u00eddia, em Vilha Velha (ES) e no XVII Intercom Sudeste, em Ouro Preto (MG).<\/p>\n<p>O resultado surpreendeu at\u00e9 mesmo os autores, pois n\u00e3o imaginavam que, dentre os 300 trabalhos apresentados, seriam um dos 14 finalistas. &#8220;A constru\u00e7\u00e3o do artigo foi bem despretensiosa. Jamais imaginaria que pud\u00e9ssemos receber algum pr\u00eamio por causa dele. Os colegas que fizeram o artigo sabem das dificuldades que tivemos para reunir todo o material hist\u00f3rico presente no trabalho. Mas a recompensa por este esfor\u00e7o veio no s\u00e1bado&#8221;, conta Ricardo Rios, um dos premiados.<\/p>\n<p>J\u00e1 para Thallysson Eliseu, tamb\u00e9m autor do artigo, essa era uma produ\u00e7\u00e3o que visivelmente tinha grande potencial. &#8220;Pela forma como o trabalho se configurava, a qualidade e a relev\u00e2ncia, eu sempre achei que seria simplesmente uma quest\u00e3o de tempo e oportunidade&#8221;.&nbsp;<br \/>\nEle ressalta ainda que a premia\u00e7\u00e3o significou muito mais do que uma conquista pessoal. &#8220;\u00c9 sempre bom ter um trabalho reconhecido. Foi uma satisfa\u00e7\u00e3o tamb\u00e9m por escrever uma p\u00e1gina da hist\u00f3ria do nosso curso. \u00c9 um curso novo, mas de \u00f3tima qualidade, e que, atrav\u00e9s do trabalho e coopera\u00e7\u00e3o de todos, vai, com certeza, se desenvolver e progredir.&#8221;<\/p>\n<p>Apesar do fim do ciclo de apresenta\u00e7\u00f5es do artigo, as conquistas n\u00e3o param por a\u00ed. Al\u00e9m do prest\u00edgio j\u00e1 alcan\u00e7ado, ele ser\u00e1 lan\u00e7ado em um livro sobre o jornalismo da regi\u00e3o do Campo das Vertentes, organizado pela professora e orientadora, Filomena Bonfim.<\/p>\n<p><\/p>\n<div class=\"separator\" style=\"clear: both; text-align: center;\">\n<a href=\"http:\/\/4.bp.blogspot.com\/-Zzw_bekIGOk\/UbEqQ3WcP8I\/AAAAAAAABxI\/RjKgMoZLtq0\/s1600\/3.jpg\" imageanchor=\"1\" style=\"margin-left: 1em; margin-right: 1em;\"><img loading=\"lazy\" decoding=\"async\" border=\"0\" height=\"300\" src=\"http:\/\/4.bp.blogspot.com\/-Zzw_bekIGOk\/UbEqQ3WcP8I\/AAAAAAAABxI\/RjKgMoZLtq0\/s400\/3.jpg\" width=\"400\" \/><\/a><\/div>\n<div class=\"separator\" style=\"clear: both; text-align: center;\">\nRicardo Rios, estudante da UFSJ premiado<\/div>\n<div class=\"separator\" style=\"clear: both; text-align: center;\">\n<\/div>\n<p>&#8220;Tudo tem um come\u00e7o, um cl\u00edmax e um fim. Acredito que o reconhecimento do Pr\u00eamio Jos\u00e9 Marques de Melo seja a melhor maneira de encerrarmos. Perpetuamos na academia dados seculares de aspectos de um povo, e isso \u00e9 extremamente importante na consolida\u00e7\u00e3o de uma recupera\u00e7\u00e3o hist\u00f3rica. Por isso, esperamos que novos pesquisadores possam usar a nossa produ\u00e7\u00e3o para descobrir novos aspectos sobre a imprensa de Lavras&#8221;, destaca Ricardo.<\/p>\n<p>Filomena Bonfim ressalta ainda que essas oportunidades podem ser aproveitadas por todos os estudantes dentro da universidade. &#8220;Qualquer aluno disciplinado e comprometido com um bom desempenho em sala de aula pode produzir trabalhos cient\u00edficos que merecem destaque na academia&#8221;.&nbsp;<\/p>\n<p>Para aqueles que ainda est\u00e3o dando os seus primeiros passos na carreira acad\u00eamica, ela alerta: &#8220;Que todos se informem sobre as possibilidades institucionais de produ\u00e7\u00e3o de trabalhos, mas que, antes de tudo, dediquem-se a descobrir o foco do seu interesse, que eu chamo de &#8216;objeto de desejo&#8217;. Tendo esse objeto, as tarefas deixam de ser trabalho para se tornarem processos de realiza\u00e7\u00e3o pessoal, comprometidos com a constru\u00e7\u00e3o de uma sociedade mais justa&#8221;, afirma.<\/p>\n<p>\nVAN\/Mayra Coimbra<br \/>\nFoto: Rhafaela Resende<\/p>\n","protected":false},"excerpt":{"rendered":"<p>Stands e Exposi\u00e7\u00f5es no Encontro Nacional de Hist\u00f3ria M\u00eddia Alunos do curso de gradua\u00e7\u00e3o em Jornalismo da Universidade Federal de S\u00e3o Jo\u00e3o del-Rei (UFSJ) ficaram entre os finalistas no 2\u00ba<\/p>\n","protected":false},"author":2,"featured_media":0,"comment_status":"open","ping_status":"open","sticky":false,"template":"","format":"standard","meta":{"_monsterinsights_skip_tracking":false,"_monsterinsights_sitenote_active":false,"_monsterinsights_sitenote_note":"","_monsterinsights_sitenote_category":0,"_themeisle_gutenberg_block_has_review":false,"cybocfi_hide_featured_image":"","footnotes":""},"categories":[1],"tags":[32,80],"class_list":["post-667","post","type-post","status-publish","format-standard","hentry","category-sem-categoria","tag-educacao","tag-universidade"],"_links":{"self":[{"href":"http:\/\/jornalismo.ufsj.edu.br\/van\/wp-json\/wp\/v2\/posts\/667","targetHints":{"allow":["GET"]}}],"collection":[{"href":"http:\/\/jornalismo.ufsj.edu.br\/van\/wp-json\/wp\/v2\/posts"}],"about":[{"href":"http:\/\/jornalismo.ufsj.edu.br\/van\/wp-json\/wp\/v2\/types\/post"}],"author":[{"embeddable":true,"href":"http:\/\/jornalismo.ufsj.edu.br\/van\/wp-json\/wp\/v2\/users\/2"}],"replies":[{"embeddable":true,"href":"http:\/\/jornalismo.ufsj.edu.br\/van\/wp-json\/wp\/v2\/comments?post=667"}],"version-history":[{"count":0,"href":"http:\/\/jornalismo.ufsj.edu.br\/van\/wp-json\/wp\/v2\/posts\/667\/revisions"}],"wp:attachment":[{"href":"http:\/\/jornalismo.ufsj.edu.br\/van\/wp-json\/wp\/v2\/media?parent=667"}],"wp:term":[{"taxonomy":"category","embeddable":true,"href":"http:\/\/jornalismo.ufsj.edu.br\/van\/wp-json\/wp\/v2\/categories?post=667"},{"taxonomy":"post_tag","embeddable":true,"href":"http:\/\/jornalismo.ufsj.edu.br\/van\/wp-json\/wp\/v2\/tags?post=667"}],"curies":[{"name":"wp","href":"https:\/\/api.w.org\/{rel}","templated":true}]}}