{"id":666,"date":"2013-06-10T02:16:00","date_gmt":"2013-06-10T02:16:00","guid":{"rendered":"http:\/\/jornalismo.ufsj.edu.br\/van\/?p=666"},"modified":"2013-06-10T02:16:00","modified_gmt":"2013-06-10T02:16:00","slug":"arte-atraves-das-sombras","status":"publish","type":"post","link":"http:\/\/jornalismo.ufsj.edu.br\/van\/arte-atraves-das-sombras\/","title":{"rendered":"Arte atrav\u00e9s das Sombras"},"content":{"rendered":"<p><\/p>\n<div class=\"separator\" style=\"clear: both; text-align: center;\">\n<a href=\"http:\/\/3.bp.blogspot.com\/-e_yTkxtENgU\/UbU2_ZvlBgI\/AAAAAAAABxY\/0mr0Vn6yOuU\/s1600\/DSC05060.JPG\" imageanchor=\"1\" style=\"margin-left: 1em; margin-right: 1em;\"><img loading=\"lazy\" decoding=\"async\" border=\"0\" height=\"225\" src=\"http:\/\/3.bp.blogspot.com\/-e_yTkxtENgU\/UbU2_ZvlBgI\/AAAAAAAABxY\/0mr0Vn6yOuU\/s400\/DSC05060.JPG\" width=\"400\" \/><\/a><\/div>\n<div class=\"separator\" style=\"clear: both; text-align: center;\">\nLuciano Pinto<\/div>\n<div class=\"separator\" style=\"clear: both; text-align: center;\">\n<\/div>\n<p>Sombras Noturnas, um ensaio fotogr\u00e1fico produzido por Luciano Pinto, esteve em exposi\u00e7\u00e3o no Centro Cultural da Universidade Federal de S\u00e3o Jo\u00e3o del-Rei (UFSJ), entre os dias 16 de maio e 2 de junho. O artista buscou transmitir ao observador novas experi\u00eancias visuais e sensoriais, com um olhar diferenciado sobre a arquitetura de S\u00e3o Jo\u00e3o del-Rei e &nbsp;Tiradentes.<\/p>\n<p>Fot\u00f3grafo desde os 12 anos, Luciano sempre se interessou por arte, por imagens, e admirava a propaga\u00e7\u00e3o das sombras com suas grada\u00e7\u00f5es. Apreciava as paisagens e nuvens, imaginando diferentes composi\u00e7\u00f5es que poderia criar. Nos anos 80, adquiriu sua primeira c\u00e2mera (Tekinha II), dando in\u00edcio \u00e0 sua produ\u00e7\u00e3o.<\/p>\n<p>O artista j\u00e1 havia trabalhado como produtor de arte final e com diagrama\u00e7\u00e3o de material did\u00e1tico, mas come\u00e7ou a ter a necessidade de se especializar em Artes Visuais. Sendo assim, em 2011, se especializou pelo SENAC. Sombras Noturnas nasceu como seu trabalho de conclus\u00e3o de curso. Para realiz\u00e1-lo, buscou, nas noites das cidades hist\u00f3ricas, imagens em preto e branco que oferecessem um lado mais aprimorado da riqueza arquitet\u00f4nica desses lugares.<\/p>\n<p>Demonstrando-se preocupado com a preserva\u00e7\u00e3o do patrim\u00f4nio, o fot\u00f3grafo comenta que este foi mais do que um trabalho de conclus\u00e3o de curso. O projeto tinha como objetivo buscar formas de valorizar o regional, pois, segundo ele, os turistas parecem se interessar mais pelo patrim\u00f4nio da cidade do que muitos moradores da regi\u00e3o.&nbsp;<\/p>\n<p>Luciano buscou inspira\u00e7\u00e3o no surrealismo, movimento art\u00edstico focado na constru\u00e7\u00e3o do representativo, do abstrato, do irreal e do inconsciente. \u00c9 visto nas obras de grandes fot\u00f3grafos como L\u00e1szl\u00f3 Moholy-Nagy (1895-1946) e Thomaz Jorge Farkas (1930-2011).&nbsp;<\/p>\n<p>Como todo bom artista, os planos de Luciano Pinto n\u00e3o param por a\u00ed. Por possuir conhecimentos s\u00f3lidos na produ\u00e7\u00e3o de cer\u00e2mica, tornou-se aluno do curso de Artes Aplicadas da UFSJ.<\/p>\n<p>Sendo capaz de dominar as t\u00e9cnicas, formas e texturas com funcionalidade e qualidade, ele espera que as pe\u00e7as que produz, assim como as fotografias, sejam ideias inovadoras promovidas no meio art\u00edstico.<\/p>\n<p>\nVAN\/Delcimar Ribeiro<br \/>\nFoto: Delcimar Ribeiro<\/p>\n","protected":false},"excerpt":{"rendered":"<p>Luciano Pinto Sombras Noturnas, um ensaio fotogr\u00e1fico produzido por Luciano Pinto, esteve em exposi\u00e7\u00e3o no Centro Cultural da Universidade Federal de S\u00e3o Jo\u00e3o del-Rei (UFSJ), entre os dias 16 de<\/p>\n","protected":false},"author":2,"featured_media":0,"comment_status":"open","ping_status":"open","sticky":false,"template":"","format":"standard","meta":{"_monsterinsights_skip_tracking":false,"_monsterinsights_sitenote_active":false,"_monsterinsights_sitenote_note":"","_monsterinsights_sitenote_category":0,"_themeisle_gutenberg_block_has_review":false,"cybocfi_hide_featured_image":"","footnotes":""},"categories":[1],"tags":[59,152,101],"class_list":["post-666","post","type-post","status-publish","format-standard","hentry","category-sem-categoria","tag-arte","tag-cultura","tag-fotografia"],"_links":{"self":[{"href":"http:\/\/jornalismo.ufsj.edu.br\/van\/wp-json\/wp\/v2\/posts\/666","targetHints":{"allow":["GET"]}}],"collection":[{"href":"http:\/\/jornalismo.ufsj.edu.br\/van\/wp-json\/wp\/v2\/posts"}],"about":[{"href":"http:\/\/jornalismo.ufsj.edu.br\/van\/wp-json\/wp\/v2\/types\/post"}],"author":[{"embeddable":true,"href":"http:\/\/jornalismo.ufsj.edu.br\/van\/wp-json\/wp\/v2\/users\/2"}],"replies":[{"embeddable":true,"href":"http:\/\/jornalismo.ufsj.edu.br\/van\/wp-json\/wp\/v2\/comments?post=666"}],"version-history":[{"count":0,"href":"http:\/\/jornalismo.ufsj.edu.br\/van\/wp-json\/wp\/v2\/posts\/666\/revisions"}],"wp:attachment":[{"href":"http:\/\/jornalismo.ufsj.edu.br\/van\/wp-json\/wp\/v2\/media?parent=666"}],"wp:term":[{"taxonomy":"category","embeddable":true,"href":"http:\/\/jornalismo.ufsj.edu.br\/van\/wp-json\/wp\/v2\/categories?post=666"},{"taxonomy":"post_tag","embeddable":true,"href":"http:\/\/jornalismo.ufsj.edu.br\/van\/wp-json\/wp\/v2\/tags?post=666"}],"curies":[{"name":"wp","href":"https:\/\/api.w.org\/{rel}","templated":true}]}}