{"id":665,"date":"2013-06-11T01:11:00","date_gmt":"2013-06-11T01:11:00","guid":{"rendered":"http:\/\/jornalismo.ufsj.edu.br\/van\/?p=665"},"modified":"2013-06-11T01:11:00","modified_gmt":"2013-06-11T01:11:00","slug":"caominhada-fecha-semana-do-meio","status":"publish","type":"post","link":"http:\/\/jornalismo.ufsj.edu.br\/van\/caominhada-fecha-semana-do-meio\/","title":{"rendered":"C\u00e3ominhada fecha a Semana do Meio Ambiente em S\u00e3o Jo\u00e3o del-Rei"},"content":{"rendered":"<p><\/p>\n<div class=\"separator\" style=\"clear: both; text-align: center;\">\n<a href=\"http:\/\/2.bp.blogspot.com\/-8E8QPBb0_Ec\/UbZ5J2OIE-I\/AAAAAAAABxo\/5SgbCTjXh6Q\/s1600\/DSC_0053+(1).JPG\" imageanchor=\"1\" style=\"margin-left: 1em; margin-right: 1em;\"><img loading=\"lazy\" decoding=\"async\" border=\"0\" height=\"266\" src=\"http:\/\/2.bp.blogspot.com\/-8E8QPBb0_Ec\/UbZ5J2OIE-I\/AAAAAAAABxo\/5SgbCTjXh6Q\/s400\/DSC_0053+(1).JPG\" width=\"400\" \/><\/a><\/div>\n<div class=\"separator\" style=\"clear: both; text-align: center;\">\nMara Nogueira<\/div>\n<div class=\"separator\" style=\"clear: both; text-align: center;\">\n<\/div>\n<p>No \u00faltimo s\u00e1bado, a Avenida Presidente Tancredo Neves, no Centro de S\u00e3o Jo\u00e3o del-Rei, foi tomada pela presen\u00e7a de v\u00e1rios c\u00e3es e seus donos. O motivo que levou os animais para a rua foi a 6\u00aa C\u00e3ominhada Ecol\u00f3gica, que encerrou a programa\u00e7\u00e3o da semana do Meio Ambiente na cidade. O evento \u00e9 realizado pela Sociedade protetora de Animais de S\u00e3o Jo\u00e3o del Rei e tem como objetivo chamar aten\u00e7\u00e3o para os problemas ecol\u00f3gicos, al\u00e9m de incentivar a ado\u00e7\u00e3o e a solidariedade para com os animais abandonados.<\/p>\n<p>Mara Nogueira, presidente da Associa\u00e7\u00e3o de Prote\u00e7\u00e3o aos Animais S\u00e3o Francisco de Assis, conta que a C\u00e3ominhada Ecol\u00f3gica j\u00e1 \u00e9 uma tradi\u00e7\u00e3o anual, por\u00e9m esta \u00e9 a primeira vez em que o evento tem aux\u00edlio da Prefeitura, fator de grande import\u00e2ncia para a institui\u00e7\u00e3o. A Presidente da institui\u00e7\u00e3o informa ainda que h\u00e1, em S\u00e3o Jo\u00e3o del-Rei, cerca de dezessete mil animais dom\u00e9sticos, sendo que cinco mil &nbsp;deles vivem abandonados nas ruas.<\/p>\n<p>Sobre a forma como a popula\u00e7\u00e3o pode contribuir, Mara diz que os moradores podem ajudar ao apadrinhar um animal de rua, dando-lhe ajuda financeira para castra\u00e7\u00e3o e cuidados m\u00e9dicos, sendo enfatizada a import\u00e2ncia de n\u00e3o se abandonar um animal.&nbsp;<\/p>\n<p>A presidente da sociedade ressalta tamb\u00e9m que \u201ca sociedade n\u00e3o \u00e9 destinada apenas aos c\u00e3es e gatos, como muitos pensam, e sim a todos os animais\u201d. \u201cTemos como exemplo capivaras, macacos-prego, um gavi\u00e3o e um urubu, que tamb\u00e9m foram amparados pela Associa\u00e7\u00e3o\u201d, afirma Mara Nogueira.<\/p>\n<p><b>Participa\u00e7\u00e3o popular<\/b><\/p>\n<p>Luciene Viana estava dentre as centenas de pessoas que compareceram ao evento. Embora tenha participado pela primeira vez da C\u00e3ominhada, j\u00e1 estava familiarizada com a iniciativa, tendo j\u00e1 participado de eventos parecidos em Bras\u00edlia. \u201cA iniciativa da C\u00e3ominhada \u00e9 uma forma muito interessante de tratar sobre o meio ambiente\u201d, afirma.<\/p>\n<p>Jefferson Resende, que tamb\u00e9m participou do evento, elogia a proposta, pois, segundo ele, \u201c\u00e9 interessante e ressalta os benef\u00edcios de se ter um animal de estima\u00e7\u00e3o, aconselhando todos a adotar animais abandonados\u201d. Ele tamb\u00e9m afirma que j\u00e1 ajudou a Associa\u00e7\u00e3o, conseguindo um lar para animais abandonados.<\/p>\n<p><b>Vice-prefeita Cristina Lopes marca presen\u00e7a na C\u00e3ominhada<\/b><\/p>\n<p>O evento tamb\u00e9m contou com a presen\u00e7a da vice-prefeita e Secret\u00e1ria Municipal de Pol\u00edticas Urbanas e Meio Ambiente de S\u00e3o Jo\u00e3o del &#8211; Rei, Cristina Lopes. Ela afirma que o Plano Municipal de Res\u00edduos S\u00f3lidos n\u00e3o estava sendo cumprido conforme a Lei Federal da Pol\u00edtica Nacional de Res\u00edduos S\u00f3lidos \u2013 12.305 de 02 de agosto de 2010, e que a administra\u00e7\u00e3o municipal pretende atender \u00e0s exig\u00eancias da lei.<\/p>\n<p>Tamb\u00e9m \u00e9 meta da prefeitura o planejamento e a execu\u00e7\u00e3o de a\u00e7\u00f5es que promovam a sustentabilidade ambiental, o que ir\u00e1 refletir na qualidade de vida de toda a municipalidade. A vice-prefeita ressalta ainda o compromisso da populala\u00e7\u00e3o para com a sustentabilidade, especialmente quanto \u00e0 coleta seletiva. Cristina Lopes adianta que, por isso, foram planejadas diversas a\u00e7\u00f5es para a semana do Meio Ambiente. Entre essas a\u00e7\u00f5es est\u00e1 a iniciativa S\u00e3o Jo\u00e3o Sem Carro, que diminuiu o tr\u00e1fego no Centro da cidade e, consequentemente, a polui\u00e7\u00e3o.<\/p>\n<p>Al\u00e9m da semana do meio ambiente, a Prefeitura ir\u00e1 fazer diversos semin\u00e1rios e eventos para informar \u00e0 popula\u00e7\u00e3o as mudan\u00e7as e melhorias ambientais que ocorrer\u00e3o ao longo do tempo.<\/p>\n<p>\nVAN\/Sthefani Ortiz,&nbsp;Clara Varginha,&nbsp;Ana Martins,&nbsp;Gabriel Alves<br \/>Foto:Clara Varginha<\/p>\n","protected":false},"excerpt":{"rendered":"<p>Mara Nogueira No \u00faltimo s\u00e1bado, a Avenida Presidente Tancredo Neves, no Centro de S\u00e3o Jo\u00e3o del-Rei, foi tomada pela presen\u00e7a de v\u00e1rios c\u00e3es e seus donos. O motivo que levou<\/p>\n","protected":false},"author":2,"featured_media":0,"comment_status":"open","ping_status":"open","sticky":false,"template":"","format":"standard","meta":{"_monsterinsights_skip_tracking":false,"_monsterinsights_sitenote_active":false,"_monsterinsights_sitenote_note":"","_monsterinsights_sitenote_category":0,"_themeisle_gutenberg_block_has_review":false,"cybocfi_hide_featured_image":"","footnotes":""},"categories":[1],"tags":[156,153,14],"class_list":["post-665","post","type-post","status-publish","format-standard","hentry","category-sem-categoria","tag-meio-ambiente","tag-politica","tag-sao-joao-del-rei"],"_links":{"self":[{"href":"http:\/\/jornalismo.ufsj.edu.br\/van\/wp-json\/wp\/v2\/posts\/665","targetHints":{"allow":["GET"]}}],"collection":[{"href":"http:\/\/jornalismo.ufsj.edu.br\/van\/wp-json\/wp\/v2\/posts"}],"about":[{"href":"http:\/\/jornalismo.ufsj.edu.br\/van\/wp-json\/wp\/v2\/types\/post"}],"author":[{"embeddable":true,"href":"http:\/\/jornalismo.ufsj.edu.br\/van\/wp-json\/wp\/v2\/users\/2"}],"replies":[{"embeddable":true,"href":"http:\/\/jornalismo.ufsj.edu.br\/van\/wp-json\/wp\/v2\/comments?post=665"}],"version-history":[{"count":0,"href":"http:\/\/jornalismo.ufsj.edu.br\/van\/wp-json\/wp\/v2\/posts\/665\/revisions"}],"wp:attachment":[{"href":"http:\/\/jornalismo.ufsj.edu.br\/van\/wp-json\/wp\/v2\/media?parent=665"}],"wp:term":[{"taxonomy":"category","embeddable":true,"href":"http:\/\/jornalismo.ufsj.edu.br\/van\/wp-json\/wp\/v2\/categories?post=665"},{"taxonomy":"post_tag","embeddable":true,"href":"http:\/\/jornalismo.ufsj.edu.br\/van\/wp-json\/wp\/v2\/tags?post=665"}],"curies":[{"name":"wp","href":"https:\/\/api.w.org\/{rel}","templated":true}]}}