{"id":6281,"date":"2017-04-26T12:14:22","date_gmt":"2017-04-26T15:14:22","guid":{"rendered":"http:\/\/jornalismo.ufsj.edu.br\/van\/?p=6281"},"modified":"2017-04-26T12:14:22","modified_gmt":"2017-04-26T15:14:22","slug":"nando-reis-um-contador-de-historias-de-amor","status":"publish","type":"post","link":"http:\/\/jornalismo.ufsj.edu.br\/van\/nando-reis-um-contador-de-historias-de-amor\/","title":{"rendered":"Nando Reis, um contador de hist\u00f3rias de amor"},"content":{"rendered":"<p><i><span style=\"font-weight: 400;\">Com repert\u00f3rio recheado de sucessos, o cantor se apresentou para cerca de 3 mil pessoas em Tiradentes<\/span><\/i><\/p>\n<figure id=\"attachment_6255\" aria-describedby=\"caption-attachment-6255\" style=\"width: 1494px\" class=\"wp-caption aligncenter\"><a href=\"http:\/\/jornalismo.ufsj.edu.br\/van\/wp-content\/uploads\/2017\/04\/DSC_0428.jpg\"><img loading=\"lazy\" decoding=\"async\" class=\"size-full wp-image-6255\" src=\"http:\/\/jornalismo.ufsj.edu.br\/van\/wp-content\/uploads\/2017\/04\/DSC_0428.jpg\" alt=\"FOTO\/VAN: Scarlet Freitas\" width=\"1494\" height=\"1000\" srcset=\"http:\/\/jornalismo.ufsj.edu.br\/van\/wp-content\/uploads\/2017\/04\/DSC_0428.jpg 1494w, http:\/\/jornalismo.ufsj.edu.br\/van\/wp-content\/uploads\/2017\/04\/DSC_0428-300x201.jpg 300w, http:\/\/jornalismo.ufsj.edu.br\/van\/wp-content\/uploads\/2017\/04\/DSC_0428-768x514.jpg 768w, http:\/\/jornalismo.ufsj.edu.br\/van\/wp-content\/uploads\/2017\/04\/DSC_0428-1024x685.jpg 1024w\" sizes=\"auto, (max-width: 1494px) 100vw, 1494px\" \/><\/a><figcaption id=\"caption-attachment-6255\" class=\"wp-caption-text\">FOTO\/VAN: Scarlet Freitas<\/figcaption><\/figure>\n<p><span style=\"font-weight: 400;\">\u201cSubir no palco \u00e9 o grande momento da profiss\u00e3o. Sem voc\u00eas, n\u00e3o teria gra\u00e7a\u201d, contou o cantor e compositor Nando Reis em sua primeira fala ao p\u00fablico durante o show realizado na noite de ontem, 22, em Tiradentes &#8211; MG. Com 2h30min de dura\u00e7\u00e3o e apoiada nos principais sucessos de Nando, a apresenta\u00e7\u00e3o do primeiro Festival da Liberdade agradou aos f\u00e3s que encheram o Parque das Abelhas.<\/span><\/p>\n<p><span style=\"font-weight: 400;\">A entrada do p\u00fablico no pequeno espa\u00e7o do Parque foi liberada por volta das 22h. O espa\u00e7o foi dividido entre dois ambientes, a pista comum (com ingressos a R$50 no segundo lote) e o camarote (com ingressos a R$130). Ambos lotados. Somente \u00e0s 23h:33min a banda de abertura, James Baby, subiu ao palco. Os 50 minutos de show pareceram distrair o p\u00fablico, apesar do repert\u00f3rio gen\u00e9rico e raso, baseado em fracas vers\u00f5es <\/span><i><span style=\"font-weight: 400;\">rock and roll<\/span><\/i><span style=\"font-weight: 400;\"> de hits j\u00e1 conhecidos. Uma banda de perfil enlatado, que parece ter surgido de um <\/span><i><span style=\"font-weight: 400;\">reality show<\/span><\/i><span style=\"font-weight: 400;\"> musical.<\/span><\/p>\n<p><span style=\"font-weight: 400;\">\u00c0 01h:12min, Nando Reis e sua banda subiram ao palco, para al\u00edvio e felicidade das pessoas que esperaram por 3 horas. Durante os primeiros quinze minutos de show, estiveram presentes as can\u00e7\u00f5es de <\/span><i><span style=\"font-weight: 400;\">Jardim Pomar<\/span><\/i><span style=\"font-weight: 400;\">, \u00e1lbum mais recente de Nando. A plateia parecia pouco familiarizada com o repert\u00f3rio. Ouvir os sucessos do cantor era seu maior interesse, o que ficou claro quando o refr\u00e3o de \u201cMarvin\u201d foi cantado em coro. \u201cSegundo Sol\u201d arrancou suspiros da plateia.<\/span><\/p>\n<p><span style=\"font-weight: 400;\">Na turn\u00ea Jardim Pomar, Nando Reis conta com uma banda formada por m\u00fasicos experientes e entrosados, que divertem-se no palco. A execu\u00e7\u00e3o \u00e9 boa, embora a qualidade de algumas can\u00e7\u00f5es seja bastante duvidosa. Prevalece a monotonia do pop rock.<\/span><\/p>\n<p><span style=\"font-weight: 400;\">O p\u00fablico era formado por um grande n\u00famero de casais, o que diz muito a respeito da fase em que a obra do artista se encontra desde que deixou os Tit\u00e3s. Vemos Nando Reis comedido e cort\u00eas, apresentando um repert\u00f3rio de m\u00fasicas rom\u00e2nticas que n\u00e3o fazem mal a ningu\u00e9m. <\/span><\/p>\n<p><span style=\"font-weight: 400;\">Quando os sucessos de Nando surgiram em sequ\u00eancia, na metade final do show, tudo pareceu funcionar melhor, tanto para a audi\u00eancia quanto para os m\u00fasicos no palco. Sua figura carism\u00e1tica e o fato de o Parque das Abelhas ser um espa\u00e7o pequeno contribu\u00edram para criar uma atmosfera de proximidade entre o artista e seus f\u00e3s. Aqueles que esperavam por maior intera\u00e7\u00e3o entre Nando e a plateia, voltaram para casa decepcionados. Aqueles que pagaram mais caro para ter a chance de fugir do aperto da pista comum, idem.<\/span><\/p>\n<p><span style=\"font-weight: 400;\">Ao final, \u201cDo seu lado\u201d encerrou a boa apresenta\u00e7\u00e3o na noite agrad\u00e1vel de s\u00e1bado, em Tiradentes. \u201cVoc\u00eas s\u00e3o muito\u2026 generosos\u201d, exclamou Nando Reis ao se dirigir ao p\u00fablico pela \u00faltima vez. As luzes ent\u00e3o se apagaram, e as pessoas deixaram o Parque das Abelhas claramente satisfeitas.<\/span><\/p>\n<p><span style=\"font-weight: 400;\"><strong>Texto\/VAN:<\/strong> Jo\u00e3o Vitor Bessa<\/span><\/p>\n","protected":false},"excerpt":{"rendered":"<p>Com repert\u00f3rio recheado de sucessos, o cantor se apresentou para cerca de 3 mil pessoas em Tiradentes \u201cSubir no palco \u00e9 o grande momento da profiss\u00e3o. Sem voc\u00eas, n\u00e3o teria<\/p>\n","protected":false},"author":2,"featured_media":6251,"comment_status":"open","ping_status":"open","sticky":false,"template":"","format":"standard","meta":{"_monsterinsights_skip_tracking":false,"_monsterinsights_sitenote_active":false,"_monsterinsights_sitenote_note":"","_monsterinsights_sitenote_category":0,"_themeisle_gutenberg_block_has_review":false,"cybocfi_hide_featured_image":"","footnotes":""},"categories":[13,19],"tags":[],"class_list":["post-6281","post","type-post","status-publish","format-standard","has-post-thumbnail","hentry","category-cultura","category-tiradentes"],"_links":{"self":[{"href":"http:\/\/jornalismo.ufsj.edu.br\/van\/wp-json\/wp\/v2\/posts\/6281","targetHints":{"allow":["GET"]}}],"collection":[{"href":"http:\/\/jornalismo.ufsj.edu.br\/van\/wp-json\/wp\/v2\/posts"}],"about":[{"href":"http:\/\/jornalismo.ufsj.edu.br\/van\/wp-json\/wp\/v2\/types\/post"}],"author":[{"embeddable":true,"href":"http:\/\/jornalismo.ufsj.edu.br\/van\/wp-json\/wp\/v2\/users\/2"}],"replies":[{"embeddable":true,"href":"http:\/\/jornalismo.ufsj.edu.br\/van\/wp-json\/wp\/v2\/comments?post=6281"}],"version-history":[{"count":1,"href":"http:\/\/jornalismo.ufsj.edu.br\/van\/wp-json\/wp\/v2\/posts\/6281\/revisions"}],"predecessor-version":[{"id":6282,"href":"http:\/\/jornalismo.ufsj.edu.br\/van\/wp-json\/wp\/v2\/posts\/6281\/revisions\/6282"}],"wp:featuredmedia":[{"embeddable":true,"href":"http:\/\/jornalismo.ufsj.edu.br\/van\/wp-json\/wp\/v2\/media\/6251"}],"wp:attachment":[{"href":"http:\/\/jornalismo.ufsj.edu.br\/van\/wp-json\/wp\/v2\/media?parent=6281"}],"wp:term":[{"taxonomy":"category","embeddable":true,"href":"http:\/\/jornalismo.ufsj.edu.br\/van\/wp-json\/wp\/v2\/categories?post=6281"},{"taxonomy":"post_tag","embeddable":true,"href":"http:\/\/jornalismo.ufsj.edu.br\/van\/wp-json\/wp\/v2\/tags?post=6281"}],"curies":[{"name":"wp","href":"https:\/\/api.w.org\/{rel}","templated":true}]}}