{"id":582,"date":"2013-08-24T20:30:00","date_gmt":"2013-08-24T20:30:00","guid":{"rendered":"http:\/\/jornalismo.ufsj.edu.br\/van\/?p=582"},"modified":"2013-08-24T20:30:00","modified_gmt":"2013-08-24T20:30:00","slug":"prefeitura-municipal-implantara-o","status":"publish","type":"post","link":"http:\/\/jornalismo.ufsj.edu.br\/van\/prefeitura-municipal-implantara-o\/","title":{"rendered":"Prefeitura Municipal implantar\u00e1 o projeto &#8220;Cidade limpa&#8221;"},"content":{"rendered":"<div class=\"separator\" style=\"clear: both; text-align: center;\">\n<a href=\"http:\/\/1.bp.blogspot.com\/-3uT18FNBC-Y\/UhkSJs_mOpI\/AAAAAAAACLc\/3OFXHFcEaQY\/s1600\/photolixo.jpg\" imageanchor=\"1\" style=\"margin-left: 1em; margin-right: 1em;\"><img loading=\"lazy\" decoding=\"async\" border=\"0\" height=\"300\" src=\"http:\/\/1.bp.blogspot.com\/-3uT18FNBC-Y\/UhkSJs_mOpI\/AAAAAAAACLc\/3OFXHFcEaQY\/s400\/photolixo.jpg\" width=\"400\" \/><\/a><\/div>\n<div style=\"text-align: justify;\">\n<\/div>\n<div style=\"text-align: justify;\">\nS\u00e3o Jo\u00e3o del-Rei enfrenta atualmente um problema com a quest\u00e3o do lixo e a limpeza da cidade. Moradores apontam que a quantidade de lixeiras \u00e9 insuficiente, agravando o problema. Diante disso, a Prefeitura Municipal criou o projeto &#8220;Cidade Limpa&#8221; que objetiva conscientizar a popula\u00e7\u00e3o e aumentar o n\u00famero de lixeiras.<\/div>\n<div style=\"text-align: justify;\">\n<\/div>\n<div style=\"text-align: justify;\">\nO estudante Marco T\u00falio, 24, alega que a cidade realmente est\u00e1 deficiente em rela\u00e7\u00e3o \u00e0 limpeza urbana. Para ele, \u00e9 decepcionante ver a cidade, que \u00e9 patrim\u00f4nio hist\u00f3rico, com lixo espalhado pela cal\u00e7ada e acumulado em lotes. O estudante conta que sabe da exist\u00eancia do projeto da prefeitura e quer v\u00ea-lo &#8220;saindo do papel&#8221;.<\/div>\n<div style=\"text-align: justify;\">\n<\/div>\n<div style=\"text-align: justify;\">\n&#8220;Acredito que dentro de quinze dias, um m\u00eas no m\u00e1ximo, j\u00e1 soltaremos esse projeto&#8221;, relata o secret\u00e1rio de infraestrutura urbana e obras, Jo\u00e3o Afonso. Segundo o secret\u00e1rio, o projeto contempla uma parceria p\u00fablica privada dos empres\u00e1rios com a prefeitura, no sentido que os empres\u00e1rios patrocinem as lixeiras e a prefeitura organize e regulamente os espa\u00e7os e a forma onde v\u00e3o ser colocadas as lixeiras.&nbsp;<\/div>\n<div style=\"text-align: justify;\">\n<\/div>\n<div style=\"text-align: justify;\">\nA preocupa\u00e7\u00e3o por parte da popula\u00e7\u00e3o \u00e9 a falta de educa\u00e7\u00e3o e vigil\u00e2ncia, uma vez que as lixeiras s\u00e3o constantemente vandalizadas, segundo a moradora e faxineira de SJDR, Sandra Ferreira.<\/div>\n<div style=\"text-align: justify;\">\n<\/div>\n<div style=\"text-align: justify;\">\nPara Marco T\u00falio, &#8220;deve haver campanhas de conscientiza\u00e7\u00e3o e est\u00edmulos \u00e0s associa\u00e7\u00f5es que j\u00e1 desenvolvem coleta e reciclagem de res\u00edduos, como a ASCAS (Associa\u00e7\u00e3o dos catadores de lixo) e a ONG Atua\u00e7\u00e3o\u201d. O secret\u00e1rio tamb\u00e9m defende a import\u00e2ncia de trabalhar a educa\u00e7\u00e3o, pois a cidade n\u00e3o est\u00e1 habituada a essa ideia.&nbsp;<\/div>\n<div style=\"text-align: justify;\">\n<\/div>\n<div style=\"text-align: justify;\">\nDe acordo com Jo\u00e3o Afonso, o primeiro passo ser\u00e1 dado com a implanta\u00e7\u00e3o de um n\u00famero maior de lixeiras, sendo que o modelo delas foi desenvolvido para separar o lixo \u00famido do lixo seco. Ele acrescenta que, para o futuro, o projeto ser\u00e1 efetivar a constru\u00e7\u00e3o de um aterro sanit\u00e1rio e desenvolver a coleta seletiva, que poder\u00e1 ser realizada pela ASCAS.&nbsp;<\/div>\n<div style=\"text-align: justify;\">\n<\/div>\n<div style=\"text-align: justify;\">\nVAN\/Larissa<br \/>\nGarcia e Ana Beatriz Luz<\/div>\n<div style=\"text-align: justify;\">\nFoto: Ana Beatriz Luz<\/div>\n<div style=\"text-align: justify;\">\n<\/div>\n<div>\n<\/div>\n","protected":false},"excerpt":{"rendered":"<p>S\u00e3o Jo\u00e3o del-Rei enfrenta atualmente um problema com a quest\u00e3o do lixo e a limpeza da cidade. Moradores apontam que a quantidade de lixeiras \u00e9 insuficiente, agravando o problema. Diante<\/p>\n","protected":false},"author":2,"featured_media":0,"comment_status":"open","ping_status":"open","sticky":false,"template":"","format":"standard","meta":{"_monsterinsights_skip_tracking":false,"_monsterinsights_sitenote_active":false,"_monsterinsights_sitenote_note":"","_monsterinsights_sitenote_category":0,"_themeisle_gutenberg_block_has_review":false,"cybocfi_hide_featured_image":"","footnotes":""},"categories":[1],"tags":[156,14],"class_list":["post-582","post","type-post","status-publish","format-standard","hentry","category-sem-categoria","tag-meio-ambiente","tag-sao-joao-del-rei"],"_links":{"self":[{"href":"http:\/\/jornalismo.ufsj.edu.br\/van\/wp-json\/wp\/v2\/posts\/582","targetHints":{"allow":["GET"]}}],"collection":[{"href":"http:\/\/jornalismo.ufsj.edu.br\/van\/wp-json\/wp\/v2\/posts"}],"about":[{"href":"http:\/\/jornalismo.ufsj.edu.br\/van\/wp-json\/wp\/v2\/types\/post"}],"author":[{"embeddable":true,"href":"http:\/\/jornalismo.ufsj.edu.br\/van\/wp-json\/wp\/v2\/users\/2"}],"replies":[{"embeddable":true,"href":"http:\/\/jornalismo.ufsj.edu.br\/van\/wp-json\/wp\/v2\/comments?post=582"}],"version-history":[{"count":0,"href":"http:\/\/jornalismo.ufsj.edu.br\/van\/wp-json\/wp\/v2\/posts\/582\/revisions"}],"wp:attachment":[{"href":"http:\/\/jornalismo.ufsj.edu.br\/van\/wp-json\/wp\/v2\/media?parent=582"}],"wp:term":[{"taxonomy":"category","embeddable":true,"href":"http:\/\/jornalismo.ufsj.edu.br\/van\/wp-json\/wp\/v2\/categories?post=582"},{"taxonomy":"post_tag","embeddable":true,"href":"http:\/\/jornalismo.ufsj.edu.br\/van\/wp-json\/wp\/v2\/tags?post=582"}],"curies":[{"name":"wp","href":"https:\/\/api.w.org\/{rel}","templated":true}]}}