{"id":578,"date":"2013-08-28T03:30:00","date_gmt":"2013-08-28T03:30:00","guid":{"rendered":"http:\/\/jornalismo.ufsj.edu.br\/van\/?p=578"},"modified":"2013-08-28T03:30:00","modified_gmt":"2013-08-28T03:30:00","slug":"associacao-promove-castracao-de-animais","status":"publish","type":"post","link":"http:\/\/jornalismo.ufsj.edu.br\/van\/associacao-promove-castracao-de-animais\/","title":{"rendered":"Associa\u00e7\u00e3o promove castra\u00e7\u00e3o de animais de rua em Dores de Campos"},"content":{"rendered":"<div class=\"separator\" style=\"clear: both; text-align: center;\">\n<a href=\"http:\/\/4.bp.blogspot.com\/-NxTz4e9OZqE\/Uh1iMDLsNtI\/AAAAAAAACMo\/x0lu6irRBmo\/s1600\/_DSC0043.JPG\" imageanchor=\"1\" style=\"margin-left: 1em; margin-right: 1em;\"><img loading=\"lazy\" decoding=\"async\" border=\"0\" height=\"263\" src=\"http:\/\/4.bp.blogspot.com\/-NxTz4e9OZqE\/Uh1iMDLsNtI\/AAAAAAAACMo\/x0lu6irRBmo\/s400\/_DSC0043.JPG\" width=\"400\" \/><\/a><\/div>\n<div style=\"text-align: justify;\">\n<\/div>\n<div style=\"text-align: justify;\">\nOs animais abandonados pelas ruas constituem um problema grave em Dores de Campos. Pensando nisso, em fevereiro de 2013, foi criada a Associa\u00e7\u00e3o Amigos dos Animais de Dores de Campos (AMA-DC). Essa foi uma iniciativa do vereador Olinto Evandro, juntamente com a fisioterapeuta L\u00edvia Arruda, a vendedora Germana Rezende e o empres\u00e1rio Wellerson Arruda. Os principais objetivos da associa\u00e7\u00e3o protetora dos animais s\u00e3o a castra\u00e7\u00e3o de cachorros e gatos de rua.<\/p>\n<p>Um dos incentivos que os levaram \u00e0 cria\u00e7\u00e3o da Associa\u00e7\u00e3o est\u00e1 relacionado aos chamados \u201cprotetores de cachorros\u201d, que, na sua maioria, cuidam como podem destes animais que vagam pela cidade. Segundo a Presidente da Associa\u00e7\u00e3o, L\u00edvia Arruda, j\u00e1 est\u00e3o sendo gerados bons resultados.&nbsp;<\/p>\n<p>L\u00edvia explica que os animais castrados ficam em uma casa cedida pelo tesoureiro da Associa\u00e7\u00e3o, Wellerson. Conta tamb\u00e9m que os cachorros ficam, em m\u00e9dia, 15 dias na casa, tempo de recupera\u00e7\u00e3o da cirurgia, mas depois voltam para a rua, se n\u00e3o forem adotados neste per\u00edodo. A Presidente explica que n\u00e3o h\u00e1 a inten\u00e7\u00e3o de abrir um canil, mas sim diminuir o n\u00famero de animais nas ruas, castrando os animais e orientando a popula\u00e7\u00e3o. \u201cCanil \u00e9 um dep\u00f3sito de bichos. Pelo menos eles n\u00e3o v\u00e3o entrar no cio\u201d, diz L\u00edvia.&nbsp;<\/p>\n<p>A AMA-DC arrecada fundos atrav\u00e9s de associados, empresas e produtos. &nbsp;\u201cEstamos com uma m\u00e9dia de 100 associados e oito empresas patrocinadoras\u201d, diz L\u00edvia. A fisioterapeuta ressalta que a arrecada\u00e7\u00e3o ainda \u00e9 pequena para atingir a meta da Associa\u00e7\u00e3o, que \u00e9 de castrar dez c\u00e3es por semana.&nbsp;<\/p>\n<p>Para o administrador de loja e-commerce, Alcir J\u00fanior, a Associa\u00e7\u00e3o foi uma \u00f3tima iniciativa para evitar novos animais nas ruas. J\u00e1 a estudante Graziele Silva comenta que, da mesma forma que a associa\u00e7\u00e3o tem tido bons resultados a partir da castra\u00e7\u00e3o desses animais, \u00e9 importante que seja dado suporte tamb\u00e9m aos animais que est\u00e3o atualmente nas ruas. \u201cAs ruas est\u00e3o cheias de cachorros, evitar o aumento da popula\u00e7\u00e3o canina \u00e9 essencial\u201d, comenta.<\/p>\n<p>Como ajudar<\/p>\n<p>Para ajudar, as pessoas podem se associar. Basta procurar um dos integrantes da Associa\u00e7\u00e3o ou ent\u00e3o se dirigir \u00e0 S&amp;S Inform\u00e1tica, caso residam na cidade. Moradores de outras localidades podem se associar pelo telefone: (32) 9991-2039. Qualquer quantia acima de R$1 \u00e9 aceita como doa\u00e7\u00e3o.&nbsp;<\/p>\n<\/div>\n<div style=\"text-align: justify;\">\nVAN\/Raquel Lopes<\/div>\n<div style=\"text-align: justify;\">\nFoto: Ana Claudia Lima<\/div>\n<div style=\"text-align: justify;\">\n<\/div>\n<p><\/p>\n","protected":false},"excerpt":{"rendered":"<p>Os animais abandonados pelas ruas constituem um problema grave em Dores de Campos. Pensando nisso, em fevereiro de 2013, foi criada a Associa\u00e7\u00e3o Amigos dos Animais de Dores de Campos<\/p>\n","protected":false},"author":2,"featured_media":0,"comment_status":"open","ping_status":"open","sticky":false,"template":"","format":"standard","meta":{"_monsterinsights_skip_tracking":false,"_monsterinsights_sitenote_active":false,"_monsterinsights_sitenote_note":"","_monsterinsights_sitenote_category":0,"_themeisle_gutenberg_block_has_review":false,"cybocfi_hide_featured_image":"","footnotes":""},"categories":[1],"tags":[169,156],"class_list":["post-578","post","type-post","status-publish","format-standard","hentry","category-sem-categoria","tag-dores-de-campos","tag-meio-ambiente"],"_links":{"self":[{"href":"http:\/\/jornalismo.ufsj.edu.br\/van\/wp-json\/wp\/v2\/posts\/578","targetHints":{"allow":["GET"]}}],"collection":[{"href":"http:\/\/jornalismo.ufsj.edu.br\/van\/wp-json\/wp\/v2\/posts"}],"about":[{"href":"http:\/\/jornalismo.ufsj.edu.br\/van\/wp-json\/wp\/v2\/types\/post"}],"author":[{"embeddable":true,"href":"http:\/\/jornalismo.ufsj.edu.br\/van\/wp-json\/wp\/v2\/users\/2"}],"replies":[{"embeddable":true,"href":"http:\/\/jornalismo.ufsj.edu.br\/van\/wp-json\/wp\/v2\/comments?post=578"}],"version-history":[{"count":0,"href":"http:\/\/jornalismo.ufsj.edu.br\/van\/wp-json\/wp\/v2\/posts\/578\/revisions"}],"wp:attachment":[{"href":"http:\/\/jornalismo.ufsj.edu.br\/van\/wp-json\/wp\/v2\/media?parent=578"}],"wp:term":[{"taxonomy":"category","embeddable":true,"href":"http:\/\/jornalismo.ufsj.edu.br\/van\/wp-json\/wp\/v2\/categories?post=578"},{"taxonomy":"post_tag","embeddable":true,"href":"http:\/\/jornalismo.ufsj.edu.br\/van\/wp-json\/wp\/v2\/tags?post=578"}],"curies":[{"name":"wp","href":"https:\/\/api.w.org\/{rel}","templated":true}]}}