{"id":5700,"date":"2016-11-24T17:08:54","date_gmt":"2016-11-24T19:08:54","guid":{"rendered":"http:\/\/jornalismo.ufsj.edu.br\/van\/?p=5700"},"modified":"2016-11-24T17:16:06","modified_gmt":"2016-11-24T19:16:06","slug":"felit-comeca-hoje","status":"publish","type":"post","link":"http:\/\/jornalismo.ufsj.edu.br\/van\/felit-comeca-hoje\/","title":{"rendered":"Felit come\u00e7a hoje"},"content":{"rendered":"<p style=\"text-align: center;\"><em>Festival de Literatura homenageia o autor Ign\u00e1cio de Loyola Brand\u00e3o<\/em><\/p>\n<p>Logo mais, \u00e0s 19h, t\u00eam in\u00edcio\u00a0 a 10\u00aa edi\u00e7\u00e3o do\u00a0Festival de Literatura de S\u00e3o Jo\u00e3o del-Rei e Tiradentes. Neste ano, o autor homenageado \u00e9 Ign\u00e1cio de Loyola Lopes Brand\u00e3o, conhecido escritor de cr\u00f4nicas e romances da literatura brasileira. O Felit segue at\u00e9 s\u00e1bado (26) e tem entrada gratuita.<\/p>\n<figure id=\"attachment_5701\" aria-describedby=\"caption-attachment-5701\" style=\"width: 705px\" class=\"wp-caption aligncenter\"><img loading=\"lazy\" decoding=\"async\" class=\" wp-image-5701\" src=\"http:\/\/jornalismo.ufsj.edu.br\/van\/wp-content\/uploads\/2016\/11\/agenda-felit-300x157.png\" alt=\"ARTE\/VAN: Laila Zin\" width=\"705\" height=\"369\" srcset=\"http:\/\/jornalismo.ufsj.edu.br\/van\/wp-content\/uploads\/2016\/11\/agenda-felit-300x157.png 300w, http:\/\/jornalismo.ufsj.edu.br\/van\/wp-content\/uploads\/2016\/11\/agenda-felit-768x401.png 768w, http:\/\/jornalismo.ufsj.edu.br\/van\/wp-content\/uploads\/2016\/11\/agenda-felit-1024x535.png 1024w, http:\/\/jornalismo.ufsj.edu.br\/van\/wp-content\/uploads\/2016\/11\/agenda-felit.png 1200w\" sizes=\"auto, (max-width: 705px) 100vw, 705px\" \/><figcaption id=\"caption-attachment-5701\" class=\"wp-caption-text\">ARTE\/VAN: Laila Zin<\/figcaption><\/figure>\n<p>Diversas a\u00e7\u00f5es est\u00e3o sendo planejadas para os tr\u00eas dias de evento, neste ano, ocorrendo apenas em S\u00e3o Jo\u00e3o del-Rei, devido \u00e0 falta de recursos financeiros do evento. A atual crise impediu que o Felit tivesse sido realizado em setembro, \u00e9poca comum em que \u00e9 produzido.<\/p>\n<p>Hoje, (24) a programa\u00e7\u00e3o conta com a abertura da Exposi\u00e7\u00e3o SER HUMANO e da solenidade de inaugura\u00e7\u00e3o da edi\u00e7\u00e3o em\u00a0uma confer\u00eancia audiovisual com o autor, no Centro Cultural Feminino (CCF), localizado na Rua Marechal Bittencourt, 42\u00a0(Rua da Cacha\u00e7a). Paralelo ao evento, o Espa\u00e7o Grenat recebe a Feira de Livros do Felit durante todo os dias, de 8h \u00e0s 22h.<\/p>\n<p>Amanh\u00e3 (25), as atividades come\u00e7am pela manh\u00e3. Logo \u00e0s 10h, uma mesa redonda \u00e9 realizada no CCF, com a presen\u00e7a de Loyola, e dos artistas que contribu\u00edram com os <a href=\"http:\/\/jornalismo.ufsj.edu.br\/van\/literatura-e-gastronomia-um-par-perfeito\/\" target=\"_blank\">Banheiros Tem\u00e1ticos do Festival Gastron\u00f4mico do Felit<\/a>. Durante a tarde, \u00e0s 14h, atividades com os\u00a0alunos da escola\u00a0Sesi\u00a0Dom Bosco acontecem no Teatro Municipal- evento fechado, apenas para alunos e professores.<\/p>\n<p>Os alunos da Oficina de Jovens Autores do Felit lan\u00e7am\u00a0a obra\u00a0&#8220;Os meninos que queriam escrever um livro&#8221;, \u00e0s 19h, no Centro Cultural Feminino. Logo ap\u00f3s, acontece uma mesa redonda que discutir\u00e1 a literatura e educa\u00e7\u00e3o por meio dos textos de Loyola.<\/p>\n<p>Os tradicionais lan\u00e7amentos de livros durante o Felit acontecem no s\u00e1bado (26), encerrando a programa\u00e7\u00e3o do evento de 2016. Leandro Rocha lan\u00e7a &#8220;O Quarto Encantado&#8221;, na Taberna d&#8217;Omar, \u00e0s 18h30. A autora Luiza Teixeira Carvalho apresenta &#8220;Na Dan\u00e7a da Vida&#8221;, \u00e0s 20h, no Centro Cultural Feminino.\u00a0Em seguida, a cantora Lucinha Branca fecha as\u00a0portas do Festival de Literatura de S\u00e3o Jo\u00e3o del-Rei e Tiradentes, \u00e0s 20h30.<\/p>\n<p>&nbsp;<\/p>\n<p><strong>TEXTO\/VAN:<\/strong> Andreza de C\u00e1cia<\/p>\n<p>&nbsp;<\/p>\n","protected":false},"excerpt":{"rendered":"<p>Logo mais, \u00e0s 19h, come\u00e7a a 10\u00aa edi\u00e7\u00e3o do Felit. Acompanhe a cobertura da VAN UFSJ aqui:<\/p>\n","protected":false},"author":2,"featured_media":5701,"comment_status":"open","ping_status":"open","sticky":false,"template":"","format":"standard","meta":{"_monsterinsights_skip_tracking":false,"_monsterinsights_sitenote_active":false,"_monsterinsights_sitenote_note":"","_monsterinsights_sitenote_category":0,"_themeisle_gutenberg_block_has_review":false,"cybocfi_hide_featured_image":"","footnotes":""},"categories":[13,109,19],"tags":[62,275,634],"class_list":["post-5700","post","type-post","status-publish","format-standard","has-post-thumbnail","hentry","category-cultura","category-sao-joao-del-rei-microrregiao-de-sao-joao-del-rei","category-tiradentes","tag-felit","tag-festival-de-literatura-de-sao-joao-del-rei-e-tiradentes","tag-x-felit"],"_links":{"self":[{"href":"http:\/\/jornalismo.ufsj.edu.br\/van\/wp-json\/wp\/v2\/posts\/5700","targetHints":{"allow":["GET"]}}],"collection":[{"href":"http:\/\/jornalismo.ufsj.edu.br\/van\/wp-json\/wp\/v2\/posts"}],"about":[{"href":"http:\/\/jornalismo.ufsj.edu.br\/van\/wp-json\/wp\/v2\/types\/post"}],"author":[{"embeddable":true,"href":"http:\/\/jornalismo.ufsj.edu.br\/van\/wp-json\/wp\/v2\/users\/2"}],"replies":[{"embeddable":true,"href":"http:\/\/jornalismo.ufsj.edu.br\/van\/wp-json\/wp\/v2\/comments?post=5700"}],"version-history":[{"count":2,"href":"http:\/\/jornalismo.ufsj.edu.br\/van\/wp-json\/wp\/v2\/posts\/5700\/revisions"}],"predecessor-version":[{"id":5703,"href":"http:\/\/jornalismo.ufsj.edu.br\/van\/wp-json\/wp\/v2\/posts\/5700\/revisions\/5703"}],"wp:featuredmedia":[{"embeddable":true,"href":"http:\/\/jornalismo.ufsj.edu.br\/van\/wp-json\/wp\/v2\/media\/5701"}],"wp:attachment":[{"href":"http:\/\/jornalismo.ufsj.edu.br\/van\/wp-json\/wp\/v2\/media?parent=5700"}],"wp:term":[{"taxonomy":"category","embeddable":true,"href":"http:\/\/jornalismo.ufsj.edu.br\/van\/wp-json\/wp\/v2\/categories?post=5700"},{"taxonomy":"post_tag","embeddable":true,"href":"http:\/\/jornalismo.ufsj.edu.br\/van\/wp-json\/wp\/v2\/tags?post=5700"}],"curies":[{"name":"wp","href":"https:\/\/api.w.org\/{rel}","templated":true}]}}