{"id":561,"date":"2013-09-18T00:52:00","date_gmt":"2013-09-18T00:52:00","guid":{"rendered":"http:\/\/jornalismo.ufsj.edu.br\/van\/?p=561"},"modified":"2013-09-18T00:52:00","modified_gmt":"2013-09-18T00:52:00","slug":"periodo-de-chuvas-causa-transtornos","status":"publish","type":"post","link":"http:\/\/jornalismo.ufsj.edu.br\/van\/periodo-de-chuvas-causa-transtornos\/","title":{"rendered":"Per\u00edodo de chuvas causa transtornos para S\u00e3o Jo\u00e3o del-Rei"},"content":{"rendered":"<div class=\"ecxmsonormal\" style=\"background-color: white; background-position: initial initial; background-repeat: initial initial; line-height: 15.75pt; margin: 0cm 0cm 16.2pt; text-align: justify;\">\n<div class=\"separator\" style=\"clear: both; text-align: center;\">\n<\/div>\n<div class=\"separator\" style=\"clear: both; text-align: center;\">\n<a href=\"http:\/\/2.bp.blogspot.com\/-_qNIRBsvfw0\/UjkIZWhqq-I\/AAAAAAAACS0\/qp0fD-aHoNE\/s1600\/chuva.jpg\" imageanchor=\"1\" style=\"margin-left: 1em; margin-right: 1em;\"><img loading=\"lazy\" decoding=\"async\" border=\"0\" height=\"261\" src=\"http:\/\/2.bp.blogspot.com\/-_qNIRBsvfw0\/UjkIZWhqq-I\/AAAAAAAACS0\/qp0fD-aHoNE\/s400\/chuva.jpg\" width=\"400\" \/><\/a><\/div>\n<p><\/div>\n<div class=\"ecxmsonormal\" style=\"background-color: white; background-position: initial initial; background-repeat: initial initial; line-height: 15.75pt; margin: 0cm 0cm 16.2pt; text-align: justify;\">\nS\u00e3o Jo\u00e3o del-Rei, anualmente, enfrenta<br \/>\ngraves problemas com as chuvas, principalmente na \u00e9poca das cheias. Em janeiro<br \/>\nde 2012, ruas ficaram interditadas, fam\u00edlias desalojadas e, inclusive,<br \/>\nocorreram mortes. Este ano a Defesa Civil, em parceria com a Prefeitura<br \/>\nMunicipal, lan\u00e7ou o &#8220;Plano de Conting\u00eancia de Prote\u00e7\u00e3o e Defesa Civil do<br \/>\nMunic\u00edpio&#8221; com o objetivo de garantir a integridade f\u00edsica e moral da<br \/>\npopula\u00e7\u00e3o, bem como a preserva\u00e7\u00e3o do patrim\u00f4nio p\u00fablico.<\/div>\n<div class=\"ecxs2\" style=\"background-color: white; background-position: initial initial; background-repeat: initial initial; line-height: 15.75pt; margin: 0cm 0cm 16.2pt; text-align: justify;\">\nSegundo o chefe da Defesa Civil de<br \/>\nSJDR, Maurilio Andrade, o plano est\u00e1 direcionado principalmente \u00e0s quest\u00f5es que<br \/>\nmais afetam a cidade: as inunda\u00e7\u00f5es e deslizamentos de terra.&nbsp;\u201cN\u00f3s n\u00e3o temos como<br \/>\nevitar um desastre da&nbsp;natureza. Ent\u00e3o a nossa posi\u00e7\u00e3o se trata, praticamente, &nbsp;da preven\u00e7\u00e3o e de como facilitar a vida dos<br \/>\ncidad\u00e3os para que a rotina volte ao normal, ap\u00f3s o desastre\u201d, declara.<\/div>\n<div class=\"ecxs2\" style=\"background-color: white; background-position: initial initial; background-repeat: initial initial; line-height: 15.75pt; margin: 0cm 0cm 16.2pt; text-align: justify;\">\nDe acordo com Maur\u00edlio, no&nbsp;plano de<br \/>\nconting\u00eancia, existe um cronograma de a\u00e7\u00f5es e cada secretaria recebeu uma c\u00f3pia<br \/>\ndeste plano. Nele, encontra-se como est\u00e3o sendo trabalhados os meses de agosto<br \/>\na setembro, com dados sobre a forma de preven\u00e7\u00e3o utilizada; a situa\u00e7\u00e3o dos<br \/>\nlocais; a a\u00e7\u00e3o efetivada para melhoria; os meios empregados, entre outros.<\/div>\n<div class=\"ecxmsonormal\" style=\"background-color: white; background-position: initial initial; background-repeat: initial initial; line-height: 15.75pt; margin: 0cm 0cm 16.2pt; text-align: justify;\">\nPara a coordenadora<br \/>\nde uso e parcelamento do solo, Ana L\u00facia Louren\u00e7o \u2013 que representa Maria Cristina<br \/>\nAlves Pereira, secret\u00e1ria de&nbsp;desenvolvimento urbano e sustentabilidade -,<br \/>\na parte a elas designada \u00e9 a paisag\u00edstica da cidade. \u201cA secretaria do meio<br \/>\nambiente n\u00e3o trabalha diretamente com a preven\u00e7\u00e3o da enchente. O que a gente<br \/>\nfaz pra poder evitar s\u00e3o: a limpeza dos parques, dos jardins da cidade, para<br \/>\nque o ac\u00famulo de sujeira e vegeta\u00e7\u00e3o nos jardins, n\u00e3o entupa os bueiros, n\u00e3o v\u00e1<br \/>\npara os c\u00f3rregos, n\u00e3o assoreie os c\u00f3rregos\u201d, explica a coordenadora.<\/div>\n<div class=\"ecxmsonormal\" style=\"background-color: white; background-position: initial initial; background-repeat: initial initial; line-height: 15.75pt; margin: 0cm 0cm 16.2pt; text-align: justify;\">\n&nbsp;Segundo Ana<br \/>\nL\u00facia, a secretaria do meio ambiente tamb\u00e9m ajuda na educa\u00e7\u00e3o ambiental<br \/>\nconscientizando a popula\u00e7\u00e3o atrav\u00e9s de alguns trabalhos espec\u00edficos nos<br \/>\nbairros, confer\u00eancias pra conscientizar a n\u00e3o jogar lixo em local inapropriado&nbsp;para<br \/>\nque evite aterro e corte de \u00e1rvore em locais inapropriados.<\/div>\n<div class=\"ecxmsonormal\" style=\"background-color: white; background-position: initial initial; background-repeat: initial initial; line-height: 15.75pt; margin: 0cm 0cm 16.2pt; text-align: justify;\">\n&nbsp;A estudante de arquitetura da UFSJ, Tatiane<br \/>\nEstevan, acredita que S\u00e3o Jo\u00e3o del-Rei deixa a desejar na sua infraestrutura.<br \/>\n\u201cA cidade n\u00e3o est\u00e1 preparada para qualquer tipo de chuva. A situa\u00e7\u00e3o pode<br \/>\nmelhorar se os governantes tomarem medidas imediatas e tamb\u00e9m avisarem aos<br \/>\nmoradores, que moram em zonas de risco, os perigos que correm ao viver naquele<br \/>\nlocal\u201d, finaliza a estudante.<\/div>\n<div class=\"ecxmsonormal\" style=\"background-color: white; background-position: initial initial; background-repeat: initial initial; line-height: 15.75pt; margin: 0cm 0cm 16.2pt; text-align: justify;\">\n<\/div>\n<div class=\"ecxmsonormal\" style=\"background-color: white; background-position: initial initial; background-repeat: initial initial; line-height: 15.75pt; margin: 0cm 0cm 16.2pt; text-align: justify;\">\nVAN\/Fernanda Rezende, Larissa Garcia e Gisele Puygcerver<br \/>\nFoto:Marlon de Paula<\/div>\n","protected":false},"excerpt":{"rendered":"<p>S\u00e3o Jo\u00e3o del-Rei, anualmente, enfrenta graves problemas com as chuvas, principalmente na \u00e9poca das cheias. Em janeiro de 2012, ruas ficaram interditadas, fam\u00edlias desalojadas e, inclusive, ocorreram mortes. Este ano<\/p>\n","protected":false},"author":2,"featured_media":0,"comment_status":"open","ping_status":"open","sticky":false,"template":"","format":"standard","meta":{"_monsterinsights_skip_tracking":false,"_monsterinsights_sitenote_active":false,"_monsterinsights_sitenote_note":"","_monsterinsights_sitenote_category":0,"_themeisle_gutenberg_block_has_review":false,"cybocfi_hide_featured_image":"","footnotes":""},"categories":[1],"tags":[149,156,14],"class_list":["post-561","post","type-post","status-publish","format-standard","hentry","category-sem-categoria","tag-cidades","tag-meio-ambiente","tag-sao-joao-del-rei"],"_links":{"self":[{"href":"http:\/\/jornalismo.ufsj.edu.br\/van\/wp-json\/wp\/v2\/posts\/561","targetHints":{"allow":["GET"]}}],"collection":[{"href":"http:\/\/jornalismo.ufsj.edu.br\/van\/wp-json\/wp\/v2\/posts"}],"about":[{"href":"http:\/\/jornalismo.ufsj.edu.br\/van\/wp-json\/wp\/v2\/types\/post"}],"author":[{"embeddable":true,"href":"http:\/\/jornalismo.ufsj.edu.br\/van\/wp-json\/wp\/v2\/users\/2"}],"replies":[{"embeddable":true,"href":"http:\/\/jornalismo.ufsj.edu.br\/van\/wp-json\/wp\/v2\/comments?post=561"}],"version-history":[{"count":0,"href":"http:\/\/jornalismo.ufsj.edu.br\/van\/wp-json\/wp\/v2\/posts\/561\/revisions"}],"wp:attachment":[{"href":"http:\/\/jornalismo.ufsj.edu.br\/van\/wp-json\/wp\/v2\/media?parent=561"}],"wp:term":[{"taxonomy":"category","embeddable":true,"href":"http:\/\/jornalismo.ufsj.edu.br\/van\/wp-json\/wp\/v2\/categories?post=561"},{"taxonomy":"post_tag","embeddable":true,"href":"http:\/\/jornalismo.ufsj.edu.br\/van\/wp-json\/wp\/v2\/tags?post=561"}],"curies":[{"name":"wp","href":"https:\/\/api.w.org\/{rel}","templated":true}]}}