{"id":5509,"date":"2016-10-16T09:00:56","date_gmt":"2016-10-16T11:00:56","guid":{"rendered":"http:\/\/jornalismo.ufsj.edu.br\/van\/?p=5509"},"modified":"2016-10-16T08:50:41","modified_gmt":"2016-10-16T10:50:41","slug":"tempos-de-infancia-la-em-cordeiro","status":"publish","type":"post","link":"http:\/\/jornalismo.ufsj.edu.br\/van\/tempos-de-infancia-la-em-cordeiro\/","title":{"rendered":"Tempos de inf\u00e2ncia l\u00e1 em Cordeiro"},"content":{"rendered":"<p style=\"text-align: center;\"><i>Que saudade dos meus tempos de inf\u00e2ncia!<\/i><\/p>\n<p>Cresci em Cordeiro. Minha pequena Cordeiro, acanhada, calma, cercada pela Serra fluminense. E quanto mais eu crescia, mais mergulhava na cidade, mais a cidade mergulhava em mim. Cresci acanhado, calmo, cercado pela serra fluminense. Cresci em Cordeiro.<\/p>\n<figure id=\"attachment_5510\" aria-describedby=\"caption-attachment-5510\" style=\"width: 768px\" class=\"wp-caption aligncenter\"><img loading=\"lazy\" decoding=\"async\" class=\"wp-image-5510 size-full\" src=\"http:\/\/jornalismo.ufsj.edu.br\/van\/wp-content\/uploads\/2016\/10\/nana.jpeg\" alt=\"FOTO: Arquivo pessoal de Jo\u00e3o Vitor Bessa\" width=\"768\" height=\"1280\" srcset=\"http:\/\/jornalismo.ufsj.edu.br\/van\/wp-content\/uploads\/2016\/10\/nana.jpeg 768w, http:\/\/jornalismo.ufsj.edu.br\/van\/wp-content\/uploads\/2016\/10\/nana-180x300.jpeg 180w, http:\/\/jornalismo.ufsj.edu.br\/van\/wp-content\/uploads\/2016\/10\/nana-614x1024.jpeg 614w\" sizes=\"auto, (max-width: 768px) 100vw, 768px\" \/><figcaption id=\"caption-attachment-5510\" class=\"wp-caption-text\">FOTO: Arquivo pessoal de Jo\u00e3o Vitor Bessa<\/figcaption><\/figure>\n<p>Cresci na casa dos meus pais. Nem grande, nem pequena: do tamanho da gente. Nossa casa sempre de portas abertas aos parentes, aos amigos; sempre barulhenta, sempre viva. E ainda mais viva depois do dia em que meus pais entraram pela porta da frente com meu irm\u00e3o nos bra\u00e7os.<\/p>\n<p>Nossa casa sempre musical. Meu pai gostava de tocar seus CD\u2019s, minha m\u00e3e gostava de tocar seu viol\u00e3o. Logo cresci com gosto por tocar meus CD\u2019s, tocar meu viol\u00e3o, sendo eu sempre uma mistura dele e dela.<\/p>\n<p>Saudades do tempo em que n\u00e3o havia grandes preocupa\u00e7\u00f5es na vida e me bastava o carinho e a aten\u00e7\u00e3o de quem estava ao meu redor.<\/p>\n<p>Cordeiro era pequena, mas era o meu mundo. Vasto, cheio de gente, cheio de surpresas e com a forma de uma bola de futebol. Com os amigos eu desbravava esse mundo, gastava meus dias correndo pelas ruas do bairro, de uma quadra para a outra. A imagina\u00e7\u00e3o me levava longe. Mesmo sendo de longe um dos menos habilidosos com a bola nos p\u00e9s, eu me sentia um grande craque. A imagina\u00e7\u00e3o expandia meu mundinho t\u00e3o pequeno.<\/p>\n<p>Era feliz em meus tempos de crian\u00e7a. Feliz porque n\u00e3o me preocupava com a felicidade. Feliz porque a vida era simples, a paz era barata. Feliz porque sentia bem pr\u00f3ximo a mim o calor amor de meus pais e tinha ao meu alcance o carinho de av\u00f3, o que hoje s\u00f3 me faz transbordar de saudades.<\/p>\n<p>Logo fui crescendo, descobrindo outros gostos, conhecendo outros mundos. Os tempos de moleque foram ficando para tr\u00e1s, mas continuam frescos em minha mem\u00f3ria. Os tempos foram mudando e eu fui mudando de tal forma que em alguns momentos j\u00e1 n\u00e3o sabia ao certo se era o menino que crescia ou algu\u00e9m novo que surgia.<\/p>\n<p>\u00c9 como se o Presente fosse tudo o que est\u00e1 em frente de meus olhos, e o Passado tudo aquilo que est\u00e1 por tr\u00e1s de mim. Passado e presente coabitam o mesmo espa\u00e7o tempo, \u00e0 minha frente e \u00e0s minhas costas, penetrando meu corpo e juntando-se em uma coisa s\u00f3.<\/p>\n<p>Que saudade!<\/p>\n<p><b>TEXTO\/VAN:<\/b> Jo\u00e3o Vitor Bessa<\/p>\n<p><span style=\"border-radius: 2px; text-indent: 20px; width: auto; padding: 0px 4px 0px 0px; text-align: center; font: bold 11px\/20px 'Helvetica Neue',Helvetica,sans-serif; color: #ffffff; background: #bd081c  no-repeat scroll 3px 50% \/ 14px 14px; position: absolute; opacity: 1; z-index: 8675309; display: none; cursor: pointer;\">Salvar<\/span><\/p>\n","protected":false},"excerpt":{"rendered":"<p>&#8220;Cresci em Cordeiro. Minha pequena Cordeiro, acanhada, calma, cercada pela Serra fluminense. E quanto mais eu crescia, mais mergulhava na cidade, mais a cidade mergulhava em mim. Cresci acanhado, calmo, cercado pela serra fluminense. Cresci em Cordeiro.&#8221; Confira as mem\u00f3rias do nosso Rep\u00f3rter Jo\u00e3o Vitor Bessa sobre sua inf\u00e2ncia.<\/p>\n","protected":false},"author":2,"featured_media":5510,"comment_status":"open","ping_status":"open","sticky":false,"template":"","format":"standard","meta":{"_monsterinsights_skip_tracking":false,"_monsterinsights_sitenote_active":false,"_monsterinsights_sitenote_note":"","_monsterinsights_sitenote_category":0,"_themeisle_gutenberg_block_has_review":false,"cybocfi_hide_featured_image":"","footnotes":""},"categories":[10],"tags":[],"class_list":["post-5509","post","type-post","status-publish","format-standard","has-post-thumbnail","hentry","category-cronica"],"_links":{"self":[{"href":"http:\/\/jornalismo.ufsj.edu.br\/van\/wp-json\/wp\/v2\/posts\/5509","targetHints":{"allow":["GET"]}}],"collection":[{"href":"http:\/\/jornalismo.ufsj.edu.br\/van\/wp-json\/wp\/v2\/posts"}],"about":[{"href":"http:\/\/jornalismo.ufsj.edu.br\/van\/wp-json\/wp\/v2\/types\/post"}],"author":[{"embeddable":true,"href":"http:\/\/jornalismo.ufsj.edu.br\/van\/wp-json\/wp\/v2\/users\/2"}],"replies":[{"embeddable":true,"href":"http:\/\/jornalismo.ufsj.edu.br\/van\/wp-json\/wp\/v2\/comments?post=5509"}],"version-history":[{"count":3,"href":"http:\/\/jornalismo.ufsj.edu.br\/van\/wp-json\/wp\/v2\/posts\/5509\/revisions"}],"predecessor-version":[{"id":5513,"href":"http:\/\/jornalismo.ufsj.edu.br\/van\/wp-json\/wp\/v2\/posts\/5509\/revisions\/5513"}],"wp:featuredmedia":[{"embeddable":true,"href":"http:\/\/jornalismo.ufsj.edu.br\/van\/wp-json\/wp\/v2\/media\/5510"}],"wp:attachment":[{"href":"http:\/\/jornalismo.ufsj.edu.br\/van\/wp-json\/wp\/v2\/media?parent=5509"}],"wp:term":[{"taxonomy":"category","embeddable":true,"href":"http:\/\/jornalismo.ufsj.edu.br\/van\/wp-json\/wp\/v2\/categories?post=5509"},{"taxonomy":"post_tag","embeddable":true,"href":"http:\/\/jornalismo.ufsj.edu.br\/van\/wp-json\/wp\/v2\/tags?post=5509"}],"curies":[{"name":"wp","href":"https:\/\/api.w.org\/{rel}","templated":true}]}}