{"id":547,"date":"2013-10-02T03:04:00","date_gmt":"2013-10-02T03:04:00","guid":{"rendered":"http:\/\/jornalismo.ufsj.edu.br\/van\/?p=547"},"modified":"2013-10-02T03:04:00","modified_gmt":"2013-10-02T03:04:00","slug":"campanha-propoe-alternativas-ao-uso-de","status":"publish","type":"post","link":"http:\/\/jornalismo.ufsj.edu.br\/van\/campanha-propoe-alternativas-ao-uso-de\/","title":{"rendered":"Campanha prop\u00f5e alternativas ao uso de agrot\u00f3xicos"},"content":{"rendered":"<div class=\"separator\" style=\"clear: both; text-align: center;\">\n<a href=\"http:\/\/3.bp.blogspot.com\/-dXdfiS34xbs\/UkuL9tgz5TI\/AAAAAAAACWc\/1Tn3cEwFDJY\/s1600\/legumes.JPG\" imageanchor=\"1\" style=\"margin-left: 1em; margin-right: 1em;\"><img loading=\"lazy\" decoding=\"async\" border=\"0\" height=\"266\" src=\"http:\/\/3.bp.blogspot.com\/-dXdfiS34xbs\/UkuL9tgz5TI\/AAAAAAAACWc\/1Tn3cEwFDJY\/s400\/legumes.JPG\" width=\"400\" \/><\/a><\/div>\n<p>\nEm 2011, cerca de 60 organiza\u00e7\u00f5es sociais se uniram para dar visibilidade aos malef\u00edcios do uso de agrot\u00f3xicos no Brasil, fundando a Campanha Permanente Contra os Agrot\u00f3xicos. A campanha tem car\u00e1ter permanente pelo fato de ter como objetivo um processo de conscientiza\u00e7\u00e3o de toda a sociedade. Francis Guedes, membro da Coordena\u00e7\u00e3o Nacional da Campanha, explica que essa ser\u00e1 uma luta dif\u00edcil e extensa, em que ser\u00e3o necess\u00e1rios &nbsp;esfor\u00e7os cont\u00ednuos. Isso porque criticar a utiliza\u00e7\u00e3o de agrot\u00f3xicos significa criticar igualmente o modelo agr\u00edcola vigente no Brasil desde a d\u00e9cada de 60, hoje &nbsp;conhecido como agroneg\u00f3cio.&nbsp;<\/p>\n<p>Al\u00e9m de ser contr\u00e1ria aos agrot\u00f3xicos, a campanha tamb\u00e9m elabora e fortalece alternativas de agricultura n\u00e3o nocivas ao ambiente e \u00e0 vida. O modelo mais indicado \u00e9 a agroecologia, classificado como mais produtivo pelo relator especial da ONU para o direito \u00e0 alimenta\u00e7\u00e3o, em 2010, Olivier De Schutter.<\/p>\n<p>Eliane Novato, professora integrante do Grupo de Estudos em Sa\u00fade e Trabalho Rural da UFMG (Gestru-UFMG), ressalta que nada pode ser mudado de um dia para o outro. \u201cSer\u00e1 necess\u00e1ria uma substitui\u00e7\u00e3o gradual do modelo de produ\u00e7\u00e3o, pois fomos muito longe no modelo de agroneg\u00f3cio adotado\u201d, pontua.&nbsp;<\/p>\n<p>A pr\u00f3-atividade tem sido um dos princ\u00edpios da Campanha Contra os Agrot\u00f3xicos. Para dar visibilidade ao tema, est\u00e3o sendo organizadas a\u00e7\u00f5es em todo o pa\u00eds. Abaixo-assinados, protestos e informativos tem sido entregues \u00e0 popula\u00e7\u00e3o com o objetivo de restringir e fiscalizar o uso de agrot\u00f3xicos. \u201cEm algumas regi\u00f5es, conseguimos at\u00e9 a proibi\u00e7\u00e3o da pulveriza\u00e7\u00e3o a\u00e9rea, como \u00e9 o caso do munic\u00edpio de Vila Val\u00e9rio, no Esp\u00edrito Santo\u201d, declara Cl\u00e9ber Folgado, integrante da Secretaria Nacional da Campanha.<\/p>\n<p>A declara\u00e7\u00e3o de Cl\u00e9ber reafirma as a\u00e7\u00f5es que j\u00e1 est\u00e3o sendo trabalhadas pelos comit\u00eas: proibi\u00e7\u00e3o da pulveriza\u00e7\u00e3o a\u00e9rea, banimento dos agrot\u00f3xicos (j\u00e1 banidos no exterior) e fim das isen\u00e7\u00f5es fiscais para os produtos agrot\u00f3xicos. E completa: &#8220;creio que a principal conquista da campanha tenha sido o debate com a sociedade, pois conseguimos pautar a problem\u00e1tica dos agrot\u00f3xicos, mostrando que existem alternativas\u201d.<\/p>\n<p>Em 2010, a Ag\u00eancia Nacional de Vigil\u00e2ncia Sanit\u00e1ria (ANVISA) realizou um estudo para analisar o grau de contamina\u00e7\u00e3o por agrot\u00f3xico dos alimentos produzidos no Brasil. Foram encontradas duas principais ilegalidades:&nbsp;<\/p>\n<p>1) uso de agrot\u00f3xicos proibidos e&nbsp;<br \/>\n2) quantidade de agrot\u00f3xicos acima da permitida por lei.<\/p>\n<table border=\"0\" cellpadding=\"0\" cellspacing=\"0\" class=\"MsoNormalTable\" style=\"border-collapse: collapse; margin-left: 14.15pt; mso-padding-alt: 0cm 5.4pt 0cm 5.4pt; mso-table-layout-alt: fixed;\">\n<tbody>\n<tr>\n<td colspan=\"2\" style=\"border: solid black 1.0pt; mso-border-alt: solid black .5pt; padding: 0cm 5.4pt 0cm 5.4pt; width: 405.5pt;\" valign=\"top\" width=\"541\">\n<div class=\"MsoNormal\" style=\"layout-grid-mode: char; text-align: justify;\">\n<b>Campe\u00f5es do<br \/>\n  agrot\u00f3xico<\/b>*<\/div>\n<\/td>\n<\/tr>\n<tr style=\"height: 17.0pt; mso-yfti-irow: 1;\">\n<td style=\"border-bottom: solid black 1.0pt; border-left: solid black 1.0pt; border-right: none; border-top: none; height: 17.0pt; mso-border-bottom-alt: solid black .5pt; mso-border-left-alt: solid black .5pt; mso-border-top-alt: solid black .5pt; mso-border-top-alt: solid black .5pt; padding: 0cm 5.4pt 0cm 5.4pt; width: 198.0pt;\" valign=\"top\" width=\"264\">\n<div class=\"MsoNormal\" style=\"layout-grid-mode: char; text-align: justify;\">\nProdutos mais irregulares do Brasil (em %)<\/div>\n<\/td>\n<td style=\"border-top: none; border: solid black 1.0pt; height: 17.0pt; mso-border-alt: solid black .5pt; mso-border-top-alt: solid black .5pt; padding: 0cm 5.4pt 0cm 5.4pt; width: 207.5pt;\" valign=\"top\" width=\"277\">\n<div class=\"MsoNormal\" style=\"layout-grid-mode: char; text-align: justify;\">\nProdutos mais irregulares de MG (em %)<\/div>\n<\/td>\n<\/tr>\n<tr>\n<td style=\"border-bottom: solid black 1.0pt; border-left: solid black 1.0pt; border-right: none; border-top: none; mso-border-bottom-alt: solid black .5pt; mso-border-left-alt: solid black .5pt; mso-border-top-alt: solid black .5pt; mso-border-top-alt: solid black .5pt; padding: 0cm 5.4pt 0cm 5.4pt; width: 198.0pt;\" valign=\"top\" width=\"264\">\n<div class=\"MsoNormal\" style=\"layout-grid-mode: char; text-align: justify;\">\nPiment\u00e3o 90%<\/div>\n<\/td>\n<td style=\"border-top: none; border: solid black 1.0pt; mso-border-alt: solid black .5pt; mso-border-top-alt: solid black .5pt; padding: 0cm 5.4pt 0cm 5.4pt; width: 207.5pt;\" valign=\"top\" width=\"277\">\n<div class=\"MsoNormal\" style=\"layout-grid-mode: char; text-align: justify;\">\nPiment\u00e3o 100%<\/div>\n<\/td>\n<\/tr>\n<tr style=\"height: 4.0pt; mso-yfti-irow: 3;\">\n<td style=\"border-bottom: solid black 1.0pt; border-left: solid black 1.0pt; border-right: none; border-top: none; height: 4.0pt; mso-border-bottom-alt: solid black .5pt; mso-border-left-alt: solid black .5pt; mso-border-top-alt: solid black .5pt; mso-border-top-alt: solid black .5pt; padding: 0cm 5.4pt 0cm 5.4pt; width: 198.0pt;\" valign=\"top\" width=\"264\">\n<div class=\"MsoNormal\" style=\"layout-grid-mode: char; text-align: justify;\">\nMorango 63%<\/div>\n<\/td>\n<td style=\"border-top: none; border: solid black 1.0pt; height: 4.0pt; mso-border-alt: solid black .5pt; mso-border-top-alt: solid black .5pt; padding: 0cm 5.4pt 0cm 5.4pt; width: 207.5pt;\" valign=\"top\" width=\"277\">\n<div class=\"MsoNormal\" style=\"layout-grid-mode: char; text-align: justify;\">\nPepino 83%<\/div>\n<\/td>\n<\/tr>\n<tr>\n<td style=\"border-bottom: solid black 1.0pt; border-left: solid black 1.0pt; border-right: none; border-top: none; mso-border-bottom-alt: solid black .5pt; mso-border-left-alt: solid black .5pt; mso-border-top-alt: solid black .5pt; mso-border-top-alt: solid black .5pt; padding: 0cm 5.4pt 0cm 5.4pt; width: 198.0pt;\" valign=\"top\" width=\"264\">\n<div class=\"MsoNormal\" style=\"layout-grid-mode: char; text-align: justify;\">\nPepino 58%<\/div>\n<\/td>\n<td style=\"border-top: none; border: solid black 1.0pt; mso-border-alt: solid black .5pt; mso-border-top-alt: solid black .5pt; padding: 0cm 5.4pt 0cm 5.4pt; width: 207.5pt;\" valign=\"top\" width=\"277\">\n<div class=\"MsoNormal\" style=\"layout-grid-mode: char; text-align: justify;\">\nLaranja e Cenoura 66%<\/div>\n<\/td>\n<\/tr>\n<tr>\n<td style=\"border-bottom: solid black 1.0pt; border-left: solid black 1.0pt; border-right: none; border-top: none; mso-border-bottom-alt: solid black .5pt; mso-border-left-alt: solid black .5pt; mso-border-top-alt: solid black .5pt; mso-border-top-alt: solid black .5pt; padding: 0cm 5.4pt 0cm 5.4pt; width: 198.0pt;\" valign=\"top\" width=\"264\">\n<div class=\"MsoNormal\" style=\"layout-grid-mode: char; text-align: justify;\">\nAlface 55%<\/div>\n<\/td>\n<td style=\"border-top: none; border: solid black 1.0pt; mso-border-alt: solid black .5pt; mso-border-top-alt: solid black .5pt; padding: 0cm 5.4pt 0cm 5.4pt; width: 207.5pt;\" valign=\"top\" width=\"277\">\n<div class=\"MsoNormal\" style=\"layout-grid-mode: char; text-align: justify;\">\nMorango 60%<\/div>\n<\/td>\n<\/tr>\n<tr>\n<td style=\"border-bottom: solid black 1.0pt; border-left: solid black 1.0pt; border-right: none; border-top: none; mso-border-bottom-alt: solid black .5pt; mso-border-left-alt: solid black .5pt; mso-border-top-alt: solid black .5pt; mso-border-top-alt: solid black .5pt; padding: 0cm 5.4pt 0cm 5.4pt; width: 198.0pt;\" valign=\"top\" width=\"264\">\n<div class=\"MsoNormal\" style=\"layout-grid-mode: char; text-align: justify;\">\nCenoura 50%<\/div>\n<\/td>\n<td style=\"border-top: none; border: solid black 1.0pt; mso-border-alt: solid black .5pt; mso-border-top-alt: solid black .5pt; padding: 0cm 5.4pt 0cm 5.4pt; width: 207.5pt;\" valign=\"top\" width=\"277\">\n<div class=\"MsoNormal\" style=\"layout-grid-mode: char; text-align: justify;\">\nAbacaxi, Alface e Mam\u00e3o 50%<\/div>\n<\/td>\n<\/tr>\n<\/tbody>\n<\/table>\n<p><\/p>\n<div>\n*Fonte: Programa de An\u00e1lise de Res\u00edduos de Agrot\u00f3xicos em Alimentos (PARA) \u2013 Relat\u00f3rio de atividades de 2010, da Ag\u00eancia Nacional de Vigil\u00e2ncia Sanit\u00e1ria (ANVISA).<\/div>\n<div>\n<\/div>\n<p>Al\u00e9m disso, a Campanha d\u00e1 dicas ao consumidor sobre como evitar produtos com agrot\u00f3xicos:<br \/>\n1) Saiba de onde vem o seu alimento. Procurar produtos identificados aumenta o comprometimento dos produtores em rela\u00e7\u00e3o \u00e0 qualidade.<br \/>\n2) Escolha alimentos da \u00e9poca ou produzidos pelo m\u00e9todo de produ\u00e7\u00e3o integrada. Esses alimentos recebem uma quantidade menor de agrot\u00f3xico.<br \/>\n3) Prefira sempre alimentos org\u00e2nicos. Esse tipo de produ\u00e7\u00e3o n\u00e3o utiliza agrot\u00f3xicos.<br \/>\n4) Lave e retire cascas e folhas externas de verduras. Isso ajuda na redu\u00e7\u00e3o dos res\u00edduos de agrot\u00f3xicos presentes nas superf\u00edcies dos alimentos.<\/p>\n<p>\nVAN\/Rafaela Dotta e Samuel Rabay<br \/>\nFoto: Lis Maldos<\/p>\n<div>\n<\/div>\n","protected":false},"excerpt":{"rendered":"<p>Em 2011, cerca de 60 organiza\u00e7\u00f5es sociais se uniram para dar visibilidade aos malef\u00edcios do uso de agrot\u00f3xicos no Brasil, fundando a Campanha Permanente Contra os Agrot\u00f3xicos. A campanha tem<\/p>\n","protected":false},"author":2,"featured_media":0,"comment_status":"open","ping_status":"open","sticky":false,"template":"","format":"standard","meta":{"_monsterinsights_skip_tracking":false,"_monsterinsights_sitenote_active":false,"_monsterinsights_sitenote_note":"","_monsterinsights_sitenote_category":0,"_themeisle_gutenberg_block_has_review":false,"cybocfi_hide_featured_image":"","footnotes":""},"categories":[1],"tags":[156],"class_list":["post-547","post","type-post","status-publish","format-standard","hentry","category-sem-categoria","tag-meio-ambiente"],"_links":{"self":[{"href":"http:\/\/jornalismo.ufsj.edu.br\/van\/wp-json\/wp\/v2\/posts\/547","targetHints":{"allow":["GET"]}}],"collection":[{"href":"http:\/\/jornalismo.ufsj.edu.br\/van\/wp-json\/wp\/v2\/posts"}],"about":[{"href":"http:\/\/jornalismo.ufsj.edu.br\/van\/wp-json\/wp\/v2\/types\/post"}],"author":[{"embeddable":true,"href":"http:\/\/jornalismo.ufsj.edu.br\/van\/wp-json\/wp\/v2\/users\/2"}],"replies":[{"embeddable":true,"href":"http:\/\/jornalismo.ufsj.edu.br\/van\/wp-json\/wp\/v2\/comments?post=547"}],"version-history":[{"count":0,"href":"http:\/\/jornalismo.ufsj.edu.br\/van\/wp-json\/wp\/v2\/posts\/547\/revisions"}],"wp:attachment":[{"href":"http:\/\/jornalismo.ufsj.edu.br\/van\/wp-json\/wp\/v2\/media?parent=547"}],"wp:term":[{"taxonomy":"category","embeddable":true,"href":"http:\/\/jornalismo.ufsj.edu.br\/van\/wp-json\/wp\/v2\/categories?post=547"},{"taxonomy":"post_tag","embeddable":true,"href":"http:\/\/jornalismo.ufsj.edu.br\/van\/wp-json\/wp\/v2\/tags?post=547"}],"curies":[{"name":"wp","href":"https:\/\/api.w.org\/{rel}","templated":true}]}}