{"id":5427,"date":"2016-09-30T16:47:23","date_gmt":"2016-09-30T19:47:23","guid":{"rendered":"http:\/\/jornalismo.ufsj.edu.br\/van\/?p=5427"},"modified":"2016-09-30T16:47:23","modified_gmt":"2016-09-30T19:47:23","slug":"santa-cruz-de-minas-em-livro","status":"publish","type":"post","link":"http:\/\/jornalismo.ufsj.edu.br\/van\/santa-cruz-de-minas-em-livro\/","title":{"rendered":"Santa Cruz de Minas em Livro"},"content":{"rendered":"<p style=\"text-align: center;\"><i>Livro foi idealizado a partir do Projeto de Educa\u00e7\u00e3o Patrimonial, desenvolvido pela Escola Estadual Am\u00e9lia Passos<\/i><\/p>\n<figure id=\"attachment_5429\" aria-describedby=\"caption-attachment-5429\" style=\"width: 960px\" class=\"wp-caption aligncenter\"><img loading=\"lazy\" decoding=\"async\" class=\"size-full wp-image-5429\" src=\"http:\/\/jornalismo.ufsj.edu.br\/van\/wp-content\/uploads\/2016\/09\/O-evento-contou-com-a-presen\u00e7a-da-Corpora\u00e7\u00e3o-Musical-S\u00e3o-Sebasti\u00e3o.-FOTO_-Luiz-antonio-Cruz.jpg\" alt=\"O evento contou com a presen\u00e7a da Corpora\u00e7\u00e3o Musical S\u00e3o Sebasti\u00e3o. FOTO: Luiz Antonio Cruz \" width=\"960\" height=\"720\" srcset=\"http:\/\/jornalismo.ufsj.edu.br\/van\/wp-content\/uploads\/2016\/09\/O-evento-contou-com-a-presen\u00e7a-da-Corpora\u00e7\u00e3o-Musical-S\u00e3o-Sebasti\u00e3o.-FOTO_-Luiz-antonio-Cruz.jpg 960w, http:\/\/jornalismo.ufsj.edu.br\/van\/wp-content\/uploads\/2016\/09\/O-evento-contou-com-a-presen\u00e7a-da-Corpora\u00e7\u00e3o-Musical-S\u00e3o-Sebasti\u00e3o.-FOTO_-Luiz-antonio-Cruz-300x225.jpg 300w, http:\/\/jornalismo.ufsj.edu.br\/van\/wp-content\/uploads\/2016\/09\/O-evento-contou-com-a-presen\u00e7a-da-Corpora\u00e7\u00e3o-Musical-S\u00e3o-Sebasti\u00e3o.-FOTO_-Luiz-antonio-Cruz-768x576.jpg 768w\" sizes=\"auto, (max-width: 960px) 100vw, 960px\" \/><figcaption id=\"caption-attachment-5429\" class=\"wp-caption-text\">O evento contou com a presen\u00e7a da Corpora\u00e7\u00e3o Musical S\u00e3o Sebasti\u00e3o. FOTO: Luiz Antonio Cruz<\/figcaption><\/figure>\n<p>Na \u00faltima sexta feira (23), ocorreu o primeiro lan\u00e7amento do livro Serra de S\u00e3o Jos\u00e9. O evento ocorreu na Escola Estadual Am\u00e9lia Passos, em Santa Cruz de Minas. A comunidade local e alunos da escola estiveram presentes na cerim\u00f4nia, al\u00e9m da participa\u00e7\u00e3o da Corpora\u00e7\u00e3o Musical S\u00e3o Sebasti\u00e3o e do Congado de S\u00e3o Miguel. O pr\u00f3ximo lan\u00e7amento ser\u00e1 dia 30, no SESI Tiradentes \u2013 Centro Cultural Yves Alves, \u00e0s 17h.<\/p>\n<p>Luiz \u00a0Antonio Cruz, professor, pesquisador e autor do Livro, ressalta que a tem\u00e1tica da Serra de S\u00e3o Jos\u00e9 \u00e9 de grande interesse, inclusive para os turistas brasileiros e estrangeiros, p\u00fablico bem comum na cidade onde ocorrer\u00e1 o segundo lan\u00e7amento, e aguarda o mesmo sucesso alcan\u00e7ado em Santa Cruz de Minas.<\/p>\n<p>Para a realiza\u00e7\u00e3o da obra, foram utilizados recursos da Secretaria de Estado de Educa\u00e7\u00e3o. De acordo com Luiz, a ideia do livro surgiu com o Projeto de Educa\u00e7\u00e3o Patrimonial, desenvolvido pela Escola Estadual Am\u00e9lia Passos, entre 2015 e 2016. Ele explica que foram realizadas diversas atividades envolvendo os alunos e equipe da escola.<\/p>\n<p>Primeiro foi promovida uma Gincana Patrimonial em que os alunos pesquisaram sobre os aspectos do patrim\u00f4nio material e imaterial de Santa Cruz de Minas. Depois, foi realizada uma assembleia para escolher um bem patrimonial em que a Serra de S\u00e3o Jos\u00e9 foi eleita como o principal. A partir da\u00ed, os trabalhos foram desenvolvidos com \u00eanfase \u00e0 serra. As atividades pedag\u00f3gicas foram registradas para a mem\u00f3ria do projeto e tamb\u00e9m para compor o livro.<\/p>\n<p>O estudante Vitor de Matos Silva \u00e9 aluno da Escola Estadual Am\u00e9lia Passos e chama a aten\u00e7\u00e3o para a organiza\u00e7\u00e3o e colabora\u00e7\u00e3o dos alunos e professores para realiza\u00e7\u00e3o do projeto. Entre as atividades promovidas, ele diz \u00a0que suas preferidas foram as caminhadas pela serra de S\u00e3o Jos\u00e9 \u00a0e a gincana. J\u00e1 no dia do lan\u00e7amento, ele destaca a apresenta\u00e7\u00e3o da equipe vencedora da gincana, a equipe laranja, representando dan\u00e7as de origem ind\u00edgena.<\/p>\n<p><b>O livro<\/b><\/p>\n<p>O livro Serra de S\u00e3o Jos\u00e9 apresenta aos leitores figuras, locais, cren\u00e7as e patrim\u00f4nios de Santa Cruz de Minas e sobre as belezas e preciosidades da Serra. Aborda sobre o surgimento da cidade, pessoas que se destacaram na hist\u00f3ria do local e tamb\u00e9m sobre aquelas que contribu\u00edram e continuam contribuindo para a hist\u00f3ria e identidade da cidade, locais que se destacam pela hist\u00f3ria, beleza ou import\u00e2ncia. Fala do artesanato, da religi\u00e3o, das lendas, da Estrada Real, do congado e da Corpora\u00e7\u00e3o Musical S\u00e3o Sebasti\u00e3o e diversos outros elementos ligados ao munic\u00edpio e \u00e0 Serra.<\/p>\n<figure id=\"attachment_5430\" aria-describedby=\"caption-attachment-5430\" style=\"width: 2240px\" class=\"wp-caption aligncenter\"><img loading=\"lazy\" decoding=\"async\" class=\"size-full wp-image-5430\" src=\"http:\/\/jornalismo.ufsj.edu.br\/van\/wp-content\/uploads\/2016\/09\/As-plantas-medicinais-s\u00e3o-preparadas-por-Orlando-Vicentini-antes-de-serem-comercializadas.-FOTO_-Sca.jpg\" alt=\"As plantas medicinais s\u00e3o preparadas por Orlando Vicentini antes de serem comercializadas. FOTO\/VAN: Scarlet Freitas\" width=\"2240\" height=\"1344\" srcset=\"http:\/\/jornalismo.ufsj.edu.br\/van\/wp-content\/uploads\/2016\/09\/As-plantas-medicinais-s\u00e3o-preparadas-por-Orlando-Vicentini-antes-de-serem-comercializadas.-FOTO_-Sca.jpg 2240w, http:\/\/jornalismo.ufsj.edu.br\/van\/wp-content\/uploads\/2016\/09\/As-plantas-medicinais-s\u00e3o-preparadas-por-Orlando-Vicentini-antes-de-serem-comercializadas.-FOTO_-Sca-300x180.jpg 300w, http:\/\/jornalismo.ufsj.edu.br\/van\/wp-content\/uploads\/2016\/09\/As-plantas-medicinais-s\u00e3o-preparadas-por-Orlando-Vicentini-antes-de-serem-comercializadas.-FOTO_-Sca-768x461.jpg 768w, http:\/\/jornalismo.ufsj.edu.br\/van\/wp-content\/uploads\/2016\/09\/As-plantas-medicinais-s\u00e3o-preparadas-por-Orlando-Vicentini-antes-de-serem-comercializadas.-FOTO_-Sca-1024x614.jpg 1024w\" sizes=\"auto, (max-width: 2240px) 100vw, 2240px\" \/><figcaption id=\"caption-attachment-5430\" class=\"wp-caption-text\">As plantas medicinais s\u00e3o preparadas por Orlando Vicentini antes de serem comercializadas. FOTO\/VAN: Scarlet Freitas<\/figcaption><\/figure>\n<p>O oper\u00e1rio Orlando Vicentini \u00e9 famoso na regi\u00e3o por possuir conhecimento e comercializar plantas medicinais. Al\u00e9m de conquistar um espa\u00e7o no livro, auxiliou nas caminhadas que os alunos realizaram pela serra de S\u00e3o Jos\u00e9. Ele esteve presente no lan\u00e7amento, na Escola Estadual Am\u00e9lia Passos, e, al\u00e9m de elogiar a organiza\u00e7\u00e3o do evento, ressalta o orgulho em participar do livro e ser considerado uma figura importante na constru\u00e7\u00e3o da identidade do munic\u00edpio.<\/p>\n<p>Vicentini atua nessa \u00e1rea, h\u00e1 35 anos, e foi influenciado pelo irm\u00e3o mais velho que trabalhava como raizeiro. Aos poucos foi se interessando pela profiss\u00e3o e adquiriu alguns livros sobre o assunto. Com isso, somou com os conhecimentos que foi conquistando enquanto acompanhava o irm\u00e3o e se aprimorando. A partir da\u00ed, Vicentini come\u00e7ou a preparar plantas e garrafadas medicinais, nas horas de folga, e, em meio \u00e0 grande demanda, teve a ideia de abrir uma banca para seu filho, que se encontra at\u00e9 hoje no Mercado Municipal.<\/p>\n<p>A obra pode ser considerada uma grande riqueza para os moradores de Santa Cruz de Minas e uma fonte de informa\u00e7\u00e3o para aqueles que possuem interesse na hist\u00f3ria e nos patrim\u00f4nios da cidade.<\/p>\n<p>&nbsp;<\/p>\n<p><b>TEXTO\/VAN: <\/b>Scarlet Freitas<\/p>\n","protected":false},"excerpt":{"rendered":"<p>Ap\u00f3s o lan\u00e7amento em Santa Cruz de Minas, o livro sobre a Serra de S\u00e3o Jos\u00e9 ser\u00e1 lan\u00e7ado hoje em Tiradentes. Confira:<\/p>\n","protected":false},"author":2,"featured_media":5429,"comment_status":"open","ping_status":"open","sticky":false,"template":"","format":"standard","meta":{"_monsterinsights_skip_tracking":false,"_monsterinsights_sitenote_active":false,"_monsterinsights_sitenote_note":"","_monsterinsights_sitenote_category":0,"_themeisle_gutenberg_block_has_review":false,"cybocfi_hide_featured_image":"","footnotes":""},"categories":[17,13,44,12,109,19],"tags":[152,576,461,156,575],"class_list":["post-5427","post","type-post","status-publish","format-standard","has-post-thumbnail","hentry","category-cidade","category-cultura","category-prados","category-santa-cruz-de-minas","category-sao-joao-del-rei-microrregiao-de-sao-joao-del-rei","category-tiradentes","tag-cultura","tag-identificacao-regional","tag-lancamento-de-livro","tag-meio-ambiente","tag-serra-de-sao-jose"],"_links":{"self":[{"href":"http:\/\/jornalismo.ufsj.edu.br\/van\/wp-json\/wp\/v2\/posts\/5427","targetHints":{"allow":["GET"]}}],"collection":[{"href":"http:\/\/jornalismo.ufsj.edu.br\/van\/wp-json\/wp\/v2\/posts"}],"about":[{"href":"http:\/\/jornalismo.ufsj.edu.br\/van\/wp-json\/wp\/v2\/types\/post"}],"author":[{"embeddable":true,"href":"http:\/\/jornalismo.ufsj.edu.br\/van\/wp-json\/wp\/v2\/users\/2"}],"replies":[{"embeddable":true,"href":"http:\/\/jornalismo.ufsj.edu.br\/van\/wp-json\/wp\/v2\/comments?post=5427"}],"version-history":[{"count":2,"href":"http:\/\/jornalismo.ufsj.edu.br\/van\/wp-json\/wp\/v2\/posts\/5427\/revisions"}],"predecessor-version":[{"id":5432,"href":"http:\/\/jornalismo.ufsj.edu.br\/van\/wp-json\/wp\/v2\/posts\/5427\/revisions\/5432"}],"wp:featuredmedia":[{"embeddable":true,"href":"http:\/\/jornalismo.ufsj.edu.br\/van\/wp-json\/wp\/v2\/media\/5429"}],"wp:attachment":[{"href":"http:\/\/jornalismo.ufsj.edu.br\/van\/wp-json\/wp\/v2\/media?parent=5427"}],"wp:term":[{"taxonomy":"category","embeddable":true,"href":"http:\/\/jornalismo.ufsj.edu.br\/van\/wp-json\/wp\/v2\/categories?post=5427"},{"taxonomy":"post_tag","embeddable":true,"href":"http:\/\/jornalismo.ufsj.edu.br\/van\/wp-json\/wp\/v2\/tags?post=5427"}],"curies":[{"name":"wp","href":"https:\/\/api.w.org\/{rel}","templated":true}]}}